{"id":21587,"date":"2023-09-17T10:58:26","date_gmt":"2023-09-17T07:58:26","guid":{"rendered":"https:\/\/www.fener.org\/?p=21587"},"modified":"2023-09-17T10:58:33","modified_gmt":"2023-09-17T07:58:33","slug":"masa-tenisi-subemizin-sporcularindan-basarili-sonuclar","status":"publish","type":"post","link":"https:\/\/www.fener.org\/index.php\/2023\/09\/17\/masa-tenisi-subemizin-sporcularindan-basarili-sonuclar\/","title":{"rendered":"Masa Tenisi \u015eubemizin sporcular\u0131ndan ba\u015far\u0131l\u0131 sonu\u00e7lar"},"content":{"rendered":"\n<p>Fenerbah\u00e7e Masa Tenisi \u015eubemizin ba\u015far\u0131l\u0131 sporcular\u0131, 14-16 Eyl\u00fcl tarihleri aras\u0131nda Kocaeli\/Derince\u2019de d\u00fczenlenen Minik Alt\u0131- Minik ve K\u00fc\u00e7\u00fckler En \u0130yiler Ferdi Se\u00e7me T\u00fcrkiye \u015eampiyonas\u0131\u2019n\u0131 zirvede tamamlad\u0131.<\/p>\n\n\n\n<p>Derince Spor Salonu\u2019nda oynanan m\u00fcsabakalar sonunda sporcular\u0131m\u0131zdan Zeynep Duran Minik K\u0131zlar, Eymen Ba\u015far ise Minik Erkekler kategorilerinde T\u00fcrkiye \u015eampiyonu oldu. K\u00fc\u00e7\u00fck K\u0131zlarda Armin Ayd\u0131n 5., K\u00fc\u00e7\u00fck Erkeklerde Ahmet Berk T\u00fckenmez 8., Aras Ayd\u0131n 10.\u2019luk elde etti. Minik Alt\u0131 K\u0131zlar kategorisinde de Eyl\u00fcl Yal\u00e7\u0131nkaya be\u015finci s\u0131raya yerle\u015fti.<\/p>\n","protected":false},"excerpt":{"rendered":"<p>Fenerbah\u00e7e Masa Tenisi \u015eubemizin ba\u015far\u0131l\u0131 sporcular\u0131, 14-16 Eyl\u00fcl tarihleri aras\u0131nda Kocaeli\/Derince\u2019de d\u00fczenlenen Minik Alt\u0131- Minik ve K\u00fc\u00e7\u00fckler En \u0130yiler Ferdi Se\u00e7me T\u00fcrkiye \u015eampiyonas\u0131\u2019n\u0131 zirvede tamamlad\u0131. Derince Spor Salonu\u2019nda oynanan m\u00fcsabakalar sonunda sporcular\u0131m\u0131zdan Zeynep Duran Minik K\u0131zlar, Eymen Ba\u015far ise Minik Erkekler kategorilerinde T\u00fcrkiye \u015eampiyonu oldu. K\u00fc\u00e7\u00fck K\u0131zlarda Armin Ayd\u0131n 5., K\u00fc\u00e7\u00fck Erkeklerde Ahmet Berk T\u00fckenmez [&hellip;]<\/p>\n","protected":false},"author":1,"featured_media":21588,"comment_status":"closed","ping_status":"closed","sticky":false,"template":"","format":"standard","meta":{"jnews-multi-image_gallery":[],"jnews_single_post":{"subtitle":"","format":"standard","video":"","gallery":"","source_name":"","source_url":"","via_name":"","via_url":"","override_template":"0","override":[{"template":"1","single_blog_custom":"","parallax":"1","fullscreen":"1","layout":"right-sidebar","sidebar":"mysidebar","second_sidebar":"default-sidebar","sticky_sidebar":"1","share_position":"float","share_float_style":"share-normal","show_share_counter":"1","show_view_counter":"1","show_featured":"1","show_post_meta":"1","show_post_author":"0","show_post_author_image":"1","show_post_date":"1","post_date_format":"default","post_date_format_custom":"Y\/m\/d","show_post_category":"0","show_post_reading_time":"0","post_reading_time_wpm":"300","show_zoom_button":"0","zoom_button_out_step":"2","zoom_button_in_step":"3","show_post_tag":"0","show_prev_next_post":"1","show_popup_post":"0","number_popup_post":"3","show_author_box":"0","show_post_related":"0","show_inline_post_related":"0"}],"override_image_size":"0","image_override":[{"single_post_thumbnail_size":"crop-500","single_post_gallery_size":"crop-500"}],"trending_post":"0","trending_post_position":"meta","trending_post_label":"Trending","sponsored_post":"0","sponsored_post_label":"Sponsored by","sponsored_post_name":"","sponsored_post_url":"","sponsored_post_logo_enable":"0","sponsored_post_logo":"","sponsored_post_desc":"","disable_ad":"0"},"jnews_primary_category":{"id":"16","hide":""},"jnews_social_meta":{"fb_title":"","fb_description":"","fb_image":"","twitter_title":"","twitter_description":"","twitter_image":""},"jnews_override_counter":{"override_view_counter":"0","view_counter_number":"0","override_share_counter":"0","share_counter_number":"0","override_like_counter":"0","like_counter_number":"0","override_dislike_counter":"0","dislike_counter_number":"0"},"footnotes":""},"categories":[2,16],"tags":[23,64],"class_list":["post-21587","post","type-post","status-publish","format-standard","has-post-thumbnail","hentry","category-haberler","category-masa-tenisi","tag-fenerbahce","tag-masatenisi"],"amp_enabled":true,"_links":{"self":[{"href":"https:\/\/www.fener.org\/index.php\/wp-json\/wp\/v2\/posts\/21587","targetHints":{"allow":["GET"]}}],"collection":[{"href":"https:\/\/www.fener.org\/index.php\/wp-json\/wp\/v2\/posts"}],"about":[{"href":"https:\/\/www.fener.org\/index.php\/wp-json\/wp\/v2\/types\/post"}],"author":[{"embeddable":true,"href":"https:\/\/www.fener.org\/index.php\/wp-json\/wp\/v2\/users\/1"}],"replies":[{"embeddable":true,"href":"https:\/\/www.fener.org\/index.php\/wp-json\/wp\/v2\/comments?post=21587"}],"version-history":[{"count":1,"href":"https:\/\/www.fener.org\/index.php\/wp-json\/wp\/v2\/posts\/21587\/revisions"}],"predecessor-version":[{"id":21589,"href":"https:\/\/www.fener.org\/index.php\/wp-json\/wp\/v2\/posts\/21587\/revisions\/21589"}],"wp:featuredmedia":[{"embeddable":true,"href":"https:\/\/www.fener.org\/index.php\/wp-json\/wp\/v2\/media\/21588"}],"wp:attachment":[{"href":"https:\/\/www.fener.org\/index.php\/wp-json\/wp\/v2\/media?parent=21587"}],"wp:term":[{"taxonomy":"category","embeddable":true,"href":"https:\/\/www.fener.org\/index.php\/wp-json\/wp\/v2\/categories?post=21587"},{"taxonomy":"post_tag","embeddable":true,"href":"https:\/\/www.fener.org\/index.php\/wp-json\/wp\/v2\/tags?post=21587"}],"curies":[{"name":"wp","href":"https:\/\/api.w.org\/{rel}","templated":true}]}}