{"id":21511,"date":"2023-09-04T07:00:11","date_gmt":"2023-09-04T04:00:11","guid":{"rendered":"https:\/\/www.fener.org\/?p=21511"},"modified":"2023-09-04T07:00:17","modified_gmt":"2023-09-04T04:00:17","slug":"ismail-kartal-maci-daha-erken-koparabilirdik","status":"publish","type":"post","link":"https:\/\/www.fener.org\/index.php\/2023\/09\/04\/ismail-kartal-maci-daha-erken-koparabilirdik\/","title":{"rendered":"\u0130smail Kartal: Ma\u00e7\u0131 daha erken koparabilirdik"},"content":{"rendered":"\n<p>Teknik Direkt\u00f6r\u00fcm\u00fcz \u0130smail Kartal, Tak\u0131m\u0131m\u0131z\u0131n S\u00fcper Lig&#8217;in 4. haftas\u0131nda deplasmanda Ankarag\u00fcc\u00fc&#8217;n\u00fc 1-0 ma\u011flup etti\u011fi kar\u015f\u0131la\u015fman\u0131n ard\u0131ndan yapt\u0131\u011f\u0131 a\u00e7\u0131klamada \u015funlar\u0131 s\u00f6yledi:<\/p>\n\n\n\n<blockquote class=\"wp-block-quote is-layout-flow wp-block-quote-is-layout-flow\">\n<p>\u201cHaz\u0131rlanmak i\u00e7in \u00e7ok fazla f\u0131rsat\u0131m\u0131z olmad\u0131. Bu ak\u015fam itibar\u0131yla yo\u011fun bir fikst\u00fcrden \u00e7\u0131kt\u0131k. Milli ma\u00e7 aras\u0131ndan sonra tekrar yo\u011fun bir fikst\u00fcre girece\u011fiz. Ama kadro derinli\u011fimiz var. \u015eu anda bunu dengeli bir \u015fekilde g\u00f6t\u00fcrmeye \u00e7al\u0131\u015f\u0131yoruz. Bug\u00fcn ma\u00e7\u0131 daha erken koparabilirdik, girdi\u011fimiz net pozisyonlar vard\u0131. Bunlar\u0131 de\u011ferlendiremedik ama sonunda kazanmas\u0131n\u0131 bildik, 3 puan\u0131 ald\u0131k. Oyuncular\u0131m\u0131 tebrik ediyorum.<\/p>\n\n\n\n<p>Bu arada Avrupa \u015eampiyonu olan Kad\u0131n Voleybol Milli Tak\u0131m\u0131m\u0131z\u0131 da tebrik ediyorum; \u00fclkemize, vatan\u0131m\u0131za hay\u0131rl\u0131 olsun.<\/p>\n\n\n\n<p>Say\u0131n Ba\u015fkan\u0131m\u0131z ve Y\u00f6neticilerimiz bu konuyla (transfer) ilgili \u00e7al\u0131\u015fmalar\u0131 s\u00fcrd\u00fcr\u00fcyorlar. Tabii benim de Ba\u015fkan\u0131m\u0131zla, Y\u00f6neticilerimizle diyaloglar\u0131m var. Bakal\u0131m. \u0130n\u015fallah iyi bir \u015fekilde olabiliyorsa olacak. Tabii \u015fartlar \u00f6nemli. Bu s\u00fcreci Ba\u015fkan\u0131m\u0131z ve Y\u00f6neticilerimiz s\u00fcrd\u00fcr\u00fcyor. G\u00f6rece\u011fiz.<\/p>\n\n\n\n<p>Tam daha oturtamad\u0131k \u00e7\u00fcnk\u00fc yo\u011fun bir fikst\u00fcr\u00fcm\u00fcz var, sakatlar\u0131m\u0131z var. Bununla beraber oyuncular\u0131m\u0131z\u0131 m\u00fcmk\u00fcn oldu\u011funca 3-4 g\u00fcnde bir yap\u0131lan ma\u00e7lara motive etmeye \u00e7al\u0131\u015f\u0131yoruz. Bunlar kolay de\u011fil. Oyuncular\u0131m\u0131 bu konudaki iyi niyetlerinden dolay\u0131 tebrik ediyorum. Bu ald\u0131\u011f\u0131m\u0131z 3 puan\u0131 b\u00fcy\u00fck Fenerbah\u00e7e camias\u0131na, taraftarlar\u0131m\u0131za arma\u011fan ediyoruz. Bu milli aray\u0131 en iyi \u015fekilde de\u011ferlendirip \u00e7ok daha iyi olaca\u011f\u0131m\u0131z\u0131 d\u00fc\u015f\u00fcn\u00fcyorum.\u201d<\/p>\n<\/blockquote>\n","protected":false},"excerpt":{"rendered":"<p>Teknik Direkt\u00f6r\u00fcm\u00fcz \u0130smail Kartal, Tak\u0131m\u0131m\u0131z\u0131n S\u00fcper Lig&#8217;in 4. haftas\u0131nda deplasmanda Ankarag\u00fcc\u00fc&#8217;n\u00fc 1-0 ma\u011flup etti\u011fi kar\u015f\u0131la\u015fman\u0131n ard\u0131ndan yapt\u0131\u011f\u0131 a\u00e7\u0131klamada \u015funlar\u0131 s\u00f6yledi: \u201cHaz\u0131rlanmak i\u00e7in \u00e7ok fazla f\u0131rsat\u0131m\u0131z olmad\u0131. Bu ak\u015fam itibar\u0131yla yo\u011fun bir fikst\u00fcrden \u00e7\u0131kt\u0131k. Milli ma\u00e7 aras\u0131ndan sonra tekrar yo\u011fun bir fikst\u00fcre girece\u011fiz. Ama kadro derinli\u011fimiz var. \u015eu anda bunu dengeli bir \u015fekilde g\u00f6t\u00fcrmeye \u00e7al\u0131\u015f\u0131yoruz. Bug\u00fcn [&hellip;]<\/p>\n","protected":false},"author":1,"featured_media":21512,"comment_status":"closed","ping_status":"closed","sticky":false,"template":"","format":"standard","meta":{"jnews-multi-image_gallery":[],"jnews_single_post":{"subtitle":"Teknik Direkt\u00f6r\u00fcm\u00fcz \u0130smail Kartal, S\u00fcper Lig'in 4. haftas\u0131nda deplasmanda Ankarag\u00fcc\u00fc kar\u015f\u0131s\u0131nda al\u0131nan galibiyetin ard\u0131ndan a\u00e7\u0131klamalarda bulundu.","format":"standard","video":"","gallery":"","source_name":"","source_url":"","via_name":"","via_url":"","override_template":"0","override":[{"template":"1","single_blog_custom":"","parallax":"1","fullscreen":"1","layout":"right-sidebar","sidebar":"mysidebar","second_sidebar":"default-sidebar","sticky_sidebar":"1","share_position":"float","share_float_style":"share-normal","show_share_counter":"1","show_view_counter":"1","show_featured":"1","show_post_meta":"1","show_post_author":"0","show_post_author_image":"1","show_post_date":"1","post_date_format":"default","post_date_format_custom":"Y\/m\/d","show_post_category":"0","show_post_reading_time":"0","post_reading_time_wpm":"300","show_zoom_button":"0","zoom_button_out_step":"2","zoom_button_in_step":"3","show_post_tag":"0","show_prev_next_post":"1","show_popup_post":"0","number_popup_post":"3","show_author_box":"0","show_post_related":"0","show_inline_post_related":"0"}],"override_image_size":"0","image_override":[{"single_post_thumbnail_size":"crop-500","single_post_gallery_size":"crop-500"}],"trending_post":"0","trending_post_position":"meta","trending_post_label":"Trending","sponsored_post":"0","sponsored_post_label":"Sponsored by","sponsored_post_name":"","sponsored_post_url":"","sponsored_post_logo_enable":"0","sponsored_post_logo":"","sponsored_post_desc":"","disable_ad":"0"},"jnews_primary_category":{"id":"4","hide":""},"jnews_social_meta":{"fb_title":"","fb_description":"","fb_image":"","twitter_title":"","twitter_description":"","twitter_image":""},"jnews_override_counter":{"override_view_counter":"0","view_counter_number":"0","override_share_counter":"0","share_counter_number":"0","override_like_counter":"0","like_counter_number":"0","override_dislike_counter":"0","dislike_counter_number":"0"},"footnotes":""},"categories":[4,2,47],"tags":[23,54],"class_list":["post-21511","post","type-post","status-publish","format-standard","has-post-thumbnail","hentry","category-futbol","category-haberler","category-profesyonel-a-futbol-takimi","tag-fenerbahce","tag-futbol"],"amp_enabled":true,"_links":{"self":[{"href":"https:\/\/www.fener.org\/index.php\/wp-json\/wp\/v2\/posts\/21511","targetHints":{"allow":["GET"]}}],"collection":[{"href":"https:\/\/www.fener.org\/index.php\/wp-json\/wp\/v2\/posts"}],"about":[{"href":"https:\/\/www.fener.org\/index.php\/wp-json\/wp\/v2\/types\/post"}],"author":[{"embeddable":true,"href":"https:\/\/www.fener.org\/index.php\/wp-json\/wp\/v2\/users\/1"}],"replies":[{"embeddable":true,"href":"https:\/\/www.fener.org\/index.php\/wp-json\/wp\/v2\/comments?post=21511"}],"version-history":[{"count":2,"href":"https:\/\/www.fener.org\/index.php\/wp-json\/wp\/v2\/posts\/21511\/revisions"}],"predecessor-version":[{"id":21514,"href":"https:\/\/www.fener.org\/index.php\/wp-json\/wp\/v2\/posts\/21511\/revisions\/21514"}],"wp:featuredmedia":[{"embeddable":true,"href":"https:\/\/www.fener.org\/index.php\/wp-json\/wp\/v2\/media\/21512"}],"wp:attachment":[{"href":"https:\/\/www.fener.org\/index.php\/wp-json\/wp\/v2\/media?parent=21511"}],"wp:term":[{"taxonomy":"category","embeddable":true,"href":"https:\/\/www.fener.org\/index.php\/wp-json\/wp\/v2\/categories?post=21511"},{"taxonomy":"post_tag","embeddable":true,"href":"https:\/\/www.fener.org\/index.php\/wp-json\/wp\/v2\/tags?post=21511"}],"curies":[{"name":"wp","href":"https:\/\/api.w.org\/{rel}","templated":true}]}}