{"id":21504,"date":"2023-09-03T18:09:10","date_gmt":"2023-09-03T15:09:10","guid":{"rendered":"https:\/\/www.fener.org\/?p=21504"},"modified":"2023-09-03T18:10:50","modified_gmt":"2023-09-03T15:10:50","slug":"genc-kurekcilerimizden-cifte-sampiyonluk-2","status":"publish","type":"post","link":"https:\/\/www.fener.org\/index.php\/2023\/09\/03\/genc-kurekcilerimizden-cifte-sampiyonluk-2\/","title":{"rendered":"Gen\u00e7 K\u00fcrek\u00e7ilerimizden \u00e7ifte \u015fampiyonluk"},"content":{"rendered":"\n<p>Sanmar Denizcilik Gen\u00e7ler T\u00fcrkiye \u015eampiyonas\u0131 1-3 Eyl\u00fcl tarihleri aras\u0131nda Ankara\u2019n\u0131n G\u00f6lba\u015f\u0131 il\u00e7esinde yer alan Mogan G\u00f6l\u00fc\u2019nde ger\u00e7ekle\u015ftirildi.<\/p>\n\n\n\n<p>20 kul\u00fcp ve 300\u2019e yak\u0131n sporcunun m\u00fccadele etti\u011fi \u015fampiyonada k\u00fcrek\u00e7ilerimiz; Y\u0131ld\u0131z (U17) Erkekler kategorisinde 609 puanla, K\u00fc\u00e7\u00fck (U15) Erkekler kategorisinde ise 290 puanla zirvede yer al\u0131rken, Y\u0131ld\u0131z (U17) Kad\u0131nlar kategorisinde ise 238 puanla ikinci oldu.<\/p>\n\n\n\n<p>Yar\u0131\u015flarda hava muhalefeti sebebiyle ertelenen Gen\u00e7 Kad\u0131nlar yar\u0131\u015flar\u0131, 30 Eyl\u00fcl\u2019de yap\u0131lacak Gen\u00e7 Erkekler yar\u0131\u015flar\u0131 ile birlikte ger\u00e7ekle\u015ftirilecektir.<\/p>\n","protected":false},"excerpt":{"rendered":"<p>Sanmar Denizcilik Gen\u00e7ler T\u00fcrkiye \u015eampiyonas\u0131 1-3 Eyl\u00fcl tarihleri aras\u0131nda Ankara\u2019n\u0131n G\u00f6lba\u015f\u0131 il\u00e7esinde yer alan Mogan G\u00f6l\u00fc\u2019nde ger\u00e7ekle\u015ftirildi. 20 kul\u00fcp ve 300\u2019e yak\u0131n sporcunun m\u00fccadele etti\u011fi \u015fampiyonada k\u00fcrek\u00e7ilerimiz; Y\u0131ld\u0131z (U17) Erkekler kategorisinde 609 puanla, K\u00fc\u00e7\u00fck (U15) Erkekler kategorisinde ise 290 puanla zirvede yer al\u0131rken, Y\u0131ld\u0131z (U17) Kad\u0131nlar kategorisinde ise 238 puanla ikinci oldu. Yar\u0131\u015flarda hava muhalefeti [&hellip;]<\/p>\n","protected":false},"author":1,"featured_media":21505,"comment_status":"closed","ping_status":"closed","sticky":false,"template":"","format":"standard","meta":{"jnews-multi-image_gallery":[],"jnews_single_post":{"subtitle":"","format":"standard","video":"","gallery":"","source_name":"","source_url":"","via_name":"","via_url":"","override_template":"0","override":[{"template":"1","single_blog_custom":"","parallax":"1","fullscreen":"1","layout":"right-sidebar","sidebar":"mysidebar","second_sidebar":"default-sidebar","sticky_sidebar":"1","share_position":"float","share_float_style":"share-normal","show_share_counter":"1","show_view_counter":"1","show_featured":"1","show_post_meta":"1","show_post_author":"0","show_post_author_image":"1","show_post_date":"1","post_date_format":"default","post_date_format_custom":"Y\/m\/d","show_post_category":"0","show_post_reading_time":"0","post_reading_time_wpm":"300","show_zoom_button":"0","zoom_button_out_step":"2","zoom_button_in_step":"3","show_post_tag":"0","show_prev_next_post":"1","show_popup_post":"0","number_popup_post":"3","show_author_box":"0","show_post_related":"0","show_inline_post_related":"0"}],"override_image_size":"0","image_override":[{"single_post_thumbnail_size":"crop-500","single_post_gallery_size":"crop-500"}],"trending_post":"0","trending_post_position":"meta","trending_post_label":"Trending","sponsored_post":"0","sponsored_post_label":"Sponsored by","sponsored_post_name":"","sponsored_post_url":"","sponsored_post_logo_enable":"0","sponsored_post_logo":"","sponsored_post_desc":"","disable_ad":"0"},"jnews_primary_category":{"id":"11","hide":""},"jnews_social_meta":{"fb_title":"","fb_description":"","fb_image":"","twitter_title":"","twitter_description":"","twitter_image":""},"jnews_override_counter":{"override_view_counter":"0","view_counter_number":"0","override_share_counter":"0","share_counter_number":"0","override_like_counter":"0","like_counter_number":"0","override_dislike_counter":"0","dislike_counter_number":"0"},"footnotes":""},"categories":[2,11],"tags":[23,30],"class_list":["post-21504","post","type-post","status-publish","format-standard","has-post-thumbnail","hentry","category-haberler","category-kurek","tag-fenerbahce","tag-kurek"],"amp_enabled":true,"_links":{"self":[{"href":"https:\/\/www.fener.org\/index.php\/wp-json\/wp\/v2\/posts\/21504","targetHints":{"allow":["GET"]}}],"collection":[{"href":"https:\/\/www.fener.org\/index.php\/wp-json\/wp\/v2\/posts"}],"about":[{"href":"https:\/\/www.fener.org\/index.php\/wp-json\/wp\/v2\/types\/post"}],"author":[{"embeddable":true,"href":"https:\/\/www.fener.org\/index.php\/wp-json\/wp\/v2\/users\/1"}],"replies":[{"embeddable":true,"href":"https:\/\/www.fener.org\/index.php\/wp-json\/wp\/v2\/comments?post=21504"}],"version-history":[{"count":1,"href":"https:\/\/www.fener.org\/index.php\/wp-json\/wp\/v2\/posts\/21504\/revisions"}],"predecessor-version":[{"id":21506,"href":"https:\/\/www.fener.org\/index.php\/wp-json\/wp\/v2\/posts\/21504\/revisions\/21506"}],"wp:featuredmedia":[{"embeddable":true,"href":"https:\/\/www.fener.org\/index.php\/wp-json\/wp\/v2\/media\/21505"}],"wp:attachment":[{"href":"https:\/\/www.fener.org\/index.php\/wp-json\/wp\/v2\/media?parent=21504"}],"wp:term":[{"taxonomy":"category","embeddable":true,"href":"https:\/\/www.fener.org\/index.php\/wp-json\/wp\/v2\/categories?post=21504"},{"taxonomy":"post_tag","embeddable":true,"href":"https:\/\/www.fener.org\/index.php\/wp-json\/wp\/v2\/tags?post=21504"}],"curies":[{"name":"wp","href":"https:\/\/api.w.org\/{rel}","templated":true}]}}