{"id":21501,"date":"2023-09-03T17:25:40","date_gmt":"2023-09-03T14:25:40","guid":{"rendered":"https:\/\/www.fener.org\/?p=21501"},"modified":"2023-09-03T18:12:27","modified_gmt":"2023-09-03T15:12:27","slug":"milli-atletlerimizden-balkan-u18-atletizm-sampiyonasinda-7-madalya","status":"publish","type":"post","link":"https:\/\/www.fener.org\/index.php\/2023\/09\/03\/milli-atletlerimizden-balkan-u18-atletizm-sampiyonasinda-7-madalya\/","title":{"rendered":"Milli atletlerimizden Balkan U18 Atletizm \u015eampiyonas\u0131\u2019nda 7 madalya"},"content":{"rendered":"\n<p>T\u00fcrkiye&#8217;nin ev sahipli\u011finde Sivas&#8217;ta yap\u0131lan Balkan U18 Atletizm \u015eampiyonas\u0131\u2019nda \u00fclkemiz 21 madalya kazan\u0131rken bu madalyalar\u0131n 7\u2019si Fenerbah\u00e7eli atletlerden geldi.<\/p>\n\n\n\n<p>Sivas 4 Eyl\u00fcl Spor Vadisi Atletizm Pisti\u2019nde 2 Eyl\u00fcl Cumartesi g\u00fcn\u00fc yap\u0131lan \u015fampiyonaya 15 \u00fclkeden 310 atlet kat\u0131l\u0131rken T\u00fcrkiye 4\u2019\u00fc alt\u0131n, 13\u2019\u00fc g\u00fcm\u00fc\u015f, 4\u2019\u00fc de bronz olmak \u00fczere toplamda 21 madalya ile \u00fclke s\u0131ralamas\u0131nda birinci s\u0131rada yer ald\u0131. Milli atletlerimizse \u00fclkemize 2\u2019si alt\u0131n, 4\u2019\u00fc g\u00fcm\u00fc\u015f, 1&#8217;i de bronz olmak \u00fczere 7 madalya kazand\u0131rd\u0131. S\u0131rbistan 18 madalya ile ikinci, H\u0131rvatistan 11 madalya ile \u00fc\u00e7\u00fcnc\u00fc s\u0131rada yer ald\u0131lar.<\/p>\n\n\n\n<p>\u015eampiyonada T\u00fcrkiye\u2019nin yan\u0131 s\u0131ra; Bulgaristan, Azerbaycan, Kosova, Moldova, Makedonya, S\u0131rbistan, Yunanistan, Romanya, Bosna-Hersek, G\u00fcrcistan, Karada\u011f, H\u0131rvatistan, Ukrayna ve Slovenya m\u00fccadele etti.<\/p>\n\n\n\n<p>Milli atletlerimizden Emre \u00c7olak 3 ad\u0131m atlamada 15.35\u2019lik derecesiyle, Yasir Kuduban da y\u00fcksek atlamada 2.04\u2019l\u00fck derecesiyle alt\u0131n madalya kazand\u0131.<\/p>\n\n\n\n<p>D\u00f6nd\u00fc K\u00fcbra Boyraz 3000 metrede 10:40.49\u2019luk derecesiyle, Muhammed Enes K\u0131l\u0131\u00e7 y\u00fcksek atlamada 2.02\u2019lik derecesiyle, Bedirhan G\u00fcven 3000 metrede 9:03.52\u2019lik derecesiyle, atletlerimiz Emin Berk Uzun, Osman Dombayc\u0131 ve Arda \u015eahin ile milli atlet \u00d6mer \u00c7a\u011fr\u0131 Aktan\u2019dan olu\u015fan 4&#215;100 metre bayrak tak\u0131m\u0131 42.35\u2019lik derecesiyle g\u00fcm\u00fc\u015f madalyan\u0131n sahibi oldu. Arda \u015eahin ise 100 metrede 10.98\u2019lik derecesiyle bronz madalya elde etti.<\/p>\n","protected":false},"excerpt":{"rendered":"<p>T\u00fcrkiye&#8217;nin ev sahipli\u011finde Sivas&#8217;ta yap\u0131lan Balkan U18 Atletizm \u015eampiyonas\u0131\u2019nda \u00fclkemiz 21 madalya kazan\u0131rken bu madalyalar\u0131n 7\u2019si Fenerbah\u00e7eli atletlerden geldi. Sivas 4 Eyl\u00fcl Spor Vadisi Atletizm Pisti\u2019nde 2 Eyl\u00fcl Cumartesi g\u00fcn\u00fc yap\u0131lan \u015fampiyonaya 15 \u00fclkeden 310 atlet kat\u0131l\u0131rken T\u00fcrkiye 4\u2019\u00fc alt\u0131n, 13\u2019\u00fc g\u00fcm\u00fc\u015f, 4\u2019\u00fc de bronz olmak \u00fczere toplamda 21 madalya ile \u00fclke s\u0131ralamas\u0131nda birinci s\u0131rada [&hellip;]<\/p>\n","protected":false},"author":1,"featured_media":21502,"comment_status":"closed","ping_status":"closed","sticky":false,"template":"","format":"standard","meta":{"jnews-multi-image_gallery":[],"jnews_single_post":{"subtitle":"","format":"standard","video":"","gallery":"","source_name":"","source_url":"","via_name":"","via_url":"","override_template":"0","override":[{"template":"1","single_blog_custom":"","parallax":"1","fullscreen":"1","layout":"right-sidebar","sidebar":"mysidebar","second_sidebar":"default-sidebar","sticky_sidebar":"1","share_position":"float","share_float_style":"share-normal","show_share_counter":"1","show_view_counter":"1","show_featured":"1","show_post_meta":"1","show_post_author":"0","show_post_author_image":"1","show_post_date":"1","post_date_format":"default","post_date_format_custom":"Y\/m\/d","show_post_category":"0","show_post_reading_time":"0","post_reading_time_wpm":"300","show_zoom_button":"0","zoom_button_out_step":"2","zoom_button_in_step":"3","show_post_tag":"0","show_prev_next_post":"1","show_popup_post":"0","number_popup_post":"3","show_author_box":"0","show_post_related":"0","show_inline_post_related":"0"}],"override_image_size":"0","image_override":[{"single_post_thumbnail_size":"crop-500","single_post_gallery_size":"crop-500"}],"trending_post":"0","trending_post_position":"meta","trending_post_label":"Trending","sponsored_post":"0","sponsored_post_label":"Sponsored by","sponsored_post_name":"","sponsored_post_url":"","sponsored_post_logo_enable":"0","sponsored_post_logo":"","sponsored_post_desc":"","disable_ad":"0"},"jnews_primary_category":{"id":"13","hide":""},"jnews_social_meta":{"fb_title":"","fb_description":"","fb_image":"","twitter_title":"","twitter_description":"","twitter_image":""},"jnews_override_counter":{"override_view_counter":"0","view_counter_number":"0","override_share_counter":"0","share_counter_number":"0","override_like_counter":"0","like_counter_number":"0","override_dislike_counter":"0","dislike_counter_number":"0"},"footnotes":""},"categories":[13,2],"tags":[32,23],"class_list":["post-21501","post","type-post","status-publish","format-standard","has-post-thumbnail","hentry","category-atletizm","category-haberler","tag-atletizm","tag-fenerbahce"],"amp_enabled":true,"_links":{"self":[{"href":"https:\/\/www.fener.org\/index.php\/wp-json\/wp\/v2\/posts\/21501","targetHints":{"allow":["GET"]}}],"collection":[{"href":"https:\/\/www.fener.org\/index.php\/wp-json\/wp\/v2\/posts"}],"about":[{"href":"https:\/\/www.fener.org\/index.php\/wp-json\/wp\/v2\/types\/post"}],"author":[{"embeddable":true,"href":"https:\/\/www.fener.org\/index.php\/wp-json\/wp\/v2\/users\/1"}],"replies":[{"embeddable":true,"href":"https:\/\/www.fener.org\/index.php\/wp-json\/wp\/v2\/comments?post=21501"}],"version-history":[{"count":1,"href":"https:\/\/www.fener.org\/index.php\/wp-json\/wp\/v2\/posts\/21501\/revisions"}],"predecessor-version":[{"id":21503,"href":"https:\/\/www.fener.org\/index.php\/wp-json\/wp\/v2\/posts\/21501\/revisions\/21503"}],"wp:featuredmedia":[{"embeddable":true,"href":"https:\/\/www.fener.org\/index.php\/wp-json\/wp\/v2\/media\/21502"}],"wp:attachment":[{"href":"https:\/\/www.fener.org\/index.php\/wp-json\/wp\/v2\/media?parent=21501"}],"wp:term":[{"taxonomy":"category","embeddable":true,"href":"https:\/\/www.fener.org\/index.php\/wp-json\/wp\/v2\/categories?post=21501"},{"taxonomy":"post_tag","embeddable":true,"href":"https:\/\/www.fener.org\/index.php\/wp-json\/wp\/v2\/tags?post=21501"}],"curies":[{"name":"wp","href":"https:\/\/api.w.org\/{rel}","templated":true}]}}