{"id":21481,"date":"2023-09-01T13:36:11","date_gmt":"2023-09-01T10:36:11","guid":{"rendered":"https:\/\/www.fener.org\/?p=21481"},"modified":"2023-09-01T13:36:20","modified_gmt":"2023-09-01T10:36:20","slug":"fenerbahceden-altay-bayindira-veda","status":"publish","type":"post","link":"https:\/\/www.fener.org\/index.php\/2023\/09\/01\/fenerbahceden-altay-bayindira-veda\/","title":{"rendered":"Fenerbah\u00e7e&#8217;den Altay Bay\u0131nd\u0131r&#8217;a veda"},"content":{"rendered":"\n<p>Fenerbah\u00e7emiz, 2019 y\u0131l\u0131nda kadromuza kat\u0131lan milli kalecimiz Altay Bay\u0131nd\u0131r\u2019\u0131n transferi konusunda \u0130ngiltere Premier Lig ekiplerinden Manchester United FC ile anla\u015fmaya var\u0131ld\u0131\u011f\u0131n\u0131 a\u00e7\u0131klad\u0131. \u0130ngiliz kulub\u00fc Altay&#8217;\u0131n transferi i\u00e7in Fenerbah\u00e7e&#8217;ye 5 Milyon Euro bonservis, sonraki sat\u0131\u015ftan %20 pay, sat\u0131\u015f bedelinin 10 milyon Euro\u2019yu ge\u00e7mesi halinde ayr\u0131ca 1 milyon Euro pay \u00f6deyecek.<\/p>\n\n\n\n<p>25 ya\u015f\u0131ndaki Altay Bay\u0131nd\u0131r, 4 sene formas\u0131n\u0131 terletti\u011fi Fenerbah\u00e7e ile toplam 145 ma\u00e7a \u00e7\u0131kt\u0131 ve kalesinde 162 gol g\u00f6rd\u00fc.<\/p>\n\n\n\n<p>Kul\u00fcb\u00fcm\u00fcz\u00fcn resmi sitesinde yay\u0131nlanan a\u00e7\u0131klamada \u015f\u00f6yle denildi:<\/p>\n\n\n\n<blockquote class=\"wp-block-quote is-layout-flow wp-block-quote-is-layout-flow\">\n<p>Kul\u00fcb\u00fcm\u00fcz, milli kalecimiz Altay Bay\u0131nd\u0131r\u2019\u0131n transferi konusunda \u0130ngiltere Premier Lig ekiplerinden Manchester United FC ile 5 Milyon Euro bonservis, sonraki sat\u0131\u015ftan %20 pay, sat\u0131\u015f bedelinin 10 milyon Euro\u2019yu ge\u00e7mesi halinde ayr\u0131ca 1 milyon Euro pay olacak \u015fekilde anla\u015fma sa\u011flam\u0131\u015ft\u0131r.<\/p>\n\n\n\n<p>2019 y\u0131l\u0131nda kadromuza kat\u0131lan Altay Bay\u0131nd\u0131r, k\u0131sa s\u00fcrede g\u00f6sterdi\u011fi ba\u015far\u0131l\u0131 performansla hem tak\u0131m\u0131m\u0131z\u0131n hem de taraftarlar\u0131m\u0131z\u0131n vazge\u00e7ilmezi oldu.<\/p>\n\n\n\n<p>Fenerbah\u00e7emize ba\u011fl\u0131l\u0131\u011f\u0131 ve aidiyeti ile Futbol A Tak\u0131m\u0131m\u0131zda kaptanl\u0131k sorumlulu\u011funu gen\u00e7 ya\u015fta \u00fcstlenen Altay Bay\u0131nd\u0131r, mill\u00ee tak\u0131m\u0131n da \u00f6nemli isimlerinden biri olmay\u0131 ba\u015fard\u0131.<\/p>\n\n\n\n<p>Bug\u00fcne kadar verdi\u011fin t\u00fcm emekler i\u00e7in Altay Bay\u0131nd\u0131r\u2019a te\u015fekk\u00fcr ediyor, kariyerinin yeni d\u00f6neminde sonsuz ba\u015far\u0131lar diliyoruz.<br>&nbsp;<br><strong>Fenerbah\u00e7e Spor Kul\u00fcb\u00fc<\/strong><\/p>\n<\/blockquote>\n","protected":false},"excerpt":{"rendered":"<p>Fenerbah\u00e7emiz, 2019 y\u0131l\u0131nda kadromuza kat\u0131lan milli kalecimiz Altay Bay\u0131nd\u0131r\u2019\u0131n transferi konusunda \u0130ngiltere Premier Lig ekiplerinden Manchester United FC ile anla\u015fmaya var\u0131ld\u0131\u011f\u0131n\u0131 a\u00e7\u0131klad\u0131. \u0130ngiliz kulub\u00fc Altay&#8217;\u0131n transferi i\u00e7in Fenerbah\u00e7e&#8217;ye 5 Milyon Euro bonservis, sonraki sat\u0131\u015ftan %20 pay, sat\u0131\u015f bedelinin 10 milyon Euro\u2019yu ge\u00e7mesi halinde ayr\u0131ca 1 milyon Euro pay \u00f6deyecek. 25 ya\u015f\u0131ndaki Altay Bay\u0131nd\u0131r, 4 sene [&hellip;]<\/p>\n","protected":false},"author":1,"featured_media":21482,"comment_status":"closed","ping_status":"closed","sticky":false,"template":"","format":"standard","meta":{"jnews-multi-image_gallery":[],"jnews_single_post":{"subtitle":"Fenerbah\u00e7e, milli kaleci Altay Bay\u0131nd\u0131r\u2019\u0131n transferi konusunda Manchester United FC ile anla\u015fma sa\u011fland\u0131\u011f\u0131n\u0131 a\u00e7\u0131klad\u0131.","format":"standard","video":"","gallery":"","source_name":"","source_url":"","via_name":"","via_url":"","override_template":"0","override":[{"template":"1","single_blog_custom":"","parallax":"1","fullscreen":"1","layout":"right-sidebar","sidebar":"mysidebar","second_sidebar":"default-sidebar","sticky_sidebar":"1","share_position":"float","share_float_style":"share-normal","show_share_counter":"1","show_view_counter":"1","show_featured":"1","show_post_meta":"1","show_post_author":"0","show_post_author_image":"1","show_post_date":"1","post_date_format":"default","post_date_format_custom":"Y\/m\/d","show_post_category":"0","show_post_reading_time":"0","post_reading_time_wpm":"300","show_zoom_button":"0","zoom_button_out_step":"2","zoom_button_in_step":"3","show_post_tag":"0","show_prev_next_post":"1","show_popup_post":"0","number_popup_post":"3","show_author_box":"0","show_post_related":"0","show_inline_post_related":"0"}],"override_image_size":"0","image_override":[{"single_post_thumbnail_size":"crop-500","single_post_gallery_size":"crop-500"}],"trending_post":"0","trending_post_position":"meta","trending_post_label":"Trending","sponsored_post":"0","sponsored_post_label":"Sponsored by","sponsored_post_name":"","sponsored_post_url":"","sponsored_post_logo_enable":"0","sponsored_post_logo":"","sponsored_post_desc":"","disable_ad":"0"},"jnews_primary_category":{"id":"4","hide":""},"jnews_social_meta":{"fb_title":"","fb_description":"","fb_image":"","twitter_title":"","twitter_description":"","twitter_image":""},"jnews_override_counter":{"override_view_counter":"0","view_counter_number":"0","override_share_counter":"0","share_counter_number":"0","override_like_counter":"0","like_counter_number":"0","override_dislike_counter":"0","dislike_counter_number":"0"},"footnotes":""},"categories":[4,2,47],"tags":[23,54],"class_list":["post-21481","post","type-post","status-publish","format-standard","has-post-thumbnail","hentry","category-futbol","category-haberler","category-profesyonel-a-futbol-takimi","tag-fenerbahce","tag-futbol"],"amp_enabled":true,"_links":{"self":[{"href":"https:\/\/www.fener.org\/index.php\/wp-json\/wp\/v2\/posts\/21481","targetHints":{"allow":["GET"]}}],"collection":[{"href":"https:\/\/www.fener.org\/index.php\/wp-json\/wp\/v2\/posts"}],"about":[{"href":"https:\/\/www.fener.org\/index.php\/wp-json\/wp\/v2\/types\/post"}],"author":[{"embeddable":true,"href":"https:\/\/www.fener.org\/index.php\/wp-json\/wp\/v2\/users\/1"}],"replies":[{"embeddable":true,"href":"https:\/\/www.fener.org\/index.php\/wp-json\/wp\/v2\/comments?post=21481"}],"version-history":[{"count":2,"href":"https:\/\/www.fener.org\/index.php\/wp-json\/wp\/v2\/posts\/21481\/revisions"}],"predecessor-version":[{"id":21484,"href":"https:\/\/www.fener.org\/index.php\/wp-json\/wp\/v2\/posts\/21481\/revisions\/21484"}],"wp:featuredmedia":[{"embeddable":true,"href":"https:\/\/www.fener.org\/index.php\/wp-json\/wp\/v2\/media\/21482"}],"wp:attachment":[{"href":"https:\/\/www.fener.org\/index.php\/wp-json\/wp\/v2\/media?parent=21481"}],"wp:term":[{"taxonomy":"category","embeddable":true,"href":"https:\/\/www.fener.org\/index.php\/wp-json\/wp\/v2\/categories?post=21481"},{"taxonomy":"post_tag","embeddable":true,"href":"https:\/\/www.fener.org\/index.php\/wp-json\/wp\/v2\/tags?post=21481"}],"curies":[{"name":"wp","href":"https:\/\/api.w.org\/{rel}","templated":true}]}}