{"id":21440,"date":"2023-08-26T01:05:00","date_gmt":"2023-08-25T22:05:00","guid":{"rendered":"https:\/\/www.fener.org\/?p=21440"},"modified":"2023-08-27T07:32:23","modified_gmt":"2023-08-27T04:32:23","slug":"serdar-dursun-karagumruke-transfer-oldu","status":"publish","type":"post","link":"https:\/\/www.fener.org\/index.php\/2023\/08\/26\/serdar-dursun-karagumruke-transfer-oldu\/","title":{"rendered":"Serdar Dursun Karag\u00fcmr\u00fck&#8217;e transfer oldu"},"content":{"rendered":"\n<p>Fenerbah\u00e7e&#8217;de forma \u015fans\u0131 bulmakta zorlanan Serdar Dursun, sar\u0131 lacivertli tak\u0131mla yollar\u0131n\u0131 ay\u0131rarak Fatih Karag\u00fcmr\u00fck&#8217;e transfer oldu.<\/p>\n\n\n\n<p>2021 y\u0131l\u0131nda Darmstadt 98&#8217;den sar\u0131 lacivertli tak\u0131ma transfer olan Serdar, Fenerbah\u00e7e formas\u0131yla \u00e7\u0131kt\u0131\u011f\u0131 64 ma\u00e7ta 19 gol atarken, 9 kez da asist yapt\u0131.<\/p>\n\n\n\n<p>Kul\u00fcb\u00fcm\u00fcz\u00fcn resmi sitesinde yay\u0131nlanan a\u00e7\u0131klamada \u015fu ifadeler yer ald\u0131:<\/p>\n\n\n\n<blockquote class=\"wp-block-quote is-layout-flow wp-block-quote-is-layout-flow\">\n<p>2023-2024 sezonu yap\u0131lanmas\u0131na devam edilen Futbol A Tak\u0131m\u0131m\u0131zda oyuncular\u0131m\u0131zdan Serdar Dursun, Vavacars Fatih Karag\u00fcmr\u00fck Kul\u00fcb\u00fcne transfer olmu\u015ftur. Serdar Dursun\u2019a bug\u00fcne kadarki emekleri i\u00e7in te\u015fekk\u00fcr eder, bundan sonraki kariyerinde ba\u015far\u0131lar dileriz.<br>\u00a0<br><strong>\u00a0Fenerbah\u00e7e Spor Kul\u00fcb\u00fc<\/strong><\/p>\n<\/blockquote>\n","protected":false},"excerpt":{"rendered":"<p>Fenerbah\u00e7e&#8217;de forma \u015fans\u0131 bulmakta zorlanan Serdar Dursun, sar\u0131 lacivertli tak\u0131mla yollar\u0131n\u0131 ay\u0131rarak Fatih Karag\u00fcmr\u00fck&#8217;e transfer oldu. 2021 y\u0131l\u0131nda Darmstadt 98&#8217;den sar\u0131 lacivertli tak\u0131ma transfer olan Serdar, Fenerbah\u00e7e formas\u0131yla \u00e7\u0131kt\u0131\u011f\u0131 64 ma\u00e7ta 19 gol atarken, 9 kez da asist yapt\u0131. Kul\u00fcb\u00fcm\u00fcz\u00fcn resmi sitesinde yay\u0131nlanan a\u00e7\u0131klamada \u015fu ifadeler yer ald\u0131: 2023-2024 sezonu yap\u0131lanmas\u0131na devam edilen Futbol A [&hellip;]<\/p>\n","protected":false},"author":1,"featured_media":21441,"comment_status":"closed","ping_status":"closed","sticky":false,"template":"","format":"standard","meta":{"jnews-multi-image_gallery":[],"jnews_single_post":{"subtitle":"Fenerbah\u00e7e, tecr\u00fcbeli oyuncuSerdar Dursun'un Fatih Karag\u00fcmr\u00fck'e transfer oldu\u011funu a\u00e7\u0131klad\u0131.","format":"standard","video":"","gallery":"","source_name":"","source_url":"","via_name":"","via_url":"","override_template":"0","override":[{"template":"1","single_blog_custom":"","parallax":"1","fullscreen":"1","layout":"right-sidebar","sidebar":"mysidebar","second_sidebar":"default-sidebar","sticky_sidebar":"1","share_position":"float","share_float_style":"share-normal","show_share_counter":"1","show_view_counter":"1","show_featured":"1","show_post_meta":"1","show_post_author":"0","show_post_author_image":"1","show_post_date":"1","post_date_format":"default","post_date_format_custom":"Y\/m\/d","show_post_category":"0","show_post_reading_time":"0","post_reading_time_wpm":"300","show_zoom_button":"0","zoom_button_out_step":"2","zoom_button_in_step":"3","show_post_tag":"0","show_prev_next_post":"1","show_popup_post":"0","number_popup_post":"3","show_author_box":"0","show_post_related":"0","show_inline_post_related":"0"}],"override_image_size":"0","image_override":[{"single_post_thumbnail_size":"crop-500","single_post_gallery_size":"crop-500"}],"trending_post":"0","trending_post_position":"meta","trending_post_label":"Trending","sponsored_post":"0","sponsored_post_label":"Sponsored by","sponsored_post_name":"","sponsored_post_url":"","sponsored_post_logo_enable":"0","sponsored_post_logo":"","sponsored_post_desc":"","disable_ad":"0"},"jnews_primary_category":{"id":"4","hide":""},"jnews_social_meta":{"fb_title":"","fb_description":"","fb_image":"","twitter_title":"","twitter_description":"","twitter_image":""},"jnews_override_counter":{"override_view_counter":"0","view_counter_number":"0","override_share_counter":"0","share_counter_number":"0","override_like_counter":"0","like_counter_number":"0","override_dislike_counter":"0","dislike_counter_number":"0"},"footnotes":""},"categories":[4,2,47],"tags":[23,54],"class_list":["post-21440","post","type-post","status-publish","format-standard","has-post-thumbnail","hentry","category-futbol","category-haberler","category-profesyonel-a-futbol-takimi","tag-fenerbahce","tag-futbol"],"amp_enabled":true,"_links":{"self":[{"href":"https:\/\/www.fener.org\/index.php\/wp-json\/wp\/v2\/posts\/21440","targetHints":{"allow":["GET"]}}],"collection":[{"href":"https:\/\/www.fener.org\/index.php\/wp-json\/wp\/v2\/posts"}],"about":[{"href":"https:\/\/www.fener.org\/index.php\/wp-json\/wp\/v2\/types\/post"}],"author":[{"embeddable":true,"href":"https:\/\/www.fener.org\/index.php\/wp-json\/wp\/v2\/users\/1"}],"replies":[{"embeddable":true,"href":"https:\/\/www.fener.org\/index.php\/wp-json\/wp\/v2\/comments?post=21440"}],"version-history":[{"count":1,"href":"https:\/\/www.fener.org\/index.php\/wp-json\/wp\/v2\/posts\/21440\/revisions"}],"predecessor-version":[{"id":21442,"href":"https:\/\/www.fener.org\/index.php\/wp-json\/wp\/v2\/posts\/21440\/revisions\/21442"}],"wp:featuredmedia":[{"embeddable":true,"href":"https:\/\/www.fener.org\/index.php\/wp-json\/wp\/v2\/media\/21441"}],"wp:attachment":[{"href":"https:\/\/www.fener.org\/index.php\/wp-json\/wp\/v2\/media?parent=21440"}],"wp:term":[{"taxonomy":"category","embeddable":true,"href":"https:\/\/www.fener.org\/index.php\/wp-json\/wp\/v2\/categories?post=21440"},{"taxonomy":"post_tag","embeddable":true,"href":"https:\/\/www.fener.org\/index.php\/wp-json\/wp\/v2\/tags?post=21440"}],"curies":[{"name":"wp","href":"https:\/\/api.w.org\/{rel}","templated":true}]}}