{"id":21436,"date":"2023-08-25T22:41:23","date_gmt":"2023-08-25T19:41:23","guid":{"rendered":"https:\/\/www.fener.org\/?p=21436"},"modified":"2023-08-25T22:41:30","modified_gmt":"2023-08-25T19:41:30","slug":"dominik-livakovic-fenerbahcede","status":"publish","type":"post","link":"https:\/\/www.fener.org\/index.php\/2023\/08\/25\/dominik-livakovic-fenerbahcede\/","title":{"rendered":"Dominik Livakovic Fenerbah\u00e7e&#8217;de"},"content":{"rendered":"\n<p>Fenerbah\u00e7emiz, H\u0131rvat milli kaleci Dominik Livakovic&#8217;i 5 y\u0131ll\u0131\u011f\u0131na renklerine ba\u011flad\u0131. Anla\u015fma gere\u011fi kul\u00fcb\u00fcm\u00fcz Dinamo Zagreb&#8217;e 6.650.000 Euro + 950.000 Euro bonus olacak \u015fekilde bonservis bedeli \u00f6deyecek.<\/p>\n\n\n\n<p>Kul\u00fcb\u00fcm\u00fcz\u00fcn resmi sitesinde yap\u0131lan a\u00e7\u0131klamada \u015fu ifadeler yer ald\u0131:<\/p>\n\n\n\n<blockquote class=\"wp-block-quote is-layout-flow wp-block-quote-is-layout-flow\">\n<p>Fenerbah\u00e7emiz, Dominik Livakovic\u2019in transferi i\u00e7in kul\u00fcb\u00fc Dinamo Zagreb ve oyuncu ile anla\u015fma sa\u011flam\u0131\u015ft\u0131r. Anla\u015fma gere\u011fi kul\u00fcb\u00fcm\u00fcz yeti\u015ftirme bedeli hari\u00e7 6.650.000 Euro + 950.000&nbsp;Euro&nbsp;bonus olacak \u015fekilde bonservis bedeli \u00f6deyecektir.<\/p>\n\n\n\n<p>H\u0131rvat milli kaleci Dominik Livakovic, \u00dclker Stadyumu Fenerbah\u00e7e \u015e\u00fckr\u00fc Saraco\u011flu Spor Kompleksi\u2019nde ger\u00e7ekle\u015ftirilen imza t\u00f6reninde kendisini 5 y\u0131ll\u0131\u011f\u0131na sar\u0131 lacivertli renklere ba\u011flayan s\u00f6zle\u015fmeye imza att\u0131.<\/p>\n\n\n\n<p>Y\u00f6netim Kurulu \u00dcyemiz Selahattin Baki ile Sportif Direkt\u00f6r\u00fcm\u00fcz Mario Branco da imza t\u00f6reninde haz\u0131r bulundu.<\/p>\n\n\n\n<p>\u0130mzalar\u0131n at\u0131lmas\u0131n\u0131n ard\u0131ndan a\u00e7\u0131klamalarda bulunan Y\u00f6netim Kurulu \u00dcyemiz Selahattin Baki, \u201cHay\u0131rl\u0131 olsun. Bug\u00fcn milli gururlar\u0131m\u0131zdan Altay\u2019\u0131m\u0131z\u0131 d\u00fcnya devine u\u011furlad\u0131k. Ayn\u0131 g\u00fcn Fenerbah\u00e7emize yak\u0131\u015f\u0131r bir CV\u2019si olan H\u0131rvatistan milli tak\u0131m\u0131n\u0131n as kalecisini getirdik. \u00dczerinde uzun s\u00fcredir \u00e7al\u0131\u015ft\u0131\u011f\u0131m\u0131z bir transferdi. Kolay olmad\u0131. Kendisi bize birka\u00e7 hafta \u00f6nce s\u00f6z vermi\u015fti ama yaz\u0131l\u0131 \u00e7izili bir \u015fey yoktu. \u2018Kul\u00fcpten \u00e7\u0131kabildi\u011fim takdirde Fenerbah\u00e7e\u2019ye gelece\u011fim\u2019 diye. S\u00f6z\u00fcn\u00fc tuttu. Kendisine te\u015fekk\u00fcr ediyorum. Say\u0131n Ba\u015fkan\u0131m\u0131za \u00e7ok te\u015fekk\u00fcr ediyorum. Futbol \u015fubemize, sevgili Mario Branco ve Okan\u2019a da \u00e7ok te\u015fekk\u00fcr ediyorum. Kolay olmad\u0131 ama in\u015fallah bundan sonras\u0131 \u00e7ok iyi olacak\u201d ifadelerini kulland\u0131.<\/p>\n\n\n\n<p>Transferimiz Dominik Livakovic de, \u201cHarika hissediyorum. D\u00fcn ve bug\u00fcn i\u00e7in te\u015fekk\u00fcr ediyorum. Haydi Fenerbah\u00e7e\u201d dedi.<\/p>\n\n\n\n<p>Dominik Livakovic\u2019e &#8216;Ailemize ho\u015f geldin\u2019 diyor;&nbsp;Fenerbah\u00e7emiz ile nice zaferler ve \u015fampiyonluklar diliyoruz.<\/p>\n\n\n\n<p><strong>FENERBAH\u00c7E SPOR KUL\u00dcB\u00dc<\/strong><\/p>\n<\/blockquote>\n","protected":false},"excerpt":{"rendered":"<p>Fenerbah\u00e7emiz, H\u0131rvat milli kaleci Dominik Livakovic&#8217;i 5 y\u0131ll\u0131\u011f\u0131na renklerine ba\u011flad\u0131. Anla\u015fma gere\u011fi kul\u00fcb\u00fcm\u00fcz Dinamo Zagreb&#8217;e 6.650.000 Euro + 950.000 Euro bonus olacak \u015fekilde bonservis bedeli \u00f6deyecek. Kul\u00fcb\u00fcm\u00fcz\u00fcn resmi sitesinde yap\u0131lan a\u00e7\u0131klamada \u015fu ifadeler yer ald\u0131: Fenerbah\u00e7emiz, Dominik Livakovic\u2019in transferi i\u00e7in kul\u00fcb\u00fc Dinamo Zagreb ve oyuncu ile anla\u015fma sa\u011flam\u0131\u015ft\u0131r. Anla\u015fma gere\u011fi kul\u00fcb\u00fcm\u00fcz yeti\u015ftirme bedeli hari\u00e7 6.650.000 [&hellip;]<\/p>\n","protected":false},"author":1,"featured_media":21437,"comment_status":"closed","ping_status":"closed","sticky":false,"template":"","format":"standard","meta":{"jnews-multi-image_gallery":[],"jnews_single_post":{"subtitle":"Fenerbah\u00e7e, H\u0131rvat kaleci Dominik Livakovic\u2019i kadrosuna katt\u0131.","format":"standard","video":"","gallery":"","source_name":"","source_url":"","via_name":"","via_url":"","override_template":"0","override":[{"template":"1","single_blog_custom":"","parallax":"1","fullscreen":"1","layout":"right-sidebar","sidebar":"mysidebar","second_sidebar":"default-sidebar","sticky_sidebar":"1","share_position":"float","share_float_style":"share-normal","show_share_counter":"1","show_view_counter":"1","show_featured":"1","show_post_meta":"1","show_post_author":"0","show_post_author_image":"1","show_post_date":"1","post_date_format":"default","post_date_format_custom":"Y\/m\/d","show_post_category":"0","show_post_reading_time":"0","post_reading_time_wpm":"300","show_zoom_button":"0","zoom_button_out_step":"2","zoom_button_in_step":"3","show_post_tag":"0","show_prev_next_post":"1","show_popup_post":"0","number_popup_post":"3","show_author_box":"0","show_post_related":"0","show_inline_post_related":"0"}],"override_image_size":"0","image_override":[{"single_post_thumbnail_size":"crop-500","single_post_gallery_size":"crop-500"}],"trending_post":"0","trending_post_position":"meta","trending_post_label":"Trending","sponsored_post":"0","sponsored_post_label":"Sponsored by","sponsored_post_name":"","sponsored_post_url":"","sponsored_post_logo_enable":"0","sponsored_post_logo":"","sponsored_post_desc":"","disable_ad":"0"},"jnews_primary_category":{"id":"4","hide":""},"jnews_social_meta":{"fb_title":"","fb_description":"","fb_image":"","twitter_title":"","twitter_description":"","twitter_image":""},"jnews_override_counter":{"override_view_counter":"0","view_counter_number":"0","override_share_counter":"0","share_counter_number":"0","override_like_counter":"0","like_counter_number":"0","override_dislike_counter":"0","dislike_counter_number":"0"},"footnotes":""},"categories":[4,2,47],"tags":[23,54],"class_list":["post-21436","post","type-post","status-publish","format-standard","has-post-thumbnail","hentry","category-futbol","category-haberler","category-profesyonel-a-futbol-takimi","tag-fenerbahce","tag-futbol"],"amp_enabled":true,"_links":{"self":[{"href":"https:\/\/www.fener.org\/index.php\/wp-json\/wp\/v2\/posts\/21436","targetHints":{"allow":["GET"]}}],"collection":[{"href":"https:\/\/www.fener.org\/index.php\/wp-json\/wp\/v2\/posts"}],"about":[{"href":"https:\/\/www.fener.org\/index.php\/wp-json\/wp\/v2\/types\/post"}],"author":[{"embeddable":true,"href":"https:\/\/www.fener.org\/index.php\/wp-json\/wp\/v2\/users\/1"}],"replies":[{"embeddable":true,"href":"https:\/\/www.fener.org\/index.php\/wp-json\/wp\/v2\/comments?post=21436"}],"version-history":[{"count":1,"href":"https:\/\/www.fener.org\/index.php\/wp-json\/wp\/v2\/posts\/21436\/revisions"}],"predecessor-version":[{"id":21438,"href":"https:\/\/www.fener.org\/index.php\/wp-json\/wp\/v2\/posts\/21436\/revisions\/21438"}],"wp:featuredmedia":[{"embeddable":true,"href":"https:\/\/www.fener.org\/index.php\/wp-json\/wp\/v2\/media\/21437"}],"wp:attachment":[{"href":"https:\/\/www.fener.org\/index.php\/wp-json\/wp\/v2\/media?parent=21436"}],"wp:term":[{"taxonomy":"category","embeddable":true,"href":"https:\/\/www.fener.org\/index.php\/wp-json\/wp\/v2\/categories?post=21436"},{"taxonomy":"post_tag","embeddable":true,"href":"https:\/\/www.fener.org\/index.php\/wp-json\/wp\/v2\/tags?post=21436"}],"curies":[{"name":"wp","href":"https:\/\/api.w.org\/{rel}","templated":true}]}}