{"id":21264,"date":"2023-08-03T07:12:46","date_gmt":"2023-08-03T04:12:46","guid":{"rendered":"https:\/\/www.fener.org\/?p=21264"},"modified":"2023-08-03T07:12:52","modified_gmt":"2023-08-03T04:12:52","slug":"fenerbahceli-yuzucu-aleyna-ozkandan-turkiye-rekoru","status":"publish","type":"post","link":"https:\/\/www.fener.org\/index.php\/2023\/08\/03\/fenerbahceli-yuzucu-aleyna-ozkandan-turkiye-rekoru\/","title":{"rendered":"Fenerbah\u00e7eli y\u00fcz\u00fcc\u00fc Aleyna \u00d6zkan&#8217;dan T\u00fcrkiye rekoru"},"content":{"rendered":"\n<p>Ba\u015far\u0131l\u0131 y\u00fcz\u00fcc\u00fcm\u00fcz Aleyna \u00d6zkan, \u0130stanbul\u2019da d\u00fczenlenen milli tak\u0131m se\u00e7me m\u00fcsabakalar\u0131nda iki T\u00fcrkiye rekoru k\u0131rd\u0131.<\/p>\n\n\n\n<p>Sporcumuz 100 metre kelebek kategorisinde 00:58:09\u2019luk derecesiyle 14 y\u0131ld\u0131r k\u0131r\u0131lamayan A\u00e7\u0131k Ya\u015f Kad\u0131nlar T\u00fcrkiye rekorunu k\u0131rarken, 50 metre kelebek kategorisinde ise 00:25:95\u2019lik derecesiyle A\u00e7\u0131k Ya\u015f Kad\u0131nlar T\u00fcrkiye rekorunun yeni sahibi oldu.<\/p>\n","protected":false},"excerpt":{"rendered":"<p>Ba\u015far\u0131l\u0131 y\u00fcz\u00fcc\u00fcm\u00fcz Aleyna \u00d6zkan, \u0130stanbul\u2019da d\u00fczenlenen milli tak\u0131m se\u00e7me m\u00fcsabakalar\u0131nda iki T\u00fcrkiye rekoru k\u0131rd\u0131. Sporcumuz 100 metre kelebek kategorisinde 00:58:09\u2019luk derecesiyle 14 y\u0131ld\u0131r k\u0131r\u0131lamayan A\u00e7\u0131k Ya\u015f Kad\u0131nlar T\u00fcrkiye rekorunu k\u0131rarken, 50 metre kelebek kategorisinde ise 00:25:95\u2019lik derecesiyle A\u00e7\u0131k Ya\u015f Kad\u0131nlar T\u00fcrkiye rekorunun yeni sahibi oldu.<\/p>\n","protected":false},"author":1,"featured_media":21265,"comment_status":"closed","ping_status":"closed","sticky":false,"template":"","format":"standard","meta":{"jnews-multi-image_gallery":[],"jnews_single_post":{"subtitle":"","format":"standard","video":"","gallery":"","source_name":"","source_url":"","via_name":"","via_url":"","override_template":"0","override":[{"template":"1","single_blog_custom":"","parallax":"1","fullscreen":"1","layout":"right-sidebar","sidebar":"mysidebar","second_sidebar":"default-sidebar","sticky_sidebar":"1","share_position":"float","share_float_style":"share-normal","show_share_counter":"1","show_view_counter":"1","show_featured":"1","show_post_meta":"1","show_post_author":"0","show_post_author_image":"1","show_post_date":"1","post_date_format":"default","post_date_format_custom":"Y\/m\/d","show_post_category":"0","show_post_reading_time":"0","post_reading_time_wpm":"300","show_zoom_button":"0","zoom_button_out_step":"2","zoom_button_in_step":"3","show_post_tag":"0","show_prev_next_post":"1","show_popup_post":"0","number_popup_post":"3","show_author_box":"0","show_post_related":"0","show_inline_post_related":"0"}],"override_image_size":"0","image_override":[{"single_post_thumbnail_size":"crop-500","single_post_gallery_size":"crop-500"}],"trending_post":"0","trending_post_position":"meta","trending_post_label":"Trending","sponsored_post":"0","sponsored_post_label":"Sponsored by","sponsored_post_name":"","sponsored_post_url":"","sponsored_post_logo_enable":"0","sponsored_post_logo":"","sponsored_post_desc":"","disable_ad":"0"},"jnews_primary_category":{"id":"14","hide":""},"jnews_social_meta":{"fb_title":"","fb_description":"","fb_image":"","twitter_title":"","twitter_description":"","twitter_image":""},"jnews_override_counter":{"override_view_counter":"0","view_counter_number":"0","override_share_counter":"0","share_counter_number":"0","override_like_counter":"0","like_counter_number":"0","override_dislike_counter":"0","dislike_counter_number":"0"},"footnotes":""},"categories":[2,14],"tags":[23,33],"class_list":["post-21264","post","type-post","status-publish","format-standard","has-post-thumbnail","hentry","category-haberler","category-yuzme","tag-fenerbahce","tag-yuzme"],"amp_enabled":true,"_links":{"self":[{"href":"https:\/\/www.fener.org\/index.php\/wp-json\/wp\/v2\/posts\/21264","targetHints":{"allow":["GET"]}}],"collection":[{"href":"https:\/\/www.fener.org\/index.php\/wp-json\/wp\/v2\/posts"}],"about":[{"href":"https:\/\/www.fener.org\/index.php\/wp-json\/wp\/v2\/types\/post"}],"author":[{"embeddable":true,"href":"https:\/\/www.fener.org\/index.php\/wp-json\/wp\/v2\/users\/1"}],"replies":[{"embeddable":true,"href":"https:\/\/www.fener.org\/index.php\/wp-json\/wp\/v2\/comments?post=21264"}],"version-history":[{"count":1,"href":"https:\/\/www.fener.org\/index.php\/wp-json\/wp\/v2\/posts\/21264\/revisions"}],"predecessor-version":[{"id":21266,"href":"https:\/\/www.fener.org\/index.php\/wp-json\/wp\/v2\/posts\/21264\/revisions\/21266"}],"wp:featuredmedia":[{"embeddable":true,"href":"https:\/\/www.fener.org\/index.php\/wp-json\/wp\/v2\/media\/21265"}],"wp:attachment":[{"href":"https:\/\/www.fener.org\/index.php\/wp-json\/wp\/v2\/media?parent=21264"}],"wp:term":[{"taxonomy":"category","embeddable":true,"href":"https:\/\/www.fener.org\/index.php\/wp-json\/wp\/v2\/categories?post=21264"},{"taxonomy":"post_tag","embeddable":true,"href":"https:\/\/www.fener.org\/index.php\/wp-json\/wp\/v2\/tags?post=21264"}],"curies":[{"name":"wp","href":"https:\/\/api.w.org\/{rel}","templated":true}]}}