{"id":21225,"date":"2023-07-27T18:51:30","date_gmt":"2023-07-27T15:51:30","guid":{"rendered":"https:\/\/www.fener.org\/?p=21225"},"modified":"2023-07-27T18:51:34","modified_gmt":"2023-07-27T15:51:34","slug":"fenerbahce-zimbru-chisinauyla-oynanacak-rovans-maci-hazirliklarina-basladi","status":"publish","type":"post","link":"https:\/\/www.fener.org\/index.php\/2023\/07\/27\/fenerbahce-zimbru-chisinauyla-oynanacak-rovans-maci-hazirliklarina-basladi\/","title":{"rendered":"Fenerbah\u00e7e, Zimbru Chisinau\u2019yla oynanacak r\u00f6van\u015f ma\u00e7\u0131 haz\u0131rl\u0131klar\u0131na ba\u015flad\u0131"},"content":{"rendered":"\n<p>UEFA Avrupa Konferans Ligi 2. \u00f6n eleme turu r\u00f6van\u015f ma\u00e7\u0131nda 1 A\u011fustos Sal\u0131 g\u00fcn\u00fc deplasmanda Moldova&#8217;n\u0131n Zimbru Chisinau tak\u0131m\u0131 ile kar\u015f\u0131la\u015facak olan Fenerbah\u00e7emiz, bu ma\u00e7\u0131n haz\u0131rl\u0131klar\u0131na bug\u00fcn sabah saatlerinde Can Bartu Tesislerimizde yapt\u0131\u011f\u0131 antrenmanla ba\u015flad\u0131.<\/p>\n\n\n\n<p>Teknik Direkt\u00f6r\u00fcm\u00fcz \u0130smail Kartal y\u00f6netimindeki antrenman ko\u015fu, \u0131s\u0131nma ve koordinasyon \u00e7al\u0131\u015fmalar\u0131yla ba\u015flad\u0131. Pas \u00e7al\u0131\u015fmalar\u0131yla s\u00fcren idman, taktiksel ve bireysel \u00e7al\u0131\u015fmalarla tamamland\u0131. D\u00fcn oynanan Zimbru Chisinau ma\u00e7\u0131na ilk 11\u2019de ba\u015flayan oyuncular\u0131m\u0131z ise antrenman\u0131 rejenerasyon ve aktif dinlenmeye y\u00f6nelik \u00e7al\u0131\u015fmalarla tamamlad\u0131.<\/p>\n\n\n\n<p>Tak\u0131m\u0131m\u0131z, haz\u0131rl\u0131klar\u0131n\u0131 yar\u0131n yapaca\u011f\u0131 antrenmanla s\u00fcrd\u00fcrecek.<\/p>\n","protected":false},"excerpt":{"rendered":"<p>UEFA Avrupa Konferans Ligi 2. \u00f6n eleme turu r\u00f6van\u015f ma\u00e7\u0131nda 1 A\u011fustos Sal\u0131 g\u00fcn\u00fc deplasmanda Moldova&#8217;n\u0131n Zimbru Chisinau tak\u0131m\u0131 ile kar\u015f\u0131la\u015facak olan Fenerbah\u00e7emiz, bu ma\u00e7\u0131n haz\u0131rl\u0131klar\u0131na bug\u00fcn sabah saatlerinde Can Bartu Tesislerimizde yapt\u0131\u011f\u0131 antrenmanla ba\u015flad\u0131. Teknik Direkt\u00f6r\u00fcm\u00fcz \u0130smail Kartal y\u00f6netimindeki antrenman ko\u015fu, \u0131s\u0131nma ve koordinasyon \u00e7al\u0131\u015fmalar\u0131yla ba\u015flad\u0131. Pas \u00e7al\u0131\u015fmalar\u0131yla s\u00fcren idman, taktiksel ve bireysel \u00e7al\u0131\u015fmalarla [&hellip;]<\/p>\n","protected":false},"author":1,"featured_media":21226,"comment_status":"closed","ping_status":"closed","sticky":false,"template":"","format":"standard","meta":{"jnews-multi-image_gallery":[],"jnews_single_post":{"subtitle":"Fenerbah\u00e7e, UEFA Avrupa Konferans Ligi 2. \u00f6n eleme turu r\u00f6van\u015f ma\u00e7\u0131nda Zimbru Chisinau ile oynanacak m\u00fccadelenin haz\u0131rl\u0131klar\u0131na ba\u015flad\u0131.","format":"standard","video":"","gallery":"","source_name":"","source_url":"","via_name":"","via_url":"","override_template":"0","override":[{"template":"1","single_blog_custom":"","parallax":"1","fullscreen":"1","layout":"right-sidebar","sidebar":"mysidebar","second_sidebar":"default-sidebar","sticky_sidebar":"1","share_position":"float","share_float_style":"share-normal","show_share_counter":"1","show_view_counter":"1","show_featured":"1","show_post_meta":"1","show_post_author":"0","show_post_author_image":"1","show_post_date":"1","post_date_format":"default","post_date_format_custom":"Y\/m\/d","show_post_category":"0","show_post_reading_time":"0","post_reading_time_wpm":"300","show_zoom_button":"0","zoom_button_out_step":"2","zoom_button_in_step":"3","show_post_tag":"0","show_prev_next_post":"1","show_popup_post":"0","number_popup_post":"3","show_author_box":"0","show_post_related":"0","show_inline_post_related":"0"}],"override_image_size":"0","image_override":[{"single_post_thumbnail_size":"crop-500","single_post_gallery_size":"crop-500"}],"trending_post":"0","trending_post_position":"meta","trending_post_label":"Trending","sponsored_post":"0","sponsored_post_label":"Sponsored by","sponsored_post_name":"","sponsored_post_url":"","sponsored_post_logo_enable":"0","sponsored_post_logo":"","sponsored_post_desc":"","disable_ad":"0"},"jnews_primary_category":{"id":"4","hide":""},"jnews_social_meta":{"fb_title":"","fb_description":"","fb_image":"","twitter_title":"","twitter_description":"","twitter_image":""},"jnews_override_counter":{"override_view_counter":"0","view_counter_number":"0","override_share_counter":"0","share_counter_number":"0","override_like_counter":"0","like_counter_number":"0","override_dislike_counter":"0","dislike_counter_number":"0"},"footnotes":""},"categories":[4,2,47],"tags":[23,54],"class_list":["post-21225","post","type-post","status-publish","format-standard","has-post-thumbnail","hentry","category-futbol","category-haberler","category-profesyonel-a-futbol-takimi","tag-fenerbahce","tag-futbol"],"amp_enabled":true,"_links":{"self":[{"href":"https:\/\/www.fener.org\/index.php\/wp-json\/wp\/v2\/posts\/21225","targetHints":{"allow":["GET"]}}],"collection":[{"href":"https:\/\/www.fener.org\/index.php\/wp-json\/wp\/v2\/posts"}],"about":[{"href":"https:\/\/www.fener.org\/index.php\/wp-json\/wp\/v2\/types\/post"}],"author":[{"embeddable":true,"href":"https:\/\/www.fener.org\/index.php\/wp-json\/wp\/v2\/users\/1"}],"replies":[{"embeddable":true,"href":"https:\/\/www.fener.org\/index.php\/wp-json\/wp\/v2\/comments?post=21225"}],"version-history":[{"count":1,"href":"https:\/\/www.fener.org\/index.php\/wp-json\/wp\/v2\/posts\/21225\/revisions"}],"predecessor-version":[{"id":21227,"href":"https:\/\/www.fener.org\/index.php\/wp-json\/wp\/v2\/posts\/21225\/revisions\/21227"}],"wp:featuredmedia":[{"embeddable":true,"href":"https:\/\/www.fener.org\/index.php\/wp-json\/wp\/v2\/media\/21226"}],"wp:attachment":[{"href":"https:\/\/www.fener.org\/index.php\/wp-json\/wp\/v2\/media?parent=21225"}],"wp:term":[{"taxonomy":"category","embeddable":true,"href":"https:\/\/www.fener.org\/index.php\/wp-json\/wp\/v2\/categories?post=21225"},{"taxonomy":"post_tag","embeddable":true,"href":"https:\/\/www.fener.org\/index.php\/wp-json\/wp\/v2\/tags?post=21225"}],"curies":[{"name":"wp","href":"https:\/\/api.w.org\/{rel}","templated":true}]}}