{"id":21202,"date":"2023-07-24T20:26:13","date_gmt":"2023-07-24T17:26:13","guid":{"rendered":"https:\/\/www.fener.org\/?p=21202"},"modified":"2023-07-24T20:26:17","modified_gmt":"2023-07-24T17:26:17","slug":"fenerbahce-attila-szalaiye-veda-etti","status":"publish","type":"post","link":"https:\/\/www.fener.org\/index.php\/2023\/07\/24\/fenerbahce-attila-szalaiye-veda-etti\/","title":{"rendered":"Fenerbah\u00e7e Attila Szalai&#8217;ye veda etti"},"content":{"rendered":"\n<p>Fenerbah\u00e7e&#8217;de Attila Slazai Bundesliga ekiplerinden Hoffeinheim&#8217;e transfer oldu.<\/p>\n\n\n\n<p>Sar\u0131-lacivertliler, Attila Szalai&#8217;nin Alman Kul\u00fcb\u00fc TSG 1899 Hoffenheim&#8217;e 12.3 milyon Avro bedelle transfer olaca\u011f\u0131n\u0131 a\u00e7\u0131klarken, bu transferin y\u00fczde 13.5&#8217;luk pay\u0131n\u0131 Szalai&#8217;nin eski kul\u00fcb\u00fc Apollon Limassol&#8217;e \u00f6denecek.<\/p>\n\n\n\n<p>Macar savunmac\u0131 2,5 y\u0131ll\u0131k Fenerbah\u00e7e kariyerinde 117 ma\u00e7ta 7 gol, 4 asistlik bir performans sergiledi. Attila Szalai, Apollon Limasol&#8217;den 2,2 milyon euro bonservis bedeli kar\u015f\u0131l\u0131\u011f\u0131nda al\u0131nm\u0131\u015ft\u0131.<\/p>\n\n\n\n<p>Kul\u00fcb\u00fcm\u00fcz\u00fcn resmi sitesinde yay\u0131nlanan a\u00e7\u0131klamada \u015fu ifadeler yer ald\u0131:<\/p>\n\n\n\n<blockquote class=\"wp-block-quote is-layout-flow wp-block-quote-is-layout-flow\">\n<p>Kul\u00fcb\u00fcm\u00fcz Macar futbolcumuz Attila Szalai\u2019nin transferi konusunda Almanya\u2019n\u0131n Hoffenheim ekibi ile anla\u015fma sa\u011flam\u0131\u015ft\u0131r.<\/p>\n\n\n\n<p>2021 y\u0131l\u0131ndan itibaren Sar\u0131 Lacivert formam\u0131z\u0131 aidiyetle ta\u015f\u0131yan Attila Szalai\u2019ye armam\u0131za bug\u00fcne kadarki t\u00fcm katk\u0131lar\u0131 i\u00e7in te\u015fekk\u00fcr eder; kariyerinin yeni d\u00f6neminde kendisine sonsuz ba\u015far\u0131lar dileriz.<\/p>\n\n\n\n<p>Yolun a\u00e7\u0131k olsun Attila Szalai.<\/p>\n<\/blockquote>\n","protected":false},"excerpt":{"rendered":"<p>Fenerbah\u00e7e&#8217;de Attila Slazai Bundesliga ekiplerinden Hoffeinheim&#8217;e transfer oldu. Sar\u0131-lacivertliler, Attila Szalai&#8217;nin Alman Kul\u00fcb\u00fc TSG 1899 Hoffenheim&#8217;e 12.3 milyon Avro bedelle transfer olaca\u011f\u0131n\u0131 a\u00e7\u0131klarken, bu transferin y\u00fczde 13.5&#8217;luk pay\u0131n\u0131 Szalai&#8217;nin eski kul\u00fcb\u00fc Apollon Limassol&#8217;e \u00f6denecek. Macar savunmac\u0131 2,5 y\u0131ll\u0131k Fenerbah\u00e7e kariyerinde 117 ma\u00e7ta 7 gol, 4 asistlik bir performans sergiledi. Attila Szalai, Apollon Limasol&#8217;den 2,2 milyon [&hellip;]<\/p>\n","protected":false},"author":1,"featured_media":21204,"comment_status":"closed","ping_status":"closed","sticky":false,"template":"","format":"standard","meta":{"jnews-multi-image_gallery":[],"jnews_single_post":{"subtitle":"Fenerbah\u00e7e, Hoffeinheim'e transfer olan Attila Szalai'ye veda etti.","format":"standard","video":"","gallery":"","source_name":"","source_url":"","via_name":"","via_url":"","override_template":"0","override":[{"template":"1","single_blog_custom":"","parallax":"1","fullscreen":"1","layout":"right-sidebar","sidebar":"mysidebar","second_sidebar":"default-sidebar","sticky_sidebar":"1","share_position":"float","share_float_style":"share-normal","show_share_counter":"1","show_view_counter":"1","show_featured":"1","show_post_meta":"1","show_post_author":"0","show_post_author_image":"1","show_post_date":"1","post_date_format":"default","post_date_format_custom":"Y\/m\/d","show_post_category":"0","show_post_reading_time":"0","post_reading_time_wpm":"300","show_zoom_button":"0","zoom_button_out_step":"2","zoom_button_in_step":"3","show_post_tag":"0","show_prev_next_post":"1","show_popup_post":"0","number_popup_post":"3","show_author_box":"0","show_post_related":"0","show_inline_post_related":"0"}],"override_image_size":"0","image_override":[{"single_post_thumbnail_size":"crop-500","single_post_gallery_size":"crop-500"}],"trending_post":"0","trending_post_position":"meta","trending_post_label":"Trending","sponsored_post":"0","sponsored_post_label":"Sponsored by","sponsored_post_name":"","sponsored_post_url":"","sponsored_post_logo_enable":"0","sponsored_post_logo":"","sponsored_post_desc":"","disable_ad":"0"},"jnews_primary_category":{"id":"4","hide":""},"jnews_social_meta":{"fb_title":"","fb_description":"","fb_image":"","twitter_title":"","twitter_description":"","twitter_image":""},"jnews_override_counter":{"override_view_counter":"0","view_counter_number":"0","override_share_counter":"0","share_counter_number":"0","override_like_counter":"0","like_counter_number":"0","override_dislike_counter":"0","dislike_counter_number":"0"},"footnotes":""},"categories":[4,2,47],"tags":[23,54],"class_list":["post-21202","post","type-post","status-publish","format-standard","has-post-thumbnail","hentry","category-futbol","category-haberler","category-profesyonel-a-futbol-takimi","tag-fenerbahce","tag-futbol"],"amp_enabled":true,"_links":{"self":[{"href":"https:\/\/www.fener.org\/index.php\/wp-json\/wp\/v2\/posts\/21202","targetHints":{"allow":["GET"]}}],"collection":[{"href":"https:\/\/www.fener.org\/index.php\/wp-json\/wp\/v2\/posts"}],"about":[{"href":"https:\/\/www.fener.org\/index.php\/wp-json\/wp\/v2\/types\/post"}],"author":[{"embeddable":true,"href":"https:\/\/www.fener.org\/index.php\/wp-json\/wp\/v2\/users\/1"}],"replies":[{"embeddable":true,"href":"https:\/\/www.fener.org\/index.php\/wp-json\/wp\/v2\/comments?post=21202"}],"version-history":[{"count":1,"href":"https:\/\/www.fener.org\/index.php\/wp-json\/wp\/v2\/posts\/21202\/revisions"}],"predecessor-version":[{"id":21203,"href":"https:\/\/www.fener.org\/index.php\/wp-json\/wp\/v2\/posts\/21202\/revisions\/21203"}],"wp:featuredmedia":[{"embeddable":true,"href":"https:\/\/www.fener.org\/index.php\/wp-json\/wp\/v2\/media\/21204"}],"wp:attachment":[{"href":"https:\/\/www.fener.org\/index.php\/wp-json\/wp\/v2\/media?parent=21202"}],"wp:term":[{"taxonomy":"category","embeddable":true,"href":"https:\/\/www.fener.org\/index.php\/wp-json\/wp\/v2\/categories?post=21202"},{"taxonomy":"post_tag","embeddable":true,"href":"https:\/\/www.fener.org\/index.php\/wp-json\/wp\/v2\/tags?post=21202"}],"curies":[{"name":"wp","href":"https:\/\/api.w.org\/{rel}","templated":true}]}}