{"id":21199,"date":"2023-07-23T23:01:26","date_gmt":"2023-07-23T20:01:26","guid":{"rendered":"https:\/\/www.fener.org\/?p=21199"},"modified":"2023-07-23T23:01:31","modified_gmt":"2023-07-23T20:01:31","slug":"milli-kurekcimiz-elis-ozbay-u23-dunya-sampiyonu-oldu","status":"publish","type":"post","link":"https:\/\/www.fener.org\/index.php\/2023\/07\/23\/milli-kurekcimiz-elis-ozbay-u23-dunya-sampiyonu-oldu\/","title":{"rendered":"Milli k\u00fcrek\u00e7imiz Elis \u00d6zbay, U23 D\u00fcnya \u015eampiyonu oldu"},"content":{"rendered":"\n<p>Fenerbah\u00e7eli milli k\u00fcrek\u00e7imiz Elis \u00d6zbay, Bulgaristan\u2019\u0131n Plovdiv kentinin ev sahipli\u011finde d\u00fczenlenen 23 Ya\u015f Alt\u0131 D\u00fcnya K\u00fcrek \u015eampiyonas\u0131\u2019nda alt\u0131n madalya kazand\u0131.<\/p>\n\n\n\n<p>Elis \u00d6zbay hafif kilo tek \u00e7ifte A finalinde elde etti\u011fi 07:36.92\u2019lik dereceyle birinci olarak alt\u0131n madalyan\u0131n sahibi oldu. Yar\u0131\u015f\u0131 \u0130talya\u2019dan Ilaria Corazza ikinci, Kanada\u2019dan Karissa Riley ise \u00fc\u00e7\u00fcnc\u00fc tamamlad\u0131. Elis, yar\u0131\u015f\u0131n ard\u0131ndan d\u00fczenlenen t\u00f6renle madalyas\u0131n\u0131 ald\u0131.<\/p>\n\n\n\n<p>Elis, ge\u00e7ti\u011fimiz y\u0131l \u0130talya\u2019da yap\u0131lan U23 D\u00fcnya \u015eampiyonas\u0131\u2019nda g\u00fcm\u00fc\u015f madalya kazanm\u0131\u015ft\u0131.<\/p>\n","protected":false},"excerpt":{"rendered":"<p>Fenerbah\u00e7eli milli k\u00fcrek\u00e7imiz Elis \u00d6zbay, Bulgaristan\u2019\u0131n Plovdiv kentinin ev sahipli\u011finde d\u00fczenlenen 23 Ya\u015f Alt\u0131 D\u00fcnya K\u00fcrek \u015eampiyonas\u0131\u2019nda alt\u0131n madalya kazand\u0131. Elis \u00d6zbay hafif kilo tek \u00e7ifte A finalinde elde etti\u011fi 07:36.92\u2019lik dereceyle birinci olarak alt\u0131n madalyan\u0131n sahibi oldu. Yar\u0131\u015f\u0131 \u0130talya\u2019dan Ilaria Corazza ikinci, Kanada\u2019dan Karissa Riley ise \u00fc\u00e7\u00fcnc\u00fc tamamlad\u0131. Elis, yar\u0131\u015f\u0131n ard\u0131ndan d\u00fczenlenen t\u00f6renle madalyas\u0131n\u0131 [&hellip;]<\/p>\n","protected":false},"author":1,"featured_media":21200,"comment_status":"closed","ping_status":"closed","sticky":false,"template":"","format":"standard","meta":{"jnews-multi-image_gallery":[],"jnews_single_post":{"subtitle":"","format":"standard","video":"","gallery":"","source_name":"","source_url":"","via_name":"","via_url":"","override_template":"0","override":[{"template":"1","single_blog_custom":"","parallax":"1","fullscreen":"1","layout":"right-sidebar","sidebar":"mysidebar","second_sidebar":"default-sidebar","sticky_sidebar":"1","share_position":"float","share_float_style":"share-normal","show_share_counter":"1","show_view_counter":"1","show_featured":"1","show_post_meta":"1","show_post_author":"0","show_post_author_image":"1","show_post_date":"1","post_date_format":"default","post_date_format_custom":"Y\/m\/d","show_post_category":"0","show_post_reading_time":"0","post_reading_time_wpm":"300","show_zoom_button":"0","zoom_button_out_step":"2","zoom_button_in_step":"3","show_post_tag":"0","show_prev_next_post":"1","show_popup_post":"0","number_popup_post":"3","show_author_box":"0","show_post_related":"0","show_inline_post_related":"0"}],"override_image_size":"0","image_override":[{"single_post_thumbnail_size":"crop-500","single_post_gallery_size":"crop-500"}],"trending_post":"0","trending_post_position":"meta","trending_post_label":"Trending","sponsored_post":"0","sponsored_post_label":"Sponsored by","sponsored_post_name":"","sponsored_post_url":"","sponsored_post_logo_enable":"0","sponsored_post_logo":"","sponsored_post_desc":"","disable_ad":"0"},"jnews_primary_category":{"id":"11","hide":""},"jnews_social_meta":{"fb_title":"","fb_description":"","fb_image":"","twitter_title":"","twitter_description":"","twitter_image":""},"jnews_override_counter":{"override_view_counter":"0","view_counter_number":"0","override_share_counter":"0","share_counter_number":"0","override_like_counter":"0","like_counter_number":"0","override_dislike_counter":"0","dislike_counter_number":"0"},"footnotes":""},"categories":[2,11],"tags":[23,30],"class_list":["post-21199","post","type-post","status-publish","format-standard","has-post-thumbnail","hentry","category-haberler","category-kurek","tag-fenerbahce","tag-kurek"],"amp_enabled":true,"_links":{"self":[{"href":"https:\/\/www.fener.org\/index.php\/wp-json\/wp\/v2\/posts\/21199","targetHints":{"allow":["GET"]}}],"collection":[{"href":"https:\/\/www.fener.org\/index.php\/wp-json\/wp\/v2\/posts"}],"about":[{"href":"https:\/\/www.fener.org\/index.php\/wp-json\/wp\/v2\/types\/post"}],"author":[{"embeddable":true,"href":"https:\/\/www.fener.org\/index.php\/wp-json\/wp\/v2\/users\/1"}],"replies":[{"embeddable":true,"href":"https:\/\/www.fener.org\/index.php\/wp-json\/wp\/v2\/comments?post=21199"}],"version-history":[{"count":1,"href":"https:\/\/www.fener.org\/index.php\/wp-json\/wp\/v2\/posts\/21199\/revisions"}],"predecessor-version":[{"id":21201,"href":"https:\/\/www.fener.org\/index.php\/wp-json\/wp\/v2\/posts\/21199\/revisions\/21201"}],"wp:featuredmedia":[{"embeddable":true,"href":"https:\/\/www.fener.org\/index.php\/wp-json\/wp\/v2\/media\/21200"}],"wp:attachment":[{"href":"https:\/\/www.fener.org\/index.php\/wp-json\/wp\/v2\/media?parent=21199"}],"wp:term":[{"taxonomy":"category","embeddable":true,"href":"https:\/\/www.fener.org\/index.php\/wp-json\/wp\/v2\/categories?post=21199"},{"taxonomy":"post_tag","embeddable":true,"href":"https:\/\/www.fener.org\/index.php\/wp-json\/wp\/v2\/tags?post=21199"}],"curies":[{"name":"wp","href":"https:\/\/api.w.org\/{rel}","templated":true}]}}