{"id":21192,"date":"2023-07-23T12:13:33","date_gmt":"2023-07-23T09:13:33","guid":{"rendered":"https:\/\/www.fener.org\/?p=21192"},"modified":"2023-07-23T12:13:41","modified_gmt":"2023-07-23T09:13:41","slug":"genc-kurekcilerimiz-u23-dunya-sampiyonasinda-gumus-ve-bronz-madalya-kazandi","status":"publish","type":"post","link":"https:\/\/www.fener.org\/index.php\/2023\/07\/23\/genc-kurekcilerimiz-u23-dunya-sampiyonasinda-gumus-ve-bronz-madalya-kazandi\/","title":{"rendered":"Gen\u00e7 k\u00fcrek\u00e7ilerimiz U23 D\u00fcnya \u015eampiyonas\u0131\u2019nda g\u00fcm\u00fc\u015f ve bronz madalya kazand\u0131"},"content":{"rendered":"\n<p>Bulgaristan\u2019\u0131n Plovdiv kentinde d\u00fczenlenen U23 D\u00fcnya K\u00fcrek \u015eampiyonas\u0131\u2019nda milli forma alt\u0131nda yar\u0131\u015fan Fenerbah\u00e7e K\u00fcrek \u015eubemizin sporcular\u0131, g\u00fcm\u00fc\u015f ve bronz madalya kazand\u0131.<\/p>\n\n\n\n<p>U23 D\u00fcnya K\u00fcrek \u015eampiyonas\u0131 Bulgaristan\u2019\u0131n Plovdiv kentinde devam ediyor. Milli k\u00fcrek\u00e7ilerimiz Simla Suay Al\u0131nc\u0131 ve Irmak Fertu\u011f\u2019dan olu\u015fan hafif kilo iki tek tak\u0131m\u0131m\u0131z finalde elde etti\u011fi 07:37.87\u2019lik dereceyle U23 D\u00fcnya ikincisi oldu ve g\u00fcm\u00fc\u015f madalya kazand\u0131.<\/p>\n\n\n\n<p>K\u00fcrek \u015eubemizin sporcular\u0131 Ebru Ak\u0131nal ve Eda Erkan ile milli k\u00fcrek\u00e7iler Deniznur Serra Baykara ve Nisan \u0130par\u2019dan olu\u015fan hafif kilo d\u00f6rt \u00e7ifte tak\u0131m\u0131m\u0131z ise finalde elde etti\u011fi 06:46.01\u2019lik dereceyle U23 D\u00fcnya \u00fc\u00e7\u00fcnc\u00fcs\u00fc olarak bronz madalyan\u0131n sahibi oldular.<\/p>\n\n\n\n<p>\u00d6te yandan milli k\u00fcrek\u00e7imiz Elis \u00d6zbay, hafif kilo tek \u00e7iftede elde etti\u011fi 07:49.57\u2019lik dereceyle yar\u0131 final yar\u0131\u015f\u0131n\u0131 ikinci s\u0131rada tamamlayarak ad\u0131n\u0131 Final A\u2019ya yazd\u0131rd\u0131. 1x yar\u0131 final yar\u0131\u015f\u0131n\u0131 06:54.57\u2019lik dereceyle tamamlayan Cevdet Ege Mutlu ile k\u00fcrek\u00e7imiz Ahmet Ali Kabaday\u0131 ve milli k\u00fcrek\u00e7i \u015eefik \u00c7akmak\u2019tan olu\u015fan hafif kilo erkek iki \u00e7ifte tak\u0131m\u0131m\u0131z ise Final B\u2019de yar\u0131\u015facak.<\/p>\n","protected":false},"excerpt":{"rendered":"<p>Bulgaristan\u2019\u0131n Plovdiv kentinde d\u00fczenlenen U23 D\u00fcnya K\u00fcrek \u015eampiyonas\u0131\u2019nda milli forma alt\u0131nda yar\u0131\u015fan Fenerbah\u00e7e K\u00fcrek \u015eubemizin sporcular\u0131, g\u00fcm\u00fc\u015f ve bronz madalya kazand\u0131. U23 D\u00fcnya K\u00fcrek \u015eampiyonas\u0131 Bulgaristan\u2019\u0131n Plovdiv kentinde devam ediyor. Milli k\u00fcrek\u00e7ilerimiz Simla Suay Al\u0131nc\u0131 ve Irmak Fertu\u011f\u2019dan olu\u015fan hafif kilo iki tek tak\u0131m\u0131m\u0131z finalde elde etti\u011fi 07:37.87\u2019lik dereceyle U23 D\u00fcnya ikincisi oldu ve g\u00fcm\u00fc\u015f [&hellip;]<\/p>\n","protected":false},"author":1,"featured_media":21193,"comment_status":"closed","ping_status":"closed","sticky":false,"template":"","format":"standard","meta":{"jnews-multi-image_gallery":[],"jnews_single_post":{"subtitle":"","format":"standard","video":"","gallery":"","source_name":"","source_url":"","via_name":"","via_url":"","override_template":"0","override":[{"template":"1","single_blog_custom":"","parallax":"1","fullscreen":"1","layout":"right-sidebar","sidebar":"mysidebar","second_sidebar":"default-sidebar","sticky_sidebar":"1","share_position":"float","share_float_style":"share-normal","show_share_counter":"1","show_view_counter":"1","show_featured":"1","show_post_meta":"1","show_post_author":"0","show_post_author_image":"1","show_post_date":"1","post_date_format":"default","post_date_format_custom":"Y\/m\/d","show_post_category":"0","show_post_reading_time":"0","post_reading_time_wpm":"300","show_zoom_button":"0","zoom_button_out_step":"2","zoom_button_in_step":"3","show_post_tag":"0","show_prev_next_post":"1","show_popup_post":"0","number_popup_post":"3","show_author_box":"0","show_post_related":"0","show_inline_post_related":"0"}],"override_image_size":"0","image_override":[{"single_post_thumbnail_size":"crop-500","single_post_gallery_size":"crop-500"}],"trending_post":"0","trending_post_position":"meta","trending_post_label":"Trending","sponsored_post":"0","sponsored_post_label":"Sponsored by","sponsored_post_name":"","sponsored_post_url":"","sponsored_post_logo_enable":"0","sponsored_post_logo":"","sponsored_post_desc":"","disable_ad":"0"},"jnews_primary_category":{"id":"11","hide":""},"jnews_social_meta":{"fb_title":"","fb_description":"","fb_image":"","twitter_title":"","twitter_description":"","twitter_image":""},"jnews_override_counter":{"override_view_counter":"0","view_counter_number":"0","override_share_counter":"0","share_counter_number":"0","override_like_counter":"0","like_counter_number":"0","override_dislike_counter":"0","dislike_counter_number":"0"},"footnotes":""},"categories":[2,3],"tags":[23,30],"class_list":["post-21192","post","type-post","status-publish","format-standard","has-post-thumbnail","hentry","category-haberler","category-kulup","tag-fenerbahce","tag-kurek"],"amp_enabled":true,"_links":{"self":[{"href":"https:\/\/www.fener.org\/index.php\/wp-json\/wp\/v2\/posts\/21192","targetHints":{"allow":["GET"]}}],"collection":[{"href":"https:\/\/www.fener.org\/index.php\/wp-json\/wp\/v2\/posts"}],"about":[{"href":"https:\/\/www.fener.org\/index.php\/wp-json\/wp\/v2\/types\/post"}],"author":[{"embeddable":true,"href":"https:\/\/www.fener.org\/index.php\/wp-json\/wp\/v2\/users\/1"}],"replies":[{"embeddable":true,"href":"https:\/\/www.fener.org\/index.php\/wp-json\/wp\/v2\/comments?post=21192"}],"version-history":[{"count":1,"href":"https:\/\/www.fener.org\/index.php\/wp-json\/wp\/v2\/posts\/21192\/revisions"}],"predecessor-version":[{"id":21194,"href":"https:\/\/www.fener.org\/index.php\/wp-json\/wp\/v2\/posts\/21192\/revisions\/21194"}],"wp:featuredmedia":[{"embeddable":true,"href":"https:\/\/www.fener.org\/index.php\/wp-json\/wp\/v2\/media\/21193"}],"wp:attachment":[{"href":"https:\/\/www.fener.org\/index.php\/wp-json\/wp\/v2\/media?parent=21192"}],"wp:term":[{"taxonomy":"category","embeddable":true,"href":"https:\/\/www.fener.org\/index.php\/wp-json\/wp\/v2\/categories?post=21192"},{"taxonomy":"post_tag","embeddable":true,"href":"https:\/\/www.fener.org\/index.php\/wp-json\/wp\/v2\/tags?post=21192"}],"curies":[{"name":"wp","href":"https:\/\/api.w.org\/{rel}","templated":true}]}}