{"id":2119,"date":"2018-10-12T00:15:24","date_gmt":"2018-10-11T21:15:24","guid":{"rendered":"https:\/\/www.fener.org\/?p=2119"},"modified":"2018-10-12T00:15:24","modified_gmt":"2018-10-11T21:15:24","slug":"volkan-demirel-baskanimiza-saygisizlik-etmek-haddim-degildir","status":"publish","type":"post","link":"https:\/\/www.fener.org\/index.php\/2018\/10\/12\/volkan-demirel-baskanimiza-saygisizlik-etmek-haddim-degildir\/","title":{"rendered":"Volkan Demirel: Ba\u015fkan\u0131m\u0131za sayg\u0131s\u0131zl\u0131k etmek haddim de\u011fildir"},"content":{"rendered":"<p>Ge\u00e7ti\u011fimiz g\u00fcnlerde kadro d\u0131\u015f\u0131 b\u0131rak\u0131lan kalecimiz Volkan Demirel, resmi sitesinden yapt\u0131\u011f\u0131 a\u00e7\u0131klamayla Ba\u015fkan\u0131m\u0131z Ali Ko\u00e7&#8217;a yan\u0131t verdi.<\/p>\n<p>&#8216;Ba\u015fkan\u0131m\u0131za sayg\u0131s\u0131zl\u0131k etmek haddim de\u011fildir&#8217; diyen Volkan, bu \u015fekilde kadro d\u0131\u015f\u0131 kalmay\u0131 hak etmedi\u011fini s\u00f6yledi.<\/p>\n<p>Volkan Demirel&#8217;in resmin web sitesinden &#8216;Sevgili Fenerbah\u00e7eliler&#8217; ba\u015fl\u0131\u011f\u0131 ile yay\u0131nlad\u0131\u011f\u0131 mesaj\u0131 \u015fu \u015fekilde:<\/p>\n<p>&#8220;Sevgili Fenerbah\u00e7eliler,<\/p>\n<p>\u00d6ncelikle bilmenizi isterim ki, bug\u00fcn \u015fahsen i\u00e7inde oldu\u011fum durumdan ve hatta bu a\u00e7\u0131klamay\u0131 yap\u0131yor olmamdan dolay\u0131 \u00e7ok \u00fczg\u00fcn\u00fcm. Bildi\u011finiz \u00fczere ge\u00e7ti\u011fimiz cuma g\u00fcn\u00fc kadro d\u0131\u015f\u0131 b\u0131rak\u0131ld\u0131\u011f\u0131m\u0131 \u00f6\u011frendim. Bunu \u00f6\u011frenme \u015feklime ve nedenlerine daha sonra gelece\u011fim fakat \u00f6nce \u015funun alt\u0131n\u0131 \u00e7izmek isterim ki; kadro d\u0131\u015f\u0131 kald\u0131\u011f\u0131m g\u00fcnden, Say\u0131n Ba\u015fkan\u0131m\u0131z Ali Ko\u00e7&#8217;un a\u00e7\u0131klama yapt\u0131\u011f\u0131 \u00e7ar\u015famba g\u00fcn\u00fcne kadar, sportif direkt\u00f6r\u00fcm\u00fcz Damien Comolli&#8217;ye bir\u00e7ok kez sormama ra\u011fmen neden kadro d\u0131\u015f\u0131 kald\u0131\u011f\u0131ma dair bana hi\u00e7bir sebep g\u00f6sterilmemi\u015ftir.<\/p>\n<p>Sebepleri ben de sizler gibi Ba\u015fkan\u0131m\u0131z\u0131n yapt\u0131\u011f\u0131 a\u00e7\u0131klama ile \u00f6\u011frendim. Ayr\u0131ca \u00f6nemle belirtmek isterim ki, bu zaman zarf\u0131nda ne yaz\u0131l\u0131 ne g\u00f6rsel bas\u0131na tek bir a\u00e7\u0131klama yapmad\u0131m. Yapaca\u011f\u0131m en ufak bir a\u00e7\u0131klaman\u0131n, s\u00f6yleyece\u011fim herhangi bir s\u00f6z\u00fcn Fenerbah\u00e7e\u2019ye zarar verece\u011finin bilincindeydim.<\/p>\n<p>Say\u0131n Ba\u015fkan\u0131m\u0131z Ali Ko\u00e7&#8217;un yapt\u0131\u011f\u0131 a\u00e7\u0131klamalara istinaden baz\u0131 konulara kendi a\u00e7\u0131mdan da a\u00e7\u0131kl\u0131k getirmek isterim. K\u00f6t\u00fc gidi\u015fat, t\u00fcm Fenerbah\u00e7e taraftarlar\u0131n\u0131 etkiledi\u011fi gibi beni de derinden etkilemi\u015ftir. Dolay\u0131s\u0131yla Ba\u015fkan\u0131m\u0131z\u0131n da s\u00f6yledi\u011fi gibi tak\u0131m\u0131 a\u015f\u0131r\u0131 sahiplenmem ve olaylara duygusal yakla\u015f\u0131m\u0131m sebebiyle so\u011fukkanl\u0131l\u0131\u011f\u0131m\u0131 koruyamad\u0131\u011f\u0131m zamanlar olmu\u015ftur. Bu zamanlardan bir tanesi hatta en \u00f6nemlisi, Ba\u015fkan\u0131m\u0131z Ali Ko\u00e7 ve Asba\u015fkan\u0131m\u0131z Semih \u00d6zsoy&#8217;un da bulundu\u011fu yerli oyuncularla yap\u0131lan tak\u0131m toplant\u0131s\u0131 esnas\u0131nda olmu\u015ftur.<\/p>\n<p>\u00d6nemle belirtmek isterim ki, benim Fenerbah\u00e7e futbol tak\u0131m\u0131 kaptan\u0131 olarak Ba\u015fkan\u0131m\u0131za sayg\u0131s\u0131zl\u0131k etmek haddim de\u011fildir. Bu konu\u015fmada kendisine asla sesimi y\u00fckseltmedim, sayg\u0131s\u0131zl\u0131k olarak addedilecek bir s\u00f6z s\u00f6ylemedim. Belirtmi\u015f oldu\u011fum gibi zaten b\u00f6yle bir \u015fey de m\u00fcmk\u00fcn de\u011fildir.<\/p>\n<p>Say\u0131n Ba\u015fkan\u0131m\u0131z\u0131n &#8220;Bana sayg\u0131s\u0131zl\u0131k yapm\u0131\u015ft\u0131r&#8221; s\u00f6zlerinin Asba\u015fkan\u0131m\u0131z Semih \u00d6zsoy ile aram\u0131zda olan konu\u015fmay\u0131 sayg\u0131s\u0131zl\u0131k olarak nitelendirmesinden dolay\u0131 oldu\u011funu d\u00fc\u015f\u00fcn\u00fcyorum. Say\u0131n Semih \u00d6zsoy ile aram\u0131zda ge\u00e7en konu\u015fmada zaman zaman ses tonumuzun y\u00fckseldi\u011finin bilincindeyim. Ama ben bunu yine de sayg\u0131s\u0131zl\u0131k olarak nitelendirmemekteyim. S\u00f6z konusu Fenerbah\u00e7e&#8217;nin mevcut durumu ve gelece\u011fi olunca, t\u00fcm ger\u00e7ekleri i\u00e7imden geldi\u011fi gibi a\u00e7\u0131klamak gere\u011fi hissettim. \u00c7\u00fcnk\u00fc bana tak\u0131m i\u00e7indeki sorunlar ve sebepleri soruldu, ben de hem tak\u0131m kaptan\u0131 hem de bir Fenerbah\u00e7eli olarak g\u00f6rd\u00fcklerimi d\u00fcr\u00fcst\u00e7e s\u00f6yledim.<\/p>\n<p>Bu konu\u015fma sonras\u0131nda Ba\u015fkan\u0131m\u0131z Ali Ko\u00e7 ile yapt\u0131\u011f\u0131m\u0131z bire bir g\u00f6r\u00fc\u015fmede ise, Ba\u015fkan\u0131m\u0131z bana Say\u0131n Semih \u00d6zsoy ile aram\u0131zda ge\u00e7en konu\u015fman\u0131n ho\u015f olmad\u0131\u011f\u0131n\u0131, bu durumu kendisi ile konu\u015fup d\u00fczeltmemiz gerekti\u011fini belirtmi\u015ftir. Bu toplant\u0131n\u0131n oldu\u011fu g\u00fcn\u00fcn hemen ak\u015fam\u0131nda menajerim Erdin\u00e7 \u015eehit ile Asba\u015fkan Semih \u00d6zsoy&#8217;a \u00fc\u00e7 defa telefon ile ula\u015fmaya \u00e7al\u0131\u015fm\u0131\u015f olmam\u0131za ra\u011fmen geri d\u00f6n\u00fc\u015f olmam\u0131\u015ft\u0131r. Ertesi g\u00fcn, kadro d\u0131\u015f\u0131 kald\u0131\u011f\u0131m\u0131 sportif direkt\u00f6r\u00fcm\u00fcz Damien Comolli&#8217;nin beni telefon ile arayarak s\u00f6ylemesiyle \u00f6\u011frendim.<\/p>\n<p>Bir di\u011fer konu yukar\u0131da bahsetti\u011fim olaylardan daha \u00f6nce ger\u00e7ekle\u015fmi\u015f olan Erwin Koeman ile ya\u015fad\u0131\u011f\u0131m tart\u0131\u015fmad\u0131r ki bu tarz tart\u0131\u015fmalar ve \u00e7ok daha \u015fiddetlileri soyunma odalar\u0131nda ya\u015fan\u0131r. Bunu da futbolun i\u00e7inde olan herkes bilir. \u00d6zellikle belirtmek isterim ki; evet Erwin Koeman ile aram\u0131zda bir s\u00f6zl\u00fc diyalog ya\u015fanm\u0131\u015ft\u0131r ama &#8220;\u00fczerine y\u00fcr\u00fcmek&#8221; gibi bir eylem hele ki Say\u0131n Ba\u015fkan\u0131m\u0131za aktar\u0131ld\u0131\u011f\u0131 gibi \u00f6nceden planlanm\u0131\u015f bir durum asla s\u00f6z konusu de\u011fildir. Bu olaya orada bulunanlar \u015fahittir. Bu konu da Say\u0131n Ba\u015fkan\u0131m\u0131za yanl\u0131\u015f ve eksik aktar\u0131lm\u0131\u015ft\u0131r.<\/p>\n<p>Son olarak de\u011finmek istedi\u011fim bir di\u011fer konu, Ba\u015fkan\u0131m\u0131z\u0131n da konu\u015fmas\u0131nda belirtti\u011fi gibi, aram\u0131zda kendisinin Ba\u015fkan olmas\u0131ndan \u00e7ok \u00f6ncesine dayanan bir sevgi ba\u011f\u0131m\u0131z oldu\u011fudur. Kendisi benim ve ailemin her zaman \u00e7ok sayg\u0131 ve sevgi duydu\u011fu bir ki\u015fi olmu\u015ftur, olmaya da devam edecektir.<\/p>\n<p>Say\u0131n Ba\u015fkan\u0131m\u0131z ve Fenerbah\u00e7e\u2019mizin daha uzun y\u0131llar b\u00fcy\u00fck ba\u015far\u0131lara imza ataca\u011f\u0131na y\u00fcrekten inan\u0131yorum. Aksini d\u00fc\u015f\u00fcnd\u00fc\u011f\u00fcm tek bir an dahi olmam\u0131\u015ft\u0131r. Ona t\u00fcm camiam\u0131z ve taraftarlar\u0131m\u0131z gibi benim de g\u00fcvenimin tam oldu\u011funun a\u00e7\u0131k\u00e7a bilinmesini isterim.<\/p>\n<p>Ben her zaman Fenerbah\u00e7e\u2019ye olan ba\u011fl\u0131l\u0131\u011f\u0131n\u0131 her \u015feyin \u00fcst\u00fcnde tutan bir oyuncu oldum, evet ge\u00e7mi\u015fte de bu y\u00fczden \u00e7ok ele\u015ftirildim ve ele\u015ftirilmeye devam ediyorum. \u00c7\u00fcnk\u00fc benim i\u00e7in kendimden ve kariyerimden bile \u00fcst\u00fcnd\u00fcr bu sevgi. \u0130\u00e7tenlikle s\u00f6yl\u00fcyorum ki 17 sezondur bu kul\u00fcb\u00fcn bir oyuncusu ve kaptan\u0131 olarak, bu \u015fekilde kadro d\u0131\u015f\u0131 kalm\u0131\u015f olmay\u0131 hak etmiyorum. Yine de Fenerbah\u00e7e\u2019m i\u00e7in su\u00e7lu olmad\u0131\u011f\u0131m\u0131 d\u00fc\u015f\u00fcnd\u00fc\u011f\u00fcm halde benden beklenilen \u00f6z\u00fcr dilemem ise, \u00f6zr\u00fcm\u00fc dilerim.<\/p>\n<p>Herkes bilsin ki, her zaman Fenerbah\u00e7e\u2019nin ba\u015far\u0131s\u0131 i\u00e7in ne bekleniyorsa yapmaya haz\u0131r\u0131m. Bunun i\u00e7in bana verilen program dahilinde gerekirse alt yap\u0131ya da giderim, tekrar A tak\u0131ma da d\u00f6nerim.<\/p>\n<p>Sayg\u0131lar\u0131mla<br \/>\nVolkan Demirel&#8221;<\/p>\n","protected":false},"excerpt":{"rendered":"<p>Ge\u00e7ti\u011fimiz g\u00fcnlerde kadro d\u0131\u015f\u0131 b\u0131rak\u0131lan kalecimiz Volkan Demirel, resmi sitesinden yapt\u0131\u011f\u0131 a\u00e7\u0131klamayla Ba\u015fkan\u0131m\u0131z Ali Ko\u00e7&#8217;a yan\u0131t verdi. &#8216;Ba\u015fkan\u0131m\u0131za sayg\u0131s\u0131zl\u0131k etmek haddim de\u011fildir&#8217; diyen Volkan, bu \u015fekilde kadro d\u0131\u015f\u0131 kalmay\u0131 hak etmedi\u011fini s\u00f6yledi. Volkan Demirel&#8217;in resmin web sitesinden &#8216;Sevgili Fenerbah\u00e7eliler&#8217; ba\u015fl\u0131\u011f\u0131 ile yay\u0131nlad\u0131\u011f\u0131 mesaj\u0131 \u015fu \u015fekilde: &#8220;Sevgili Fenerbah\u00e7eliler, \u00d6ncelikle bilmenizi isterim ki, bug\u00fcn \u015fahsen i\u00e7inde oldu\u011fum [&hellip;]<\/p>\n","protected":false},"author":1,"featured_media":2120,"comment_status":"closed","ping_status":"closed","sticky":false,"template":"","format":"standard","meta":{"jnews-multi-image_gallery":[],"jnews_single_post":{"override_template":"0","override":[{"template":"1","single_blog_custom":"","parallax":"1","fullscreen":"0","layout":"right-sidebar","sidebar":"default-sidebar","second_sidebar":"default-sidebar","sticky_sidebar":"1","share_position":"top","share_float_style":"share-monocrhome","show_share_counter":"1","show_view_counter":"1","show_featured":"1","show_post_meta":"1","show_post_author":"1","show_post_author_image":"1","show_post_date":"1","post_date_format":"default","post_date_format_custom":"Y\/m\/d","show_post_category":"1","show_post_tag":"1","show_prev_next_post":"1","show_popup_post":"1","number_popup_post":"1","show_author_box":"0","show_post_related":"1","show_inline_post_related":"0"}],"override_image_size":"0","image_override":[{"single_post_thumbnail_size":"crop-500","single_post_gallery_size":"crop-500"}],"trending_post":"0","trending_post_position":"meta","trending_post_label":"Trending"},"jnews_primary_category":{"id":"4"},"jnews_social_meta":{"fb_title":"","fb_description":"","fb_image":"","twitter_title":"","twitter_description":"","twitter_image":""},"jnews_override_counter":{"override_view_counter":"0","view_counter_number":"0","override_share_counter":"0","share_counter_number":"0","override_like_counter":"0","like_counter_number":"0","override_dislike_counter":"0","dislike_counter_number":"0"},"footnotes":""},"categories":[4,2,47],"tags":[54,53],"class_list":["post-2119","post","type-post","status-publish","format-standard","has-post-thumbnail","hentry","category-futbol","category-haberler","category-profesyonel-a-futbol-takimi","tag-futbol","tag-profesyonel-a-futbol-takimi"],"amp_enabled":true,"_links":{"self":[{"href":"https:\/\/www.fener.org\/index.php\/wp-json\/wp\/v2\/posts\/2119","targetHints":{"allow":["GET"]}}],"collection":[{"href":"https:\/\/www.fener.org\/index.php\/wp-json\/wp\/v2\/posts"}],"about":[{"href":"https:\/\/www.fener.org\/index.php\/wp-json\/wp\/v2\/types\/post"}],"author":[{"embeddable":true,"href":"https:\/\/www.fener.org\/index.php\/wp-json\/wp\/v2\/users\/1"}],"replies":[{"embeddable":true,"href":"https:\/\/www.fener.org\/index.php\/wp-json\/wp\/v2\/comments?post=2119"}],"version-history":[{"count":2,"href":"https:\/\/www.fener.org\/index.php\/wp-json\/wp\/v2\/posts\/2119\/revisions"}],"predecessor-version":[{"id":2122,"href":"https:\/\/www.fener.org\/index.php\/wp-json\/wp\/v2\/posts\/2119\/revisions\/2122"}],"wp:featuredmedia":[{"embeddable":true,"href":"https:\/\/www.fener.org\/index.php\/wp-json\/wp\/v2\/media\/2120"}],"wp:attachment":[{"href":"https:\/\/www.fener.org\/index.php\/wp-json\/wp\/v2\/media?parent=2119"}],"wp:term":[{"taxonomy":"category","embeddable":true,"href":"https:\/\/www.fener.org\/index.php\/wp-json\/wp\/v2\/categories?post=2119"},{"taxonomy":"post_tag","embeddable":true,"href":"https:\/\/www.fener.org\/index.php\/wp-json\/wp\/v2\/tags?post=2119"}],"curies":[{"name":"wp","href":"https:\/\/api.w.org\/{rel}","templated":true}]}}