{"id":21157,"date":"2023-07-17T22:11:18","date_gmt":"2023-07-17T19:11:18","guid":{"rendered":"https:\/\/www.fener.org\/?p=21157"},"modified":"2023-07-17T22:11:25","modified_gmt":"2023-07-17T19:11:25","slug":"fenerbahcede-samatta-ile-yollar-ayrildi","status":"publish","type":"post","link":"https:\/\/www.fener.org\/index.php\/2023\/07\/17\/fenerbahcede-samatta-ile-yollar-ayrildi\/","title":{"rendered":"Fenerbah\u00e7e&#8217;de Samatta ile yollar ayr\u0131ld\u0131"},"content":{"rendered":"\n<p>Fenerbah\u00e7emiz, yeni sezon planlamas\u0131 \u00e7er\u00e7evesinde futbolcular\u0131ndan Mbwana Samatta&#8217;n\u0131n Yunanistan&#8217;\u0131n Paok Kul\u00fcb\u00fc&#8217;ne transfer oldu\u011funu duyurdu.<\/p>\n\n\n\n<p>Kul\u00fcb\u00fcm\u00fcz\u00fcn resmi sitesinde yay\u0131nlanan a\u00e7\u0131klamada \u015f\u00f6yle denildi:<\/p>\n\n\n\n<blockquote class=\"wp-block-quote is-layout-flow wp-block-quote-is-layout-flow\">\n<p>Yeni sezon yap\u0131lanmas\u0131n\u0131 s\u00fcrd\u00fcren Profesyonel Futbol Tak\u0131m\u0131m\u0131zda futbolcular\u0131m\u0131zdan Mbwana Samatta, Yunanistan\u2019\u0131n Paok Kul\u00fcb\u00fcne transfer olmu\u015ftur.<\/p>\n\n\n\n<p>Oyuncuya bundan sonraki kariyerinde ba\u015far\u0131lar dileriz.<\/p>\n\n\n\n<p><strong>Fenerbah\u00e7e Spor Kul\u00fcb\u00fc<\/strong><\/p>\n<\/blockquote>\n","protected":false},"excerpt":{"rendered":"<p>Fenerbah\u00e7emiz, yeni sezon planlamas\u0131 \u00e7er\u00e7evesinde futbolcular\u0131ndan Mbwana Samatta&#8217;n\u0131n Yunanistan&#8217;\u0131n Paok Kul\u00fcb\u00fc&#8217;ne transfer oldu\u011funu duyurdu. Kul\u00fcb\u00fcm\u00fcz\u00fcn resmi sitesinde yay\u0131nlanan a\u00e7\u0131klamada \u015f\u00f6yle denildi: Yeni sezon yap\u0131lanmas\u0131n\u0131 s\u00fcrd\u00fcren Profesyonel Futbol Tak\u0131m\u0131m\u0131zda futbolcular\u0131m\u0131zdan Mbwana Samatta, Yunanistan\u2019\u0131n Paok Kul\u00fcb\u00fcne transfer olmu\u015ftur. Oyuncuya bundan sonraki kariyerinde ba\u015far\u0131lar dileriz. Fenerbah\u00e7e Spor Kul\u00fcb\u00fc<\/p>\n","protected":false},"author":1,"featured_media":21158,"comment_status":"closed","ping_status":"closed","sticky":false,"template":"","format":"standard","meta":{"jnews-multi-image_gallery":[],"jnews_single_post":{"subtitle":"Fenerbah\u00e7e, Mbwana Samatta'n\u0131n Yunanistan'\u0131n Paok Kul\u00fcb\u00fc'ne transfer oldu\u011funu duyurdu.","format":"standard","video":"","gallery":"","source_name":"","source_url":"","via_name":"","via_url":"","override_template":"0","override":[{"template":"1","single_blog_custom":"","parallax":"1","fullscreen":"1","layout":"right-sidebar","sidebar":"mysidebar","second_sidebar":"default-sidebar","sticky_sidebar":"1","share_position":"float","share_float_style":"share-normal","show_share_counter":"1","show_view_counter":"1","show_featured":"1","show_post_meta":"1","show_post_author":"0","show_post_author_image":"1","show_post_date":"1","post_date_format":"default","post_date_format_custom":"Y\/m\/d","show_post_category":"0","show_post_reading_time":"0","post_reading_time_wpm":"300","show_zoom_button":"0","zoom_button_out_step":"2","zoom_button_in_step":"3","show_post_tag":"0","show_prev_next_post":"1","show_popup_post":"0","number_popup_post":"3","show_author_box":"0","show_post_related":"0","show_inline_post_related":"0"}],"override_image_size":"0","image_override":[{"single_post_thumbnail_size":"crop-500","single_post_gallery_size":"crop-500"}],"trending_post":"0","trending_post_position":"meta","trending_post_label":"Trending","sponsored_post":"0","sponsored_post_label":"Sponsored by","sponsored_post_name":"","sponsored_post_url":"","sponsored_post_logo_enable":"0","sponsored_post_logo":"","sponsored_post_desc":"","disable_ad":"0"},"jnews_primary_category":{"id":"4","hide":""},"jnews_social_meta":{"fb_title":"","fb_description":"","fb_image":"","twitter_title":"","twitter_description":"","twitter_image":""},"jnews_override_counter":{"override_view_counter":"0","view_counter_number":"0","override_share_counter":"0","share_counter_number":"0","override_like_counter":"0","like_counter_number":"0","override_dislike_counter":"0","dislike_counter_number":"0"},"footnotes":""},"categories":[4,2,47],"tags":[23,54],"class_list":["post-21157","post","type-post","status-publish","format-standard","has-post-thumbnail","hentry","category-futbol","category-haberler","category-profesyonel-a-futbol-takimi","tag-fenerbahce","tag-futbol"],"amp_enabled":true,"_links":{"self":[{"href":"https:\/\/www.fener.org\/index.php\/wp-json\/wp\/v2\/posts\/21157","targetHints":{"allow":["GET"]}}],"collection":[{"href":"https:\/\/www.fener.org\/index.php\/wp-json\/wp\/v2\/posts"}],"about":[{"href":"https:\/\/www.fener.org\/index.php\/wp-json\/wp\/v2\/types\/post"}],"author":[{"embeddable":true,"href":"https:\/\/www.fener.org\/index.php\/wp-json\/wp\/v2\/users\/1"}],"replies":[{"embeddable":true,"href":"https:\/\/www.fener.org\/index.php\/wp-json\/wp\/v2\/comments?post=21157"}],"version-history":[{"count":1,"href":"https:\/\/www.fener.org\/index.php\/wp-json\/wp\/v2\/posts\/21157\/revisions"}],"predecessor-version":[{"id":21159,"href":"https:\/\/www.fener.org\/index.php\/wp-json\/wp\/v2\/posts\/21157\/revisions\/21159"}],"wp:featuredmedia":[{"embeddable":true,"href":"https:\/\/www.fener.org\/index.php\/wp-json\/wp\/v2\/media\/21158"}],"wp:attachment":[{"href":"https:\/\/www.fener.org\/index.php\/wp-json\/wp\/v2\/media?parent=21157"}],"wp:term":[{"taxonomy":"category","embeddable":true,"href":"https:\/\/www.fener.org\/index.php\/wp-json\/wp\/v2\/categories?post=21157"},{"taxonomy":"post_tag","embeddable":true,"href":"https:\/\/www.fener.org\/index.php\/wp-json\/wp\/v2\/tags?post=21157"}],"curies":[{"name":"wp","href":"https:\/\/api.w.org\/{rel}","templated":true}]}}