{"id":21007,"date":"2023-06-12T20:17:59","date_gmt":"2023-06-12T17:17:59","guid":{"rendered":"https:\/\/www.fener.org\/?p=21007"},"modified":"2023-06-12T20:18:03","modified_gmt":"2023-06-12T17:18:03","slug":"fenerbahceden-jorge-jesusa-veda","status":"publish","type":"post","link":"https:\/\/www.fener.org\/index.php\/2023\/06\/12\/fenerbahceden-jorge-jesusa-veda\/","title":{"rendered":"Fenerbah\u00e7e&#8217;den Jorge Jesus&#8217;a veda"},"content":{"rendered":"\n<p>Fenerbah\u00e7e, Teknik Direkt\u00f6r Jorge Jesus&#8217;a veda etti.<\/p>\n\n\n\n<p>Sar\u0131-lacivertlilier yapt\u0131\u011f\u0131 a\u00e7\u0131klamada s\u00f6zle\u015fmesi biten Portekizli teknik adamla yollar\u0131n ayr\u0131ld\u0131\u011f\u0131n\u0131 a\u00e7\u0131klad\u0131. Fenerbah\u00e7e, deneyimli teknik adama kariyerinin geri kalan\u0131nda ba\u015far\u0131lar diledi.<\/p>\n\n\n\n<p>Kul\u00fcb\u00fcm\u00fcz\u00fcn resmi sitesind yay\u0131nlanan a\u00e7\u0131klama \u015f\u00f6yle:<\/p>\n\n\n\n<blockquote class=\"wp-block-quote is-layout-flow wp-block-quote-is-layout-flow\">\n<p>\u00c7ok uzun ve yo\u011fun bir sezonu geride b\u0131rakt\u0131k. D\u00fcnya Kupas\u0131 ve \u00fclke olarak ya\u015fad\u0131\u011f\u0131m\u0131z b\u00fcy\u00fck deprem afeti nedeniyle lige iki defa ara verilmek zorunda kal\u0131nd\u0131.<\/p>\n\n\n\n<p>T\u00fcm bu dinamiklerin h\u00e2kim oldu\u011fu 2022-23 S\u00fcper Lig Sezonunda, Futbol Tak\u0131m\u0131m\u0131z toplam 52 ma\u00e7ta 35 galibiyet, 10 beraberlik ve 7 ma\u011flubiyet elde ederek toplamda 2,21 puan ortalamas\u0131na ula\u015ft\u0131.<\/p>\n\n\n\n<p>Fenerbah\u00e7emiz, UEFA Avrupa Ligi\u2019nde sezonu Avrupa \u015eampiyonlu\u011fu ile tamamlayan Sevilla\u2019ya son 16 turunda elendi.<\/p>\n\n\n\n<p>\u0130ki kulvarda da son ad\u0131ma kadar hedeflerine y\u00fcr\u00fcyen Tak\u0131m\u0131m\u0131z, Ziraat T\u00fcrkiye Kupas\u0131&#8217;n\u0131 m\u00fczemize getirdi.<\/p>\n\n\n\n<p>Bug\u00fcn itibar\u0131yla 2022-23 Futbol Sezonunda Tak\u0131m\u0131m\u0131z\u0131n Teknik Direkt\u00f6rl\u00fc\u011f\u00fcn\u00fc \u00fcstlenen Jorge Jesus\u2019un s\u00f6zle\u015fmesi sona ermi\u015f ve kendisi ile yollar\u0131m\u0131z ayr\u0131lm\u0131\u015ft\u0131r.<\/p>\n\n\n\n<p>Say\u0131n Jorge Jesus\u2019a bug\u00fcne dek ortaya koydu\u011fu t\u00fcm emekleri i\u00e7in te\u015fekk\u00fcr ediyor, kariyerinin geri kalan\u0131nda ba\u015far\u0131lar diliyoruz.<\/p>\n\n\n\n<p>Te\u015fekk\u00fcrler Jorge Jesus.<\/p>\n<\/blockquote>\n","protected":false},"excerpt":{"rendered":"<p>Fenerbah\u00e7e, Teknik Direkt\u00f6r Jorge Jesus&#8217;a veda etti. Sar\u0131-lacivertlilier yapt\u0131\u011f\u0131 a\u00e7\u0131klamada s\u00f6zle\u015fmesi biten Portekizli teknik adamla yollar\u0131n ayr\u0131ld\u0131\u011f\u0131n\u0131 a\u00e7\u0131klad\u0131. Fenerbah\u00e7e, deneyimli teknik adama kariyerinin geri kalan\u0131nda ba\u015far\u0131lar diledi. Kul\u00fcb\u00fcm\u00fcz\u00fcn resmi sitesind yay\u0131nlanan a\u00e7\u0131klama \u015f\u00f6yle: \u00c7ok uzun ve yo\u011fun bir sezonu geride b\u0131rakt\u0131k. D\u00fcnya Kupas\u0131 ve \u00fclke olarak ya\u015fad\u0131\u011f\u0131m\u0131z b\u00fcy\u00fck deprem afeti nedeniyle lige iki defa ara [&hellip;]<\/p>\n","protected":false},"author":1,"featured_media":21008,"comment_status":"closed","ping_status":"closed","sticky":false,"template":"","format":"standard","meta":{"jnews-multi-image_gallery":[],"jnews_single_post":{"subtitle":"Fenerbah\u00e7e, T\u00fcrkiye Kupas\u0131 final ma\u00e7\u0131n\u0131n ard\u0131ndan ayr\u0131l\u0131\u011f\u0131n\u0131 a\u00e7\u0131klayan Jorge Jesus i\u00e7in bir payla\u015f\u0131m yapt\u0131.","format":"standard","video":"","gallery":"","source_name":"","source_url":"","via_name":"","via_url":"","override_template":"0","override":[{"template":"1","single_blog_custom":"","parallax":"1","fullscreen":"1","layout":"right-sidebar","sidebar":"mysidebar","second_sidebar":"default-sidebar","sticky_sidebar":"1","share_position":"float","share_float_style":"share-normal","show_share_counter":"1","show_view_counter":"1","show_featured":"1","show_post_meta":"1","show_post_author":"0","show_post_author_image":"1","show_post_date":"1","post_date_format":"default","post_date_format_custom":"Y\/m\/d","show_post_category":"0","show_post_reading_time":"0","post_reading_time_wpm":"300","show_zoom_button":"0","zoom_button_out_step":"2","zoom_button_in_step":"3","show_post_tag":"0","show_prev_next_post":"1","show_popup_post":"0","number_popup_post":"3","show_author_box":"0","show_post_related":"0","show_inline_post_related":"0"}],"override_image_size":"0","image_override":[{"single_post_thumbnail_size":"crop-500","single_post_gallery_size":"crop-500"}],"trending_post":"0","trending_post_position":"meta","trending_post_label":"Trending","sponsored_post":"0","sponsored_post_label":"Sponsored by","sponsored_post_name":"","sponsored_post_url":"","sponsored_post_logo_enable":"0","sponsored_post_logo":"","sponsored_post_desc":"","disable_ad":"0"},"jnews_primary_category":{"id":"4","hide":""},"jnews_social_meta":{"fb_title":"","fb_description":"","fb_image":"","twitter_title":"","twitter_description":"","twitter_image":""},"jnews_override_counter":{"override_view_counter":"0","view_counter_number":"0","override_share_counter":"0","share_counter_number":"0","override_like_counter":"0","like_counter_number":"0","override_dislike_counter":"0","dislike_counter_number":"0"},"footnotes":""},"categories":[4,2,47],"tags":[23,54],"class_list":["post-21007","post","type-post","status-publish","format-standard","has-post-thumbnail","hentry","category-futbol","category-haberler","category-profesyonel-a-futbol-takimi","tag-fenerbahce","tag-futbol"],"amp_enabled":true,"_links":{"self":[{"href":"https:\/\/www.fener.org\/index.php\/wp-json\/wp\/v2\/posts\/21007","targetHints":{"allow":["GET"]}}],"collection":[{"href":"https:\/\/www.fener.org\/index.php\/wp-json\/wp\/v2\/posts"}],"about":[{"href":"https:\/\/www.fener.org\/index.php\/wp-json\/wp\/v2\/types\/post"}],"author":[{"embeddable":true,"href":"https:\/\/www.fener.org\/index.php\/wp-json\/wp\/v2\/users\/1"}],"replies":[{"embeddable":true,"href":"https:\/\/www.fener.org\/index.php\/wp-json\/wp\/v2\/comments?post=21007"}],"version-history":[{"count":1,"href":"https:\/\/www.fener.org\/index.php\/wp-json\/wp\/v2\/posts\/21007\/revisions"}],"predecessor-version":[{"id":21009,"href":"https:\/\/www.fener.org\/index.php\/wp-json\/wp\/v2\/posts\/21007\/revisions\/21009"}],"wp:featuredmedia":[{"embeddable":true,"href":"https:\/\/www.fener.org\/index.php\/wp-json\/wp\/v2\/media\/21008"}],"wp:attachment":[{"href":"https:\/\/www.fener.org\/index.php\/wp-json\/wp\/v2\/media?parent=21007"}],"wp:term":[{"taxonomy":"category","embeddable":true,"href":"https:\/\/www.fener.org\/index.php\/wp-json\/wp\/v2\/categories?post=21007"},{"taxonomy":"post_tag","embeddable":true,"href":"https:\/\/www.fener.org\/index.php\/wp-json\/wp\/v2\/tags?post=21007"}],"curies":[{"name":"wp","href":"https:\/\/api.w.org\/{rel}","templated":true}]}}