{"id":20965,"date":"2023-06-04T13:18:21","date_gmt":"2023-06-04T10:18:21","guid":{"rendered":"https:\/\/www.fener.org\/?p=20965"},"modified":"2023-06-04T13:39:07","modified_gmt":"2023-06-04T10:39:07","slug":"fenebahce-galatasaraya-konuk-oluyor","status":"publish","type":"post","link":"https:\/\/www.fener.org\/index.php\/2023\/06\/04\/fenebahce-galatasaraya-konuk-oluyor\/","title":{"rendered":"Fenerbah\u00e7e Galatasaray&#8217;a konuk oluyor"},"content":{"rendered":"\n<p>Fenerbah\u00e7emiz, Spor Toto S\u00fcper Lig&#8217;in 37. haftas\u0131nda Galatasaray ile kar\u015f\u0131la\u015f\u0131yor. Bug\u00fcn (4 Haziran Pazar g\u00fcn\u00fc) NEF Stad\u0131&#8217;nda oynanacak m\u00fccadele 19:00&#8217;da ba\u015flayacak. M\u00fccadeleyi hakem Abdulkadir Bitigen y\u00f6netecek.<\/p>\n\n\n\n<p>Sar\u0131-lacivertliler ise 24 galibiyet, be\u015fer beraberlik ve yenilgiyle 77 puan elde etti. \u015eampiyonluk hasreti 9 sezona \u00e7\u0131kan Fenerbah\u00e7e, ikincilik m\u00fccadelesi i\u00e7in Be\u015fikta\u015f ile \u00e7eki\u015fiyor.<\/p>\n\n\n\n<p>Fenerbah\u00e7e&#8217;de sakatl\u0131klar\u0131 bulunan Lincoln Henrique ve Bright Osayi-Samuel, bu ak\u015famki m\u00fcsabakada forma giyemeyecek. Sakatl\u0131ktan d\u00f6nen ve antrenman eksi\u011fi bulunan kaleci Altay Bay\u0131nd\u0131r&#8217;\u0131n da bu ma\u00e7ta g\u00f6rev almas\u0131 beklenmiyor.<\/p>\n","protected":false},"excerpt":{"rendered":"<p>Fenerbah\u00e7emiz, Spor Toto S\u00fcper Lig&#8217;in 37. haftas\u0131nda Galatasaray ile kar\u015f\u0131la\u015f\u0131yor. Bug\u00fcn (4 Haziran Pazar g\u00fcn\u00fc) NEF Stad\u0131&#8217;nda oynanacak m\u00fccadele 19:00&#8217;da ba\u015flayacak. M\u00fccadeleyi hakem Abdulkadir Bitigen y\u00f6netecek. Sar\u0131-lacivertliler ise 24 galibiyet, be\u015fer beraberlik ve yenilgiyle 77 puan elde etti. \u015eampiyonluk hasreti 9 sezona \u00e7\u0131kan Fenerbah\u00e7e, ikincilik m\u00fccadelesi i\u00e7in Be\u015fikta\u015f ile \u00e7eki\u015fiyor. Fenerbah\u00e7e&#8217;de sakatl\u0131klar\u0131 bulunan Lincoln Henrique [&hellip;]<\/p>\n","protected":false},"author":1,"featured_media":20653,"comment_status":"closed","ping_status":"closed","sticky":false,"template":"","format":"standard","meta":{"jnews-multi-image_gallery":[],"jnews_single_post":{"subtitle":"Fenerbah\u00e7e, S\u00fcper Lig'in 37. haftas\u0131nda deplasmanda Galatasaray ile m\u00fccadele edecek.","format":"standard","video":"","gallery":"","source_name":"","source_url":"","via_name":"","via_url":"","override_template":"0","override":[{"template":"1","single_blog_custom":"","parallax":"1","fullscreen":"1","layout":"right-sidebar","sidebar":"mysidebar","second_sidebar":"default-sidebar","sticky_sidebar":"1","share_position":"float","share_float_style":"share-normal","show_share_counter":"1","show_view_counter":"1","show_featured":"1","show_post_meta":"1","show_post_author":"0","show_post_author_image":"1","show_post_date":"1","post_date_format":"default","post_date_format_custom":"Y\/m\/d","show_post_category":"0","show_post_reading_time":"0","post_reading_time_wpm":"300","show_zoom_button":"0","zoom_button_out_step":"2","zoom_button_in_step":"3","show_post_tag":"0","show_prev_next_post":"1","show_popup_post":"0","number_popup_post":"3","show_author_box":"0","show_post_related":"0","show_inline_post_related":"0"}],"override_image_size":"0","image_override":[{"single_post_thumbnail_size":"crop-500","single_post_gallery_size":"crop-500"}],"trending_post":"0","trending_post_position":"meta","trending_post_label":"Trending","sponsored_post":"0","sponsored_post_label":"Sponsored by","sponsored_post_name":"","sponsored_post_url":"","sponsored_post_logo_enable":"0","sponsored_post_logo":"","sponsored_post_desc":"","disable_ad":"0"},"jnews_primary_category":{"id":"4","hide":""},"jnews_social_meta":{"fb_title":"","fb_description":"","fb_image":"","twitter_title":"","twitter_description":"","twitter_image":""},"jnews_override_counter":{"override_view_counter":"0","view_counter_number":"0","override_share_counter":"0","share_counter_number":"0","override_like_counter":"0","like_counter_number":"0","override_dislike_counter":"0","dislike_counter_number":"0"},"footnotes":""},"categories":[4,2,47],"tags":[23,54],"class_list":["post-20965","post","type-post","status-publish","format-standard","has-post-thumbnail","hentry","category-futbol","category-haberler","category-profesyonel-a-futbol-takimi","tag-fenerbahce","tag-futbol"],"amp_enabled":true,"_links":{"self":[{"href":"https:\/\/www.fener.org\/index.php\/wp-json\/wp\/v2\/posts\/20965","targetHints":{"allow":["GET"]}}],"collection":[{"href":"https:\/\/www.fener.org\/index.php\/wp-json\/wp\/v2\/posts"}],"about":[{"href":"https:\/\/www.fener.org\/index.php\/wp-json\/wp\/v2\/types\/post"}],"author":[{"embeddable":true,"href":"https:\/\/www.fener.org\/index.php\/wp-json\/wp\/v2\/users\/1"}],"replies":[{"embeddable":true,"href":"https:\/\/www.fener.org\/index.php\/wp-json\/wp\/v2\/comments?post=20965"}],"version-history":[{"count":2,"href":"https:\/\/www.fener.org\/index.php\/wp-json\/wp\/v2\/posts\/20965\/revisions"}],"predecessor-version":[{"id":20968,"href":"https:\/\/www.fener.org\/index.php\/wp-json\/wp\/v2\/posts\/20965\/revisions\/20968"}],"wp:featuredmedia":[{"embeddable":true,"href":"https:\/\/www.fener.org\/index.php\/wp-json\/wp\/v2\/media\/20653"}],"wp:attachment":[{"href":"https:\/\/www.fener.org\/index.php\/wp-json\/wp\/v2\/media?parent=20965"}],"wp:term":[{"taxonomy":"category","embeddable":true,"href":"https:\/\/www.fener.org\/index.php\/wp-json\/wp\/v2\/categories?post=20965"},{"taxonomy":"post_tag","embeddable":true,"href":"https:\/\/www.fener.org\/index.php\/wp-json\/wp\/v2\/tags?post=20965"}],"curies":[{"name":"wp","href":"https:\/\/api.w.org\/{rel}","templated":true}]}}