{"id":20894,"date":"2023-05-21T15:22:21","date_gmt":"2023-05-21T12:22:21","guid":{"rendered":"https:\/\/www.fener.org\/?p=20894"},"modified":"2023-05-21T15:22:27","modified_gmt":"2023-05-21T12:22:27","slug":"milli-kurekcimiz-halil-kaan-koroglu-genclerde-avrupa-ikicisi-oldu","status":"publish","type":"post","link":"https:\/\/www.fener.org\/index.php\/2023\/05\/21\/milli-kurekcimiz-halil-kaan-koroglu-genclerde-avrupa-ikicisi-oldu\/","title":{"rendered":"Milli k\u00fcrek\u00e7imiz Halil Kaan K\u00f6ro\u011flu Gen\u00e7lerde Avrupa ikicisi oldu"},"content":{"rendered":"\n<p>U19 Avrupa \u015eampiyonas\u0131&#8217;nda m\u00fccadele eden Fenerbah\u00e7eli milli k\u00fcrek\u00e7imiz Halil Kaan K\u00f6ro\u011flu, g\u00fcm\u00fc\u015f madalya kazand\u0131.<\/p>\n\n\n\n<p>K\u00fcrekte U19 (Gen\u00e7ler) Avrupa \u015eampiyonas\u0131, 20-21 May\u0131s tarihlerinde Fransa \/ Brive-La-Galliarde\u2019de yap\u0131ld\u0131.<\/p>\n\n\n\n<p>Sar\u0131 lacivertli milli k\u00fcrek\u00e7imiz Halil Kaan K\u00f6ro\u011flu, erkekler tek \u00e7ifte A finalinde elde etti\u011fi 06:58,45\u2019lik derecesiyle Avrupa ikincisi oldu. \u0130talya\u2019dan Marco Selva\u2019n\u0131n 06:57,99\u2019luk dereceyle birinci oldu\u011fu yar\u0131\u015f\u0131 Slovak Peter Strecansky 07:10,94\u2019le \u00fc\u00e7\u00fcnc\u00fc bitirdi.<\/p>\n\n\n\n<p>Milli k\u00fcrek\u00e7imiz, yar\u0131\u015f sonras\u0131 d\u00fczenlenen t\u00f6rende g\u00fcm\u00fc\u015f madalyas\u0131n\u0131 ald\u0131.<\/p>\n\n\n\n<p>Halil Kaan K\u00f6ro\u011flu, yar\u0131 finalde elde etti\u011fi 07:21,08\u2019lik derecesiyle yar\u0131\u015f\u0131n\u0131 ilk s\u0131rada tamamlayarak ad\u0131n\u0131 finale yazd\u0131rm\u0131\u015ft\u0131.<\/p>\n","protected":false},"excerpt":{"rendered":"<p>U19 Avrupa \u015eampiyonas\u0131&#8217;nda m\u00fccadele eden Fenerbah\u00e7eli milli k\u00fcrek\u00e7imiz Halil Kaan K\u00f6ro\u011flu, g\u00fcm\u00fc\u015f madalya kazand\u0131. K\u00fcrekte U19 (Gen\u00e7ler) Avrupa \u015eampiyonas\u0131, 20-21 May\u0131s tarihlerinde Fransa \/ Brive-La-Galliarde\u2019de yap\u0131ld\u0131. Sar\u0131 lacivertli milli k\u00fcrek\u00e7imiz Halil Kaan K\u00f6ro\u011flu, erkekler tek \u00e7ifte A finalinde elde etti\u011fi 06:58,45\u2019lik derecesiyle Avrupa ikincisi oldu. \u0130talya\u2019dan Marco Selva\u2019n\u0131n 06:57,99\u2019luk dereceyle birinci oldu\u011fu yar\u0131\u015f\u0131 Slovak Peter [&hellip;]<\/p>\n","protected":false},"author":1,"featured_media":20895,"comment_status":"closed","ping_status":"closed","sticky":false,"template":"","format":"standard","meta":{"jnews-multi-image_gallery":[],"jnews_single_post":{"subtitle":"","format":"standard","video":"","gallery":"","source_name":"","source_url":"","via_name":"","via_url":"","override_template":"0","override":[{"template":"1","single_blog_custom":"","parallax":"1","fullscreen":"1","layout":"right-sidebar","sidebar":"mysidebar","second_sidebar":"default-sidebar","sticky_sidebar":"1","share_position":"float","share_float_style":"share-normal","show_share_counter":"1","show_view_counter":"1","show_featured":"1","show_post_meta":"1","show_post_author":"0","show_post_author_image":"1","show_post_date":"1","post_date_format":"default","post_date_format_custom":"Y\/m\/d","show_post_category":"0","show_post_reading_time":"0","post_reading_time_wpm":"300","show_zoom_button":"0","zoom_button_out_step":"2","zoom_button_in_step":"3","show_post_tag":"0","show_prev_next_post":"1","show_popup_post":"0","number_popup_post":"3","show_author_box":"0","show_post_related":"0","show_inline_post_related":"0"}],"override_image_size":"0","image_override":[{"single_post_thumbnail_size":"crop-500","single_post_gallery_size":"crop-500"}],"trending_post":"0","trending_post_position":"meta","trending_post_label":"Trending","sponsored_post":"0","sponsored_post_label":"Sponsored by","sponsored_post_name":"","sponsored_post_url":"","sponsored_post_logo_enable":"0","sponsored_post_logo":"","sponsored_post_desc":"","disable_ad":"0"},"jnews_primary_category":{"id":"11","hide":""},"jnews_social_meta":{"fb_title":"","fb_description":"","fb_image":"","twitter_title":"","twitter_description":"","twitter_image":""},"jnews_override_counter":{"override_view_counter":"0","view_counter_number":"0","override_share_counter":"0","share_counter_number":"0","override_like_counter":"0","like_counter_number":"0","override_dislike_counter":"0","dislike_counter_number":"0"},"footnotes":""},"categories":[2,11],"tags":[23,30],"class_list":["post-20894","post","type-post","status-publish","format-standard","has-post-thumbnail","hentry","category-haberler","category-kurek","tag-fenerbahce","tag-kurek"],"amp_enabled":true,"_links":{"self":[{"href":"https:\/\/www.fener.org\/index.php\/wp-json\/wp\/v2\/posts\/20894","targetHints":{"allow":["GET"]}}],"collection":[{"href":"https:\/\/www.fener.org\/index.php\/wp-json\/wp\/v2\/posts"}],"about":[{"href":"https:\/\/www.fener.org\/index.php\/wp-json\/wp\/v2\/types\/post"}],"author":[{"embeddable":true,"href":"https:\/\/www.fener.org\/index.php\/wp-json\/wp\/v2\/users\/1"}],"replies":[{"embeddable":true,"href":"https:\/\/www.fener.org\/index.php\/wp-json\/wp\/v2\/comments?post=20894"}],"version-history":[{"count":1,"href":"https:\/\/www.fener.org\/index.php\/wp-json\/wp\/v2\/posts\/20894\/revisions"}],"predecessor-version":[{"id":20896,"href":"https:\/\/www.fener.org\/index.php\/wp-json\/wp\/v2\/posts\/20894\/revisions\/20896"}],"wp:featuredmedia":[{"embeddable":true,"href":"https:\/\/www.fener.org\/index.php\/wp-json\/wp\/v2\/media\/20895"}],"wp:attachment":[{"href":"https:\/\/www.fener.org\/index.php\/wp-json\/wp\/v2\/media?parent=20894"}],"wp:term":[{"taxonomy":"category","embeddable":true,"href":"https:\/\/www.fener.org\/index.php\/wp-json\/wp\/v2\/categories?post=20894"},{"taxonomy":"post_tag","embeddable":true,"href":"https:\/\/www.fener.org\/index.php\/wp-json\/wp\/v2\/tags?post=20894"}],"curies":[{"name":"wp","href":"https:\/\/api.w.org\/{rel}","templated":true}]}}