{"id":20873,"date":"2023-05-18T10:21:00","date_gmt":"2023-05-18T07:21:00","guid":{"rendered":"https:\/\/www.fener.org\/?p=20873"},"modified":"2023-05-18T22:59:18","modified_gmt":"2023-05-18T19:59:18","slug":"fenerbahcem-trabzonsporu-konuk-ediyor","status":"publish","type":"post","link":"https:\/\/www.fener.org\/index.php\/2023\/05\/18\/fenerbahcem-trabzonsporu-konuk-ediyor\/","title":{"rendered":"Fenerbah\u00e7e, Trabzonspor\u2019u konuk ediyor"},"content":{"rendered":"\n<p>Fenerbah\u00e7emiz, Spor Toto S\u00fcper Lig&#8217;de 34. hafta ma\u00e7\u0131na \u00e7\u0131k\u0131yor. Futbol A Tak\u0131m\u0131m\u0131z, 18 May\u0131s Per\u015fembe g\u00fcn\u00fc Trabzonspor&#8217;u konuk edecek. \u00dclker Stadyumu Fenerbah\u00e7e \u015e\u00fckr\u00fc Saraco\u011flu Spor Kompleksi&#8217;nde saat 20.00&#8217;da ba\u015flayacak m\u00fccadeleyi Abdulkadir Bitigen y\u00f6netecek.<br>&nbsp;<br>31 ma\u00e7ta 68 puan toplayan Fenerbah\u00e7emiz haftaya 2., 48 puana sahip Trabzonspor 7. s\u0131rada girdi.<br>&nbsp;<br>Fenerbah\u00e7e ile Trabzonspor lig tarihinde 100. kez kar\u015f\u0131 kar\u015f\u0131ya gelecek. Futbol A Tak\u0131m\u0131m\u0131z geride kalan 99 m\u00fccadelede 39 galibiyet, 34 beraberlik, 26 ma\u011flubiyet al\u0131rken; 132 gol at\u0131p, 102 gol yedi.<br>&nbsp;<br>Karadeniz temsilcisi ile evinde oynad\u0131\u011f\u0131 son 25 lig ma\u00e7\u0131nda ma\u011flubiyet ya\u015famayan Fenerbah\u00e7emiz, Trabzonspor ile Kad\u0131k\u00f6y&#8217;de yapt\u0131\u011f\u0131 54 kar\u015f\u0131la\u015fmada 23 galibiyet, 23 beraberlik, 8 ma\u011flubiyet ya\u015farken; att\u0131\u011f\u0131 80 gole kar\u015f\u0131n kalesinde 51 gol g\u00f6rd\u00fc.<\/p>\n\n\n\n<ul class=\"wp-block-list\">\n<li><a href=\"javascript: void(0)\"><\/a><\/li>\n\n\n\n<li><a href=\"javascript: void(0)\"><\/a><\/li>\n<\/ul>\n","protected":false},"excerpt":{"rendered":"<p>Fenerbah\u00e7emiz, Spor Toto S\u00fcper Lig&#8217;de 34. hafta ma\u00e7\u0131na \u00e7\u0131k\u0131yor. Futbol A Tak\u0131m\u0131m\u0131z, 18 May\u0131s Per\u015fembe g\u00fcn\u00fc Trabzonspor&#8217;u konuk edecek. \u00dclker Stadyumu Fenerbah\u00e7e \u015e\u00fckr\u00fc Saraco\u011flu Spor Kompleksi&#8217;nde saat 20.00&#8217;da ba\u015flayacak m\u00fccadeleyi Abdulkadir Bitigen y\u00f6netecek.&nbsp;31 ma\u00e7ta 68 puan toplayan Fenerbah\u00e7emiz haftaya 2., 48 puana sahip Trabzonspor 7. s\u0131rada girdi.&nbsp;Fenerbah\u00e7e ile Trabzonspor lig tarihinde 100. kez kar\u015f\u0131 kar\u015f\u0131ya [&hellip;]<\/p>\n","protected":false},"author":1,"featured_media":20653,"comment_status":"closed","ping_status":"closed","sticky":false,"template":"","format":"standard","meta":{"jnews-multi-image_gallery":[],"jnews_single_post":{"subtitle":"Fenerbah\u00e7ez, S\u00fcper Lig'de 34. hafta ma\u00e7\u0131nda sahas\u0131nda Trabzonspor ile kar\u015f\u0131la\u015f\u0131yor.","format":"standard","video":"","gallery":"","source_name":"","source_url":"","via_name":"","via_url":"","override_template":"0","override":[{"template":"1","single_blog_custom":"","parallax":"1","fullscreen":"1","layout":"right-sidebar","sidebar":"mysidebar","second_sidebar":"default-sidebar","sticky_sidebar":"1","share_position":"float","share_float_style":"share-normal","show_share_counter":"1","show_view_counter":"1","show_featured":"1","show_post_meta":"1","show_post_author":"0","show_post_author_image":"1","show_post_date":"1","post_date_format":"default","post_date_format_custom":"Y\/m\/d","show_post_category":"0","show_post_reading_time":"0","post_reading_time_wpm":"300","show_zoom_button":"0","zoom_button_out_step":"2","zoom_button_in_step":"3","show_post_tag":"0","show_prev_next_post":"1","show_popup_post":"0","number_popup_post":"3","show_author_box":"0","show_post_related":"0","show_inline_post_related":"0"}],"override_image_size":"0","image_override":[{"single_post_thumbnail_size":"crop-500","single_post_gallery_size":"crop-500"}],"trending_post":"0","trending_post_position":"meta","trending_post_label":"Trending","sponsored_post":"0","sponsored_post_label":"Sponsored by","sponsored_post_name":"","sponsored_post_url":"","sponsored_post_logo_enable":"0","sponsored_post_logo":"","sponsored_post_desc":"","disable_ad":"0"},"jnews_primary_category":{"id":"4","hide":""},"jnews_social_meta":{"fb_title":"","fb_description":"","fb_image":"","twitter_title":"","twitter_description":"","twitter_image":""},"jnews_override_counter":{"override_view_counter":"0","view_counter_number":"0","override_share_counter":"0","share_counter_number":"0","override_like_counter":"0","like_counter_number":"0","override_dislike_counter":"0","dislike_counter_number":"0"},"footnotes":""},"categories":[4,2,47],"tags":[23,54],"class_list":["post-20873","post","type-post","status-publish","format-standard","has-post-thumbnail","hentry","category-futbol","category-haberler","category-profesyonel-a-futbol-takimi","tag-fenerbahce","tag-futbol"],"amp_enabled":true,"_links":{"self":[{"href":"https:\/\/www.fener.org\/index.php\/wp-json\/wp\/v2\/posts\/20873","targetHints":{"allow":["GET"]}}],"collection":[{"href":"https:\/\/www.fener.org\/index.php\/wp-json\/wp\/v2\/posts"}],"about":[{"href":"https:\/\/www.fener.org\/index.php\/wp-json\/wp\/v2\/types\/post"}],"author":[{"embeddable":true,"href":"https:\/\/www.fener.org\/index.php\/wp-json\/wp\/v2\/users\/1"}],"replies":[{"embeddable":true,"href":"https:\/\/www.fener.org\/index.php\/wp-json\/wp\/v2\/comments?post=20873"}],"version-history":[{"count":2,"href":"https:\/\/www.fener.org\/index.php\/wp-json\/wp\/v2\/posts\/20873\/revisions"}],"predecessor-version":[{"id":20881,"href":"https:\/\/www.fener.org\/index.php\/wp-json\/wp\/v2\/posts\/20873\/revisions\/20881"}],"wp:featuredmedia":[{"embeddable":true,"href":"https:\/\/www.fener.org\/index.php\/wp-json\/wp\/v2\/media\/20653"}],"wp:attachment":[{"href":"https:\/\/www.fener.org\/index.php\/wp-json\/wp\/v2\/media?parent=20873"}],"wp:term":[{"taxonomy":"category","embeddable":true,"href":"https:\/\/www.fener.org\/index.php\/wp-json\/wp\/v2\/categories?post=20873"},{"taxonomy":"post_tag","embeddable":true,"href":"https:\/\/www.fener.org\/index.php\/wp-json\/wp\/v2\/tags?post=20873"}],"curies":[{"name":"wp","href":"https:\/\/api.w.org\/{rel}","templated":true}]}}