{"id":20722,"date":"2023-04-30T11:17:31","date_gmt":"2023-04-30T08:17:31","guid":{"rendered":"https:\/\/www.fener.org\/?p=20722"},"modified":"2023-04-30T11:17:34","modified_gmt":"2023-04-30T08:17:34","slug":"fenerbahce-dogus-yelken-sporcumuz-onur-cavit-birizden-tarihi-basari","status":"publish","type":"post","link":"https:\/\/www.fener.org\/index.php\/2023\/04\/30\/fenerbahce-dogus-yelken-sporcumuz-onur-cavit-birizden-tarihi-basari\/","title":{"rendered":"Fenerbah\u00e7e Do\u011fu\u015f Yelken sporcumuz Onur Cavit Biriz&#8217;den tarihi ba\u015far\u0131"},"content":{"rendered":"\n<p>Hyeres \/ Fransa&#8217;da d\u00fczenlenen SOF Hyeres Regatta&#8217;da 14 yar\u0131\u015fta g\u00f6sterdi\u011fi iyi m\u00fccadeleyle madalya yar\u0131\u015f\u0131na 3. s\u0131rada kat\u0131lmaya hak kazanan sporcumuz Onur Cavit Biriz, madalya yar\u0131\u015f\u0131 sonras\u0131 2. s\u0131raya y\u00fckseldi.<\/p>\n\n\n\n<p>IQFoil kad\u0131nlar kategorisinde 5. olarak madalya yar\u0131\u015f\u0131na kat\u0131lmaya hak kazanan sporcumuz Dilara Uralp ise madalya yar\u0131\u015f\u0131 sonras\u0131 seriyi 9. s\u0131rada tamamlad\u0131.<\/p>\n\n\n\n<p>22-29 Nisan tarihlerinde Fransa&#8217;da d\u00fczenlenen yar\u0131\u015flarda;<\/p>\n\n\n\n<p>43 \u00fclkeden 94 sporcunun yar\u0131\u015ft\u0131\u011f\u0131 ILCA 6 kategorisinde yar\u0131\u015fan Nazl\u0131 \u00c7a\u011fla D\u00f6nerta\u015f 13. s\u0131rada,<\/p>\n\n\n\n<p>53 \u00fclkeden 155 sporcunun kat\u0131ld\u0131\u011f\u0131 ILCA 7 kategorisinde yar\u0131\u015fan Berkay Abay 38., Yi\u011fit Yal\u00e7\u0131n \u00c7\u0131tak 41. s\u0131rada,<\/p>\n\n\n\n<p>24 \u00fclkeden 64 ekibin m\u00fccadele etti\u011fi 470 mix s\u0131n\u0131f\u0131nda Deniz \u00c7\u0131nar-Simay Aslan ekibi 28. s\u0131rada,<\/p>\n\n\n\n<p>22 \u00fclkeden 46 ekibin yar\u0131\u015ft\u0131\u011f\u0131 Nacra 17 kategorisinde yar\u0131\u015fan Alican Kaynar &#8211; Beste Kaynak\u00e7\u0131 ekibi 32. s\u0131rada,<\/p>\n\n\n\n<p>26 \u00fclkeden 50 sporcunun kat\u0131ld\u0131\u011f\u0131 Formula Kite Kad\u0131nlar kategorisinde yar\u0131\u015fan Derin Atakan 30. olarak yar\u0131\u015flar\u0131 tamamlad\u0131lar.<\/p>\n","protected":false},"excerpt":{"rendered":"<p>Hyeres \/ Fransa&#8217;da d\u00fczenlenen SOF Hyeres Regatta&#8217;da 14 yar\u0131\u015fta g\u00f6sterdi\u011fi iyi m\u00fccadeleyle madalya yar\u0131\u015f\u0131na 3. s\u0131rada kat\u0131lmaya hak kazanan sporcumuz Onur Cavit Biriz, madalya yar\u0131\u015f\u0131 sonras\u0131 2. s\u0131raya y\u00fckseldi. IQFoil kad\u0131nlar kategorisinde 5. olarak madalya yar\u0131\u015f\u0131na kat\u0131lmaya hak kazanan sporcumuz Dilara Uralp ise madalya yar\u0131\u015f\u0131 sonras\u0131 seriyi 9. s\u0131rada tamamlad\u0131. 22-29 Nisan tarihlerinde Fransa&#8217;da d\u00fczenlenen [&hellip;]<\/p>\n","protected":false},"author":1,"featured_media":20723,"comment_status":"closed","ping_status":"closed","sticky":false,"template":"","format":"standard","meta":{"jnews-multi-image_gallery":[],"jnews_single_post":{"subtitle":"","format":"standard","video":"","gallery":"","source_name":"","source_url":"","via_name":"","via_url":"","override_template":"0","override":[{"template":"1","single_blog_custom":"","parallax":"1","fullscreen":"1","layout":"right-sidebar","sidebar":"mysidebar","second_sidebar":"default-sidebar","sticky_sidebar":"1","share_position":"float","share_float_style":"share-normal","show_share_counter":"1","show_view_counter":"1","show_featured":"1","show_post_meta":"1","show_post_author":"0","show_post_author_image":"1","show_post_date":"1","post_date_format":"default","post_date_format_custom":"Y\/m\/d","show_post_category":"0","show_post_reading_time":"0","post_reading_time_wpm":"300","show_zoom_button":"0","zoom_button_out_step":"2","zoom_button_in_step":"3","show_post_tag":"0","show_prev_next_post":"1","show_popup_post":"0","number_popup_post":"3","show_author_box":"0","show_post_related":"0","show_inline_post_related":"0"}],"override_image_size":"0","image_override":[{"single_post_thumbnail_size":"crop-500","single_post_gallery_size":"crop-500"}],"trending_post":"0","trending_post_position":"meta","trending_post_label":"Trending","sponsored_post":"0","sponsored_post_label":"Sponsored by","sponsored_post_name":"","sponsored_post_url":"","sponsored_post_logo_enable":"0","sponsored_post_logo":"","sponsored_post_desc":"","disable_ad":"0"},"jnews_primary_category":{"id":"12","hide":""},"jnews_social_meta":{"fb_title":"","fb_description":"","fb_image":"","twitter_title":"","twitter_description":"","twitter_image":""},"jnews_override_counter":{"override_view_counter":"0","view_counter_number":"0","override_share_counter":"0","share_counter_number":"0","override_like_counter":"0","like_counter_number":"0","override_dislike_counter":"0","dislike_counter_number":"0"},"footnotes":""},"categories":[2,12],"tags":[23,31],"class_list":["post-20722","post","type-post","status-publish","format-standard","has-post-thumbnail","hentry","category-haberler","category-yelken","tag-fenerbahce","tag-yelken"],"amp_enabled":true,"_links":{"self":[{"href":"https:\/\/www.fener.org\/index.php\/wp-json\/wp\/v2\/posts\/20722","targetHints":{"allow":["GET"]}}],"collection":[{"href":"https:\/\/www.fener.org\/index.php\/wp-json\/wp\/v2\/posts"}],"about":[{"href":"https:\/\/www.fener.org\/index.php\/wp-json\/wp\/v2\/types\/post"}],"author":[{"embeddable":true,"href":"https:\/\/www.fener.org\/index.php\/wp-json\/wp\/v2\/users\/1"}],"replies":[{"embeddable":true,"href":"https:\/\/www.fener.org\/index.php\/wp-json\/wp\/v2\/comments?post=20722"}],"version-history":[{"count":1,"href":"https:\/\/www.fener.org\/index.php\/wp-json\/wp\/v2\/posts\/20722\/revisions"}],"predecessor-version":[{"id":20724,"href":"https:\/\/www.fener.org\/index.php\/wp-json\/wp\/v2\/posts\/20722\/revisions\/20724"}],"wp:featuredmedia":[{"embeddable":true,"href":"https:\/\/www.fener.org\/index.php\/wp-json\/wp\/v2\/media\/20723"}],"wp:attachment":[{"href":"https:\/\/www.fener.org\/index.php\/wp-json\/wp\/v2\/media?parent=20722"}],"wp:term":[{"taxonomy":"category","embeddable":true,"href":"https:\/\/www.fener.org\/index.php\/wp-json\/wp\/v2\/categories?post=20722"},{"taxonomy":"post_tag","embeddable":true,"href":"https:\/\/www.fener.org\/index.php\/wp-json\/wp\/v2\/tags?post=20722"}],"curies":[{"name":"wp","href":"https:\/\/api.w.org\/{rel}","templated":true}]}}