{"id":20418,"date":"2023-03-30T13:41:54","date_gmt":"2023-03-30T10:41:54","guid":{"rendered":"https:\/\/www.fener.org\/?p=20418"},"modified":"2023-03-30T13:42:01","modified_gmt":"2023-03-30T10:42:01","slug":"fenerbahce-beko-baskoniaya-konuk-oluyor-3","status":"publish","type":"post","link":"https:\/\/www.fener.org\/index.php\/2023\/03\/30\/fenerbahce-beko-baskoniaya-konuk-oluyor-3\/","title":{"rendered":"Fenerbah\u00e7e Beko, Baskonia\u2019ya konuk oluyor"},"content":{"rendered":"\n<p>Fenerbah\u00e7e Beko Erkek Basketbol Tak\u0131m\u0131m\u0131z, Turkish Airlines EuroLeague 2022-23 sezonu 32. hafta ma\u00e7\u0131nda \u0130spanya temsilcisi Cazoo Baskonia\u2019ya konuk oluyor. Yar\u0131n (31 Mart Cuma g\u00fcn\u00fc) saat 21.30\u2019da Buesa Arena\u2019da oynanacak m\u00fccadele S Sport taraf\u0131ndan canl\u0131 yay\u0131nlanacak. Kar\u015f\u0131la\u015fmay\u0131 Matej Boltauzer (Slovenya), Milivoje Jovcic (S\u0131rbistan), Amit Balak (\u0130srail) hakem \u00fc\u00e7l\u00fcs\u00fc y\u00f6netecek.<\/p>\n\n\n\n<p>Fenerbah\u00e7e Beko, EuroLeague\u2019deki son ma\u00e7\u0131nda 29 Mart \u00c7ar\u015famba g\u00fcn\u00fc konuk oldu\u011fu Real Madrid\u2019e 90-75 ma\u011flup olarak 31 ma\u00e7ta 18 galibiyette kald\u0131.<\/p>\n\n\n\n<p>Fenerbah\u00e7e Beko, T\u00fcrkiye Sigorta Basketbol S\u00fcper Ligi\u2019ndeki son m\u00fccadelesinde 26 Mart Pazar g\u00fcn\u00fc konuk oldu\u011fu Tofa\u015f\u2019a 94-89 yenilerek 22. ma\u00e7\u0131nda 4. ma\u011flubiyetini ald\u0131.<\/p>\n\n\n\n<p>Tak\u0131m\u0131m\u0131zda tedavi s\u00fcre\u00e7leri devam eden Metecan Birsen ve Scottie Wilbekin\u2019in yan\u0131 s\u0131ra, Tofa\u015f kar\u015f\u0131la\u015fmas\u0131nda sol bacak kalf b\u00f6lgesinden sakatl\u0131k ya\u015fayan Melih Mahmuto\u011flu ve bireysel idmanlara ba\u015flamas\u0131na ra\u011fmen hen\u00fcz tak\u0131m idmanlar\u0131na dahil olmayan Dyshawn Pierre bu ma\u00e7ta forma giyemeyecek.<\/p>\n\n\n\n<p>Ko\u00e7 Joan Penarroya taraf\u0131ndan \u00e7al\u0131\u015ft\u0131r\u0131lan Cazoo Baskonia, EuroLeague\u2019de bu sezon oynad\u0131\u011f\u0131 31 ma\u00e7ta 16 galibiyet ald\u0131. Rakibimiz, \u00e7ift ma\u00e7 haftas\u0131n\u0131n ilk m\u00fccadelesinde 28 Mart Sal\u0131 g\u00fcn\u00fc konuk etti\u011fi Alba Berlin\u2019i 93-87 ma\u011flup etti.<\/p>\n\n\n\n<p>Rakibimiz, \u0130spanya Ligi ACB\u2019de 24 ma\u00e7ta 20 galibiyet ald\u0131 ve ayn\u0131 galibiyet say\u0131s\u0131ndaki Real Madrid ile Barcelona\u2019n\u0131n arkas\u0131nda \u00fc\u00e7\u00fcnc\u00fc s\u0131rada yer al\u0131yor. Rakibimiz son olarak 26 Mart Pazar g\u00fcn\u00fc konuk etti\u011fi Surne Bilbao\u2019yu 100-78 yendi.<br>Ge\u00e7mi\u015f Kar\u015f\u0131la\u015fmalar<\/p>\n\n\n\n<p>Fenerbah\u00e7e Beko, rakibiyle EuroLeague\u2019de oynad\u0131\u011f\u0131 30 ma\u00e7ta 15 galibiyet elde etti.<\/p>\n\n\n\n<p>2022-23 sezonu ilk yar\u0131s\u0131nda 16 Aral\u0131k 2022 tarihinde \u00dclker Spor ve Etkinlik Salonu\u2019nda oynanan m\u00fccadeleyi konuk ekip 70-76 kazand\u0131.<\/p>\n","protected":false},"excerpt":{"rendered":"<p>Fenerbah\u00e7e Beko Erkek Basketbol Tak\u0131m\u0131m\u0131z, Turkish Airlines EuroLeague 2022-23 sezonu 32. hafta ma\u00e7\u0131nda \u0130spanya temsilcisi Cazoo Baskonia\u2019ya konuk oluyor. Yar\u0131n (31 Mart Cuma g\u00fcn\u00fc) saat 21.30\u2019da Buesa Arena\u2019da oynanacak m\u00fccadele S Sport taraf\u0131ndan canl\u0131 yay\u0131nlanacak. Kar\u015f\u0131la\u015fmay\u0131 Matej Boltauzer (Slovenya), Milivoje Jovcic (S\u0131rbistan), Amit Balak (\u0130srail) hakem \u00fc\u00e7l\u00fcs\u00fc y\u00f6netecek. Fenerbah\u00e7e Beko, EuroLeague\u2019deki son ma\u00e7\u0131nda 29 Mart [&hellip;]<\/p>\n","protected":false},"author":1,"featured_media":19241,"comment_status":"closed","ping_status":"closed","sticky":false,"template":"","format":"standard","meta":{"jnews-multi-image_gallery":[],"jnews_single_post":{"subtitle":"Fenerbah\u00e7e Erkek Basketbol Tak\u0131m\u0131m\u0131z, EuroLeague'de 32. hafta ma\u00e7\u0131nda deplasmanda Baskonia ile m\u00fccadele edecek.","format":"standard","video":"","gallery":"","source_name":"","source_url":"","via_name":"","via_url":"","override_template":"0","override":[{"template":"1","single_blog_custom":"","parallax":"1","fullscreen":"1","layout":"right-sidebar","sidebar":"mysidebar","second_sidebar":"default-sidebar","sticky_sidebar":"1","share_position":"float","share_float_style":"share-normal","show_share_counter":"1","show_view_counter":"1","show_featured":"1","show_post_meta":"1","show_post_author":"0","show_post_author_image":"1","show_post_date":"1","post_date_format":"default","post_date_format_custom":"Y\/m\/d","show_post_category":"0","show_post_reading_time":"0","post_reading_time_wpm":"300","show_zoom_button":"0","zoom_button_out_step":"2","zoom_button_in_step":"3","show_post_tag":"0","show_prev_next_post":"1","show_popup_post":"0","number_popup_post":"3","show_author_box":"0","show_post_related":"0","show_inline_post_related":"0"}],"override_image_size":"0","image_override":[{"single_post_thumbnail_size":"crop-500","single_post_gallery_size":"crop-500"}],"trending_post":"0","trending_post_position":"meta","trending_post_label":"Trending","sponsored_post":"0","sponsored_post_label":"Sponsored by","sponsored_post_name":"","sponsored_post_url":"","sponsored_post_logo_enable":"0","sponsored_post_logo":"","sponsored_post_desc":"","disable_ad":"0"},"jnews_primary_category":{"id":"5","hide":""},"jnews_social_meta":{"fb_title":"","fb_description":"","fb_image":"","twitter_title":"","twitter_description":"","twitter_image":""},"jnews_override_counter":{"override_view_counter":"0","view_counter_number":"0","override_share_counter":"0","share_counter_number":"0","override_like_counter":"0","like_counter_number":"0","override_dislike_counter":"0","dislike_counter_number":"0"},"footnotes":""},"categories":[5,6,2],"tags":[24,74,23],"class_list":["post-20418","post","type-post","status-publish","format-standard","has-post-thumbnail","hentry","category-basketbol","category-erkek-basketbol","category-haberler","tag-basketbol","tag-euroleague","tag-fenerbahce"],"amp_enabled":true,"_links":{"self":[{"href":"https:\/\/www.fener.org\/index.php\/wp-json\/wp\/v2\/posts\/20418","targetHints":{"allow":["GET"]}}],"collection":[{"href":"https:\/\/www.fener.org\/index.php\/wp-json\/wp\/v2\/posts"}],"about":[{"href":"https:\/\/www.fener.org\/index.php\/wp-json\/wp\/v2\/types\/post"}],"author":[{"embeddable":true,"href":"https:\/\/www.fener.org\/index.php\/wp-json\/wp\/v2\/users\/1"}],"replies":[{"embeddable":true,"href":"https:\/\/www.fener.org\/index.php\/wp-json\/wp\/v2\/comments?post=20418"}],"version-history":[{"count":1,"href":"https:\/\/www.fener.org\/index.php\/wp-json\/wp\/v2\/posts\/20418\/revisions"}],"predecessor-version":[{"id":20419,"href":"https:\/\/www.fener.org\/index.php\/wp-json\/wp\/v2\/posts\/20418\/revisions\/20419"}],"wp:featuredmedia":[{"embeddable":true,"href":"https:\/\/www.fener.org\/index.php\/wp-json\/wp\/v2\/media\/19241"}],"wp:attachment":[{"href":"https:\/\/www.fener.org\/index.php\/wp-json\/wp\/v2\/media?parent=20418"}],"wp:term":[{"taxonomy":"category","embeddable":true,"href":"https:\/\/www.fener.org\/index.php\/wp-json\/wp\/v2\/categories?post=20418"},{"taxonomy":"post_tag","embeddable":true,"href":"https:\/\/www.fener.org\/index.php\/wp-json\/wp\/v2\/tags?post=20418"}],"curies":[{"name":"wp","href":"https:\/\/api.w.org\/{rel}","templated":true}]}}