{"id":20413,"date":"2023-03-29T23:57:20","date_gmt":"2023-03-29T20:57:20","guid":{"rendered":"https:\/\/www.fener.org\/?p=20413"},"modified":"2023-03-30T13:36:48","modified_gmt":"2023-03-30T10:36:48","slug":"dimitris-itoudis-yeterince-iyi-degildik","status":"publish","type":"post","link":"https:\/\/www.fener.org\/index.php\/2023\/03\/29\/dimitris-itoudis-yeterince-iyi-degildik\/","title":{"rendered":"Dimitris Itoudis: Yeterince iyi de\u011fildik"},"content":{"rendered":"\n<p>Ba\u015fantren\u00f6r\u00fcm\u00fcz Dimitris Itoudis, Real Madrid&#8217;e 90-75 kaybetti\u011fimiz ma\u00e7\u0131n ard\u0131ndan yapt\u0131\u011f\u0131 a\u00e7\u0131klamada \u015funlar\u0131 s\u00f6yledi:<\/p>\n\n\n\n<blockquote class=\"wp-block-quote is-layout-flow wp-block-quote-is-layout-flow\">\n<p>\u201cReal Madrid bug\u00fcn daha iyi olan tak\u0131md\u0131. \u00d6zellikle parametre at\u0131\u015flar\u0131na \u00e7\u00f6z\u00fcm bulamad\u0131k. O at\u0131\u015flar\u0131 %70\u2019lerdeydi. Savunma olarak da bizim psikolojimize kar\u015f\u0131 oynad\u0131lar. Biz yeterince iyi de\u011fildik. \u0130lk yar\u0131 m\u00fccadele ettik, h\u00fccumda da \u00e7ok iyiydik, iyi at\u0131\u015flar\u0131m\u0131z da oldu ama \u00fc\u00e7\u00fcnc\u00fc \u00e7eyre\u011fe k\u00f6t\u00fc ba\u015flad\u0131k ve bu \u015fekilde devam etti. Onlar\u0131 galibiyete gidecek \u015fekilde itmi\u015f olduk.\u201d<\/p>\n<\/blockquote>\n","protected":false},"excerpt":{"rendered":"<p>Ba\u015fantren\u00f6r\u00fcm\u00fcz Dimitris Itoudis, Real Madrid&#8217;e 90-75 kaybetti\u011fimiz ma\u00e7\u0131n ard\u0131ndan yapt\u0131\u011f\u0131 a\u00e7\u0131klamada \u015funlar\u0131 s\u00f6yledi: \u201cReal Madrid bug\u00fcn daha iyi olan tak\u0131md\u0131. \u00d6zellikle parametre at\u0131\u015flar\u0131na \u00e7\u00f6z\u00fcm bulamad\u0131k. O at\u0131\u015flar\u0131 %70\u2019lerdeydi. Savunma olarak da bizim psikolojimize kar\u015f\u0131 oynad\u0131lar. Biz yeterince iyi de\u011fildik. \u0130lk yar\u0131 m\u00fccadele ettik, h\u00fccumda da \u00e7ok iyiydik, iyi at\u0131\u015flar\u0131m\u0131z da oldu ama \u00fc\u00e7\u00fcnc\u00fc \u00e7eyre\u011fe k\u00f6t\u00fc [&hellip;]<\/p>\n","protected":false},"author":1,"featured_media":20414,"comment_status":"closed","ping_status":"closed","sticky":false,"template":"","format":"standard","meta":{"jnews-multi-image_gallery":[],"jnews_single_post":{"subtitle":"Fenerbah\u00e7e Erkek Basketbol Tak\u0131m\u0131m\u0131z\u0131n Ba\u015fantren\u00f6r\u00fc Dimitris Itoudis, Tak\u0131m\u0131m\u0131z\u0131n EuroLeague'de 31. hafta ma\u00e7\u0131nda Real Madrid'e deplasmanda ma\u011flup oldu\u011fu kar\u015f\u0131la\u015fman\u0131n  ard\u0131ndan de\u011ferlendirmelerde bulundu.","format":"standard","video":"","gallery":"","source_name":"","source_url":"","via_name":"","via_url":"","override_template":"0","override":[{"template":"1","single_blog_custom":"","parallax":"1","fullscreen":"1","layout":"right-sidebar","sidebar":"mysidebar","second_sidebar":"default-sidebar","sticky_sidebar":"1","share_position":"float","share_float_style":"share-normal","show_share_counter":"1","show_view_counter":"1","show_featured":"1","show_post_meta":"1","show_post_author":"0","show_post_author_image":"1","show_post_date":"1","post_date_format":"default","post_date_format_custom":"Y\/m\/d","show_post_category":"0","show_post_reading_time":"0","post_reading_time_wpm":"300","show_zoom_button":"0","zoom_button_out_step":"2","zoom_button_in_step":"3","show_post_tag":"0","show_prev_next_post":"1","show_popup_post":"0","number_popup_post":"3","show_author_box":"0","show_post_related":"0","show_inline_post_related":"0"}],"override_image_size":"0","image_override":[{"single_post_thumbnail_size":"crop-500","single_post_gallery_size":"crop-500"}],"trending_post":"0","trending_post_position":"meta","trending_post_label":"Trending","sponsored_post":"0","sponsored_post_label":"Sponsored by","sponsored_post_name":"","sponsored_post_url":"","sponsored_post_logo_enable":"0","sponsored_post_logo":"","sponsored_post_desc":"","disable_ad":"0"},"jnews_primary_category":{"id":"5","hide":""},"jnews_social_meta":{"fb_title":"","fb_description":"","fb_image":"","twitter_title":"","twitter_description":"","twitter_image":""},"jnews_override_counter":{"override_view_counter":"0","view_counter_number":"0","override_share_counter":"0","share_counter_number":"0","override_like_counter":"0","like_counter_number":"0","override_dislike_counter":"0","dislike_counter_number":"0"},"footnotes":""},"categories":[5,6,2],"tags":[24,74,23],"class_list":["post-20413","post","type-post","status-publish","format-standard","has-post-thumbnail","hentry","category-basketbol","category-erkek-basketbol","category-haberler","tag-basketbol","tag-euroleague","tag-fenerbahce"],"amp_enabled":true,"_links":{"self":[{"href":"https:\/\/www.fener.org\/index.php\/wp-json\/wp\/v2\/posts\/20413","targetHints":{"allow":["GET"]}}],"collection":[{"href":"https:\/\/www.fener.org\/index.php\/wp-json\/wp\/v2\/posts"}],"about":[{"href":"https:\/\/www.fener.org\/index.php\/wp-json\/wp\/v2\/types\/post"}],"author":[{"embeddable":true,"href":"https:\/\/www.fener.org\/index.php\/wp-json\/wp\/v2\/users\/1"}],"replies":[{"embeddable":true,"href":"https:\/\/www.fener.org\/index.php\/wp-json\/wp\/v2\/comments?post=20413"}],"version-history":[{"count":2,"href":"https:\/\/www.fener.org\/index.php\/wp-json\/wp\/v2\/posts\/20413\/revisions"}],"predecessor-version":[{"id":20416,"href":"https:\/\/www.fener.org\/index.php\/wp-json\/wp\/v2\/posts\/20413\/revisions\/20416"}],"wp:featuredmedia":[{"embeddable":true,"href":"https:\/\/www.fener.org\/index.php\/wp-json\/wp\/v2\/media\/20414"}],"wp:attachment":[{"href":"https:\/\/www.fener.org\/index.php\/wp-json\/wp\/v2\/media?parent=20413"}],"wp:term":[{"taxonomy":"category","embeddable":true,"href":"https:\/\/www.fener.org\/index.php\/wp-json\/wp\/v2\/categories?post=20413"},{"taxonomy":"post_tag","embeddable":true,"href":"https:\/\/www.fener.org\/index.php\/wp-json\/wp\/v2\/tags?post=20413"}],"curies":[{"name":"wp","href":"https:\/\/api.w.org\/{rel}","templated":true}]}}