{"id":20399,"date":"2023-03-28T15:46:43","date_gmt":"2023-03-28T12:46:43","guid":{"rendered":"https:\/\/www.fener.org\/?p=20399"},"modified":"2023-03-28T15:46:49","modified_gmt":"2023-03-28T12:46:49","slug":"fenerbahce-beko-real-madride-konuk-oluyor-2","status":"publish","type":"post","link":"https:\/\/www.fener.org\/index.php\/2023\/03\/28\/fenerbahce-beko-real-madride-konuk-oluyor-2\/","title":{"rendered":"Fenerbah\u00e7e Beko, Real Madrid\u2019e konuk oluyor"},"content":{"rendered":"\n<p>Fenerbah\u00e7e Beko Erkek Basketbol Tak\u0131m\u0131m\u0131z, Turkish Airlines EuroLeague 2022-23 sezonu 31. hafta ma\u00e7\u0131nda Real Madrid\u2019e konuk oluyor. Yar\u0131n (29 Mart \u00c7ar\u015famba g\u00fcn\u00fc) saat 21.45\u2019te Wizink Center\u2019da oynanacak m\u00fccadele S Sport taraf\u0131ndan canl\u0131 yay\u0131nlanacak. Kar\u015f\u0131la\u015fmay\u0131 Sreten Radovic (H\u0131rvatistan), Gytis Vilius (Litvanya), Milan Nedovic (Slovenya) hakem \u00fc\u00e7l\u00fcs\u00fc y\u00f6netecek.<\/p>\n\n\n\n<p>Fenerbah\u00e7e Beko, EuroLeague\u2019deki son ma\u00e7\u0131nda 24 Mart Cuma g\u00fcn\u00fc konuk etti\u011fi Zalgiris Kaunas\u2019\u0131 87-79 yendi.<\/p>\n\n\n\n<p>Fenerbah\u00e7e Beko, T\u00fcrkiye Sigorta Basketbol S\u00fcper Ligi\u2019ndeki son m\u00fccadelesinde 26 Mart Pazar g\u00fcn\u00fc konuk oldu\u011fu Tofa\u015f\u2019a 94-89 yenilerek 22. ma\u00e7\u0131nda 4. ma\u011flubiyetini ald\u0131.<\/p>\n\n\n\n<p>Tak\u0131m\u0131m\u0131zda tedavi s\u00fcre\u00e7leri devam eden Metecan Birsen ve Scottie Wilbekin\u2019in yan\u0131 s\u0131ra, Tofa\u015f kar\u015f\u0131la\u015fmas\u0131nda sol bacak kalf b\u00f6lgesinden sakatl\u0131k ya\u015fayan Melih Mahmuto\u011flu ve bireysel idmanlara ba\u015flamas\u0131na ra\u011fmen hen\u00fcz tak\u0131m idmanlar\u0131na dahil olmayan Dyshawn Pierre bu ma\u00e7ta forma giyemeyecek.<\/p>\n\n\n\n<p>Ko\u00e7 Chus Mateo taraf\u0131ndan \u00e7al\u0131\u015ft\u0131r\u0131lan Real Madrid, bu sezon EuroLeague\u2019de oynad\u0131\u011f\u0131 30 ma\u00e7ta 21 galibiyet ald\u0131 ve haftaya, ayn\u0131 galibiyet say\u0131s\u0131na sahip Olympiacos\u2019un ard\u0131ndan ikinci s\u0131rada giriyor. Rakibimiz, son olarak 24 Mart Cuma g\u00fcn\u00fc konuk oldu\u011fu Virtus Segafredo Bologna\u2019y\u0131 79-96 ma\u011flup etti.<\/p>\n\n\n\n<p>Rakibimiz, \u0130spanya Ligi ACB\u2019de bu sezon oynad\u0131\u011f\u0131 24 ma\u00e7ta 20 galibiyetle lider. Eflatun-beyazl\u0131lar son olarak 26 Mart Pazar g\u00fcn\u00fc konuk oldu\u011fu Carplus Fuenlabrada\u2019y\u0131 78-102 ile ge\u00e7ti.<\/p>\n\n\n\n<p>Fenerbah\u00e7e Beko, rakibiyle EuroLeague g\u00fcncel format\u0131nda 26 defa kar\u015f\u0131la\u015ft\u0131 ve bu m\u00fccadelelerde 9 galibiyet elde etti.<\/p>\n\n\n\n<p>2022-23 sezonu ilk yar\u0131s\u0131nda 2 Aral\u0131k tarihinde \u00dclker Spor ve Etkinlik Salonu\u2019nda oynanan kar\u015f\u0131la\u015fmay\u0131 Real Madrid 71-85 kazand\u0131.<\/p>\n","protected":false},"excerpt":{"rendered":"<p>Fenerbah\u00e7e Beko Erkek Basketbol Tak\u0131m\u0131m\u0131z, Turkish Airlines EuroLeague 2022-23 sezonu 31. hafta ma\u00e7\u0131nda Real Madrid\u2019e konuk oluyor. Yar\u0131n (29 Mart \u00c7ar\u015famba g\u00fcn\u00fc) saat 21.45\u2019te Wizink Center\u2019da oynanacak m\u00fccadele S Sport taraf\u0131ndan canl\u0131 yay\u0131nlanacak. Kar\u015f\u0131la\u015fmay\u0131 Sreten Radovic (H\u0131rvatistan), Gytis Vilius (Litvanya), Milan Nedovic (Slovenya) hakem \u00fc\u00e7l\u00fcs\u00fc y\u00f6netecek. Fenerbah\u00e7e Beko, EuroLeague\u2019deki son ma\u00e7\u0131nda 24 Mart Cuma g\u00fcn\u00fc [&hellip;]<\/p>\n","protected":false},"author":1,"featured_media":20051,"comment_status":"closed","ping_status":"closed","sticky":false,"template":"","format":"standard","meta":{"jnews-multi-image_gallery":[],"jnews_single_post":[],"jnews_primary_category":[],"jnews_social_meta":[],"jnews_override_counter":[],"footnotes":""},"categories":[5,6,2],"tags":[24,74,23],"class_list":["post-20399","post","type-post","status-publish","format-standard","has-post-thumbnail","hentry","category-basketbol","category-erkek-basketbol","category-haberler","tag-basketbol","tag-euroleague","tag-fenerbahce"],"amp_enabled":true,"_links":{"self":[{"href":"https:\/\/www.fener.org\/index.php\/wp-json\/wp\/v2\/posts\/20399","targetHints":{"allow":["GET"]}}],"collection":[{"href":"https:\/\/www.fener.org\/index.php\/wp-json\/wp\/v2\/posts"}],"about":[{"href":"https:\/\/www.fener.org\/index.php\/wp-json\/wp\/v2\/types\/post"}],"author":[{"embeddable":true,"href":"https:\/\/www.fener.org\/index.php\/wp-json\/wp\/v2\/users\/1"}],"replies":[{"embeddable":true,"href":"https:\/\/www.fener.org\/index.php\/wp-json\/wp\/v2\/comments?post=20399"}],"version-history":[{"count":1,"href":"https:\/\/www.fener.org\/index.php\/wp-json\/wp\/v2\/posts\/20399\/revisions"}],"predecessor-version":[{"id":20400,"href":"https:\/\/www.fener.org\/index.php\/wp-json\/wp\/v2\/posts\/20399\/revisions\/20400"}],"wp:featuredmedia":[{"embeddable":true,"href":"https:\/\/www.fener.org\/index.php\/wp-json\/wp\/v2\/media\/20051"}],"wp:attachment":[{"href":"https:\/\/www.fener.org\/index.php\/wp-json\/wp\/v2\/media?parent=20399"}],"wp:term":[{"taxonomy":"category","embeddable":true,"href":"https:\/\/www.fener.org\/index.php\/wp-json\/wp\/v2\/categories?post=20399"},{"taxonomy":"post_tag","embeddable":true,"href":"https:\/\/www.fener.org\/index.php\/wp-json\/wp\/v2\/tags?post=20399"}],"curies":[{"name":"wp","href":"https:\/\/api.w.org\/{rel}","templated":true}]}}