{"id":20374,"date":"2023-03-24T23:57:57","date_gmt":"2023-03-24T20:57:57","guid":{"rendered":"https:\/\/www.fener.org\/?p=20374"},"modified":"2023-03-24T23:58:01","modified_gmt":"2023-03-24T20:58:01","slug":"dimitris-itoudis-daha-iyi-takimdik","status":"publish","type":"post","link":"https:\/\/www.fener.org\/index.php\/2023\/03\/24\/dimitris-itoudis-daha-iyi-takimdik\/","title":{"rendered":"Dimitris Itoudis: Daha iyi tak\u0131md\u0131k"},"content":{"rendered":"\n<p>Ba\u015fantren\u00f6r\u00fcm\u00fcz Dimitris Itoudis, Litvanya temsilcisi Zalgiris Kaunas&#8217;\u0131 87-79 yendi\u011fimiz m\u00fccadelenin ard\u0131ndan \u015funlar\u0131 s\u00f6yledi:<\/p>\n\n\n\n<blockquote class=\"wp-block-quote is-layout-flow wp-block-quote-is-layout-flow\">\n<p>\u201cGalibiyetten \u00f6t\u00fcr\u00fc tak\u0131m\u0131 tebrik ediyorum. \u00c7ok istekliydik ve bu ma\u00e7\u0131n ba\u015f\u0131ndan belliydi. Son zamanlardaki k\u00f6t\u00fc performans ve skorlara kar\u015f\u0131\u2026<\/p>\n\n\n\n<p>Daha iyi tak\u0131md\u0131k. Savunmam\u0131z \u00e7ok iyiydi. \u0130yi at\u0131\u015flar kulland\u0131k. H\u00fccum ribauntlar\u0131nda da ayn\u0131 \u015fekilde. \u0130kilik at\u0131\u015flarda %77,\u00fc\u00e7l\u00fck at\u0131\u015flarda %66\u2019l\u0131k y\u00fczdemiz vard\u0131. 17 top kayb\u0131 oldu. 8\u2019ini ald\u0131lar. \u0130ni\u015fli \u00e7\u0131k\u0131\u015fl\u0131 bir ma\u00e7 oldu ama bu kar\u015f\u0131la\u015fmada tablo \u00e7ok farkl\u0131yd\u0131. \u00d6nemli alanlardaki taraftar tezah\u00fcrat\u0131 sava\u015fmam\u0131za g\u00fc\u00e7 katt\u0131. Zorlu EuroLeague yolunda iyi bir galibiyetti. Fark hep 11-12 say\u0131 oldu. Fark\u0131 daha da a\u00e7maya \u00e7al\u0131\u015ft\u0131k ama rotasyondan \u00e7ok \u00f6nemli at\u0131\u015flar buldular. \u00d6zelikle Smits\u2019in at\u0131\u015f\u0131 \u00e7ok \u00f6nemliydi. Daha iyi tak\u0131md\u0131k ve sahadaki zihnimiz daha iyiydi.\u201d<\/p>\n<\/blockquote>\n","protected":false},"excerpt":{"rendered":"<p>Ba\u015fantren\u00f6r\u00fcm\u00fcz Dimitris Itoudis, Litvanya temsilcisi Zalgiris Kaunas&#8217;\u0131 87-79 yendi\u011fimiz m\u00fccadelenin ard\u0131ndan \u015funlar\u0131 s\u00f6yledi: \u201cGalibiyetten \u00f6t\u00fcr\u00fc tak\u0131m\u0131 tebrik ediyorum. \u00c7ok istekliydik ve bu ma\u00e7\u0131n ba\u015f\u0131ndan belliydi. Son zamanlardaki k\u00f6t\u00fc performans ve skorlara kar\u015f\u0131\u2026 Daha iyi tak\u0131md\u0131k. Savunmam\u0131z \u00e7ok iyiydi. \u0130yi at\u0131\u015flar kulland\u0131k. H\u00fccum ribauntlar\u0131nda da ayn\u0131 \u015fekilde. \u0130kilik at\u0131\u015flarda %77,\u00fc\u00e7l\u00fck at\u0131\u015flarda %66\u2019l\u0131k y\u00fczdemiz vard\u0131. 17 top [&hellip;]<\/p>\n","protected":false},"author":1,"featured_media":20377,"comment_status":"closed","ping_status":"closed","sticky":false,"template":"","format":"standard","meta":{"jnews-multi-image_gallery":[],"jnews_single_post":{"subtitle":"Fenerbah\u00e7e Erkek Basketbol Tak\u0131m\u0131m\u0131z\u0131n Ba\u015fantren\u00f6r\u00fc Dimitris Itoudis, Tak\u0131m\u0131m\u0131z\u0131n EuroLeague'in 30. hafta ma\u00e7\u0131nda Zalgiris Kaunas ile oynad\u0131\u011f\u0131 kar\u015f\u0131la\u015fman\u0131n ard\u0131ndan de\u011ferlendirmelerde bulundu.","format":"standard","video":"","gallery":"","source_name":"","source_url":"","via_name":"","via_url":"","override_template":"0","override":[{"template":"1","single_blog_custom":"","parallax":"1","fullscreen":"1","layout":"right-sidebar","sidebar":"mysidebar","second_sidebar":"default-sidebar","sticky_sidebar":"1","share_position":"float","share_float_style":"share-normal","show_share_counter":"1","show_view_counter":"1","show_featured":"1","show_post_meta":"1","show_post_author":"0","show_post_author_image":"1","show_post_date":"1","post_date_format":"default","post_date_format_custom":"Y\/m\/d","show_post_category":"0","show_post_reading_time":"0","post_reading_time_wpm":"300","show_zoom_button":"0","zoom_button_out_step":"2","zoom_button_in_step":"3","show_post_tag":"0","show_prev_next_post":"1","show_popup_post":"0","number_popup_post":"3","show_author_box":"0","show_post_related":"0","show_inline_post_related":"0"}],"override_image_size":"0","image_override":[{"single_post_thumbnail_size":"crop-500","single_post_gallery_size":"crop-500"}],"trending_post":"0","trending_post_position":"meta","trending_post_label":"Trending","sponsored_post":"0","sponsored_post_label":"Sponsored by","sponsored_post_name":"","sponsored_post_url":"","sponsored_post_logo_enable":"0","sponsored_post_logo":"","sponsored_post_desc":"","disable_ad":"0"},"jnews_primary_category":{"id":"5","hide":""},"jnews_social_meta":{"fb_title":"","fb_description":"","fb_image":"","twitter_title":"","twitter_description":"","twitter_image":""},"jnews_override_counter":{"override_view_counter":"0","view_counter_number":"0","override_share_counter":"0","share_counter_number":"0","override_like_counter":"0","like_counter_number":"0","override_dislike_counter":"0","dislike_counter_number":"0"},"footnotes":""},"categories":[5,6,2],"tags":[24,74,23],"class_list":["post-20374","post","type-post","status-publish","format-standard","has-post-thumbnail","hentry","category-basketbol","category-erkek-basketbol","category-haberler","tag-basketbol","tag-euroleague","tag-fenerbahce"],"amp_enabled":true,"_links":{"self":[{"href":"https:\/\/www.fener.org\/index.php\/wp-json\/wp\/v2\/posts\/20374","targetHints":{"allow":["GET"]}}],"collection":[{"href":"https:\/\/www.fener.org\/index.php\/wp-json\/wp\/v2\/posts"}],"about":[{"href":"https:\/\/www.fener.org\/index.php\/wp-json\/wp\/v2\/types\/post"}],"author":[{"embeddable":true,"href":"https:\/\/www.fener.org\/index.php\/wp-json\/wp\/v2\/users\/1"}],"replies":[{"embeddable":true,"href":"https:\/\/www.fener.org\/index.php\/wp-json\/wp\/v2\/comments?post=20374"}],"version-history":[{"count":2,"href":"https:\/\/www.fener.org\/index.php\/wp-json\/wp\/v2\/posts\/20374\/revisions"}],"predecessor-version":[{"id":20379,"href":"https:\/\/www.fener.org\/index.php\/wp-json\/wp\/v2\/posts\/20374\/revisions\/20379"}],"wp:featuredmedia":[{"embeddable":true,"href":"https:\/\/www.fener.org\/index.php\/wp-json\/wp\/v2\/media\/20377"}],"wp:attachment":[{"href":"https:\/\/www.fener.org\/index.php\/wp-json\/wp\/v2\/media?parent=20374"}],"wp:term":[{"taxonomy":"category","embeddable":true,"href":"https:\/\/www.fener.org\/index.php\/wp-json\/wp\/v2\/categories?post=20374"},{"taxonomy":"post_tag","embeddable":true,"href":"https:\/\/www.fener.org\/index.php\/wp-json\/wp\/v2\/tags?post=20374"}],"curies":[{"name":"wp","href":"https:\/\/api.w.org\/{rel}","templated":true}]}}