{"id":20363,"date":"2023-03-23T21:21:48","date_gmt":"2023-03-23T18:21:48","guid":{"rendered":"https:\/\/www.fener.org\/?p=20363"},"modified":"2023-03-23T21:21:52","modified_gmt":"2023-03-23T18:21:52","slug":"fenerbahce-ozel-macta-zenit-ile-berabere-kaldi","status":"publish","type":"post","link":"https:\/\/www.fener.org\/index.php\/2023\/03\/23\/fenerbahce-ozel-macta-zenit-ile-berabere-kaldi\/","title":{"rendered":"Fenerbah\u00e7e, \u00f6zel ma\u00e7ta Zenit ile berabere kald\u0131"},"content":{"rendered":"\n<p>Fenerbah\u00e7emiz, liglere verilen milli arada Rusya temsilcisi Zenit ile \u00f6zel ma\u00e7ta kar\u015f\u0131la\u015ft\u0131. \u00dclker Stadyumu Fenerbah\u00e7e \u015e\u00fckr\u00fc Saraco\u011flu Spor Kompkeksi&#8217;nde oynanan kar\u015f\u0131la\u015fma 2-2\u2019lik e\u015fitlikle sonu\u00e7land\u0131.<\/p>\n\n\n\n<p>Ma\u00e7tan \u00f6nce deprem felaketinde hayat\u0131n\u0131 kaybeden vatanda\u015flar\u0131m\u0131z i\u00e7in sayg\u0131 duru\u015funda bulunuldu.<\/p>\n\n\n\n<p>Gollerimizi 7. dakikada Mert Hakan Yanda\u015f ile 68. dakikada Bora Ayd\u0131nl\u0131k kaydetti. Konuk tak\u0131m\u0131n golleri ise 21. dakikada Malcom penalt\u0131dan ve 42. dakikada Claudinho\u2019dan geldi.<\/p>\n\n\n\n<p>Bu \u00f6zel kar\u015f\u0131la\u015fmadan elde edilen t\u00fcm gelir, afet b\u00f6lgesindeki vatanda\u015flar\u0131m\u0131za ba\u011f\u0131\u015flanacak.<\/p>\n","protected":false},"excerpt":{"rendered":"<p>Fenerbah\u00e7emiz, liglere verilen milli arada Rusya temsilcisi Zenit ile \u00f6zel ma\u00e7ta kar\u015f\u0131la\u015ft\u0131. \u00dclker Stadyumu Fenerbah\u00e7e \u015e\u00fckr\u00fc Saraco\u011flu Spor Kompkeksi&#8217;nde oynanan kar\u015f\u0131la\u015fma 2-2\u2019lik e\u015fitlikle sonu\u00e7land\u0131. Ma\u00e7tan \u00f6nce deprem felaketinde hayat\u0131n\u0131 kaybeden vatanda\u015flar\u0131m\u0131z i\u00e7in sayg\u0131 duru\u015funda bulunuldu. Gollerimizi 7. dakikada Mert Hakan Yanda\u015f ile 68. dakikada Bora Ayd\u0131nl\u0131k kaydetti. Konuk tak\u0131m\u0131n golleri ise 21. dakikada Malcom penalt\u0131dan [&hellip;]<\/p>\n","protected":false},"author":1,"featured_media":20364,"comment_status":"closed","ping_status":"closed","sticky":false,"template":"","format":"standard","meta":{"jnews-multi-image_gallery":[],"jnews_single_post":{"subtitle":"Fenerbah\u00e7e, liglere verilen milli arada Zenit ile oynad\u0131\u011f\u0131 \u00f6zel ma\u00e7tan 2-2 beraberlikle ayr\u0131ld\u0131.","format":"standard","video":"","gallery":"","source_name":"","source_url":"","via_name":"","via_url":"","override_template":"0","override":[{"template":"1","single_blog_custom":"","parallax":"1","fullscreen":"1","layout":"right-sidebar","sidebar":"mysidebar","second_sidebar":"default-sidebar","sticky_sidebar":"1","share_position":"float","share_float_style":"share-normal","show_share_counter":"1","show_view_counter":"1","show_featured":"1","show_post_meta":"1","show_post_author":"0","show_post_author_image":"1","show_post_date":"1","post_date_format":"default","post_date_format_custom":"Y\/m\/d","show_post_category":"0","show_post_reading_time":"0","post_reading_time_wpm":"300","show_zoom_button":"0","zoom_button_out_step":"2","zoom_button_in_step":"3","show_post_tag":"0","show_prev_next_post":"1","show_popup_post":"0","number_popup_post":"3","show_author_box":"0","show_post_related":"0","show_inline_post_related":"0"}],"override_image_size":"0","image_override":[{"single_post_thumbnail_size":"crop-500","single_post_gallery_size":"crop-500"}],"trending_post":"0","trending_post_position":"meta","trending_post_label":"Trending","sponsored_post":"0","sponsored_post_label":"Sponsored by","sponsored_post_name":"","sponsored_post_url":"","sponsored_post_logo_enable":"0","sponsored_post_logo":"","sponsored_post_desc":"","disable_ad":"0"},"jnews_primary_category":{"id":"4","hide":""},"jnews_social_meta":{"fb_title":"","fb_description":"","fb_image":"","twitter_title":"","twitter_description":"","twitter_image":""},"jnews_override_counter":{"override_view_counter":"0","view_counter_number":"0","override_share_counter":"0","share_counter_number":"0","override_like_counter":"0","like_counter_number":"0","override_dislike_counter":"0","dislike_counter_number":"0"},"footnotes":""},"categories":[4,2,47],"tags":[23,54],"class_list":["post-20363","post","type-post","status-publish","format-standard","has-post-thumbnail","hentry","category-futbol","category-haberler","category-profesyonel-a-futbol-takimi","tag-fenerbahce","tag-futbol"],"amp_enabled":true,"_links":{"self":[{"href":"https:\/\/www.fener.org\/index.php\/wp-json\/wp\/v2\/posts\/20363","targetHints":{"allow":["GET"]}}],"collection":[{"href":"https:\/\/www.fener.org\/index.php\/wp-json\/wp\/v2\/posts"}],"about":[{"href":"https:\/\/www.fener.org\/index.php\/wp-json\/wp\/v2\/types\/post"}],"author":[{"embeddable":true,"href":"https:\/\/www.fener.org\/index.php\/wp-json\/wp\/v2\/users\/1"}],"replies":[{"embeddable":true,"href":"https:\/\/www.fener.org\/index.php\/wp-json\/wp\/v2\/comments?post=20363"}],"version-history":[{"count":1,"href":"https:\/\/www.fener.org\/index.php\/wp-json\/wp\/v2\/posts\/20363\/revisions"}],"predecessor-version":[{"id":20365,"href":"https:\/\/www.fener.org\/index.php\/wp-json\/wp\/v2\/posts\/20363\/revisions\/20365"}],"wp:featuredmedia":[{"embeddable":true,"href":"https:\/\/www.fener.org\/index.php\/wp-json\/wp\/v2\/media\/20364"}],"wp:attachment":[{"href":"https:\/\/www.fener.org\/index.php\/wp-json\/wp\/v2\/media?parent=20363"}],"wp:term":[{"taxonomy":"category","embeddable":true,"href":"https:\/\/www.fener.org\/index.php\/wp-json\/wp\/v2\/categories?post=20363"},{"taxonomy":"post_tag","embeddable":true,"href":"https:\/\/www.fener.org\/index.php\/wp-json\/wp\/v2\/tags?post=20363"}],"curies":[{"name":"wp","href":"https:\/\/api.w.org\/{rel}","templated":true}]}}