{"id":20338,"date":"2023-03-21T15:13:15","date_gmt":"2023-03-21T12:13:15","guid":{"rendered":"https:\/\/www.fener.org\/?p=20338"},"modified":"2023-03-21T15:13:21","modified_gmt":"2023-03-21T12:13:21","slug":"fenerbahce-beko-ax-armani-exchange-milanoyu-konuk-ediyor-2","status":"publish","type":"post","link":"https:\/\/www.fener.org\/index.php\/2023\/03\/21\/fenerbahce-beko-ax-armani-exchange-milanoyu-konuk-ediyor-2\/","title":{"rendered":"Fenerbah\u00e7e Beko, AX Armani Exchange Milano\u2019yu konuk ediyor"},"content":{"rendered":"\n<p>Fenerbah\u00e7e Beko Erkek Basketbol Tak\u0131m\u0131m\u0131z, Turkish Airlines EuroLeague 2022-23 sezonu 24. hafta (erteleme) ma\u00e7\u0131nda AX Armani Exchange Milano\u2019yu konuk ediyor. Bug\u00fcn (21 Mart Sal\u0131 g\u00fcn\u00fc) saat 20.15\u2019te \u00dclker Spor ve Etkinlik Salonu\u2019nda oynanacak m\u00fccadele S Sport taraf\u0131ndan canl\u0131 yay\u0131nlanacak. Kar\u015f\u0131la\u015fmay\u0131 Daniel Hierrezuelo (\u0130spanya), Olegs Latisevs (Letonya), Rain Peerandi (Estonya) hakem \u00fc\u00e7l\u00fcs\u00fc y\u00f6netecek.<\/p>\n\n\n\n<p>Fenerbah\u00e7e Beko, EuroLeague\u2019deki son ma\u00e7\u0131nda 16 Mart Per\u015fembe g\u00fcn\u00fc Valencia Basket\u2019e konuk oldu. Ekibimiz, b\u00fcy\u00fck \u00e7eki\u015fmeye sahne olan ma\u00e7ta rakibine 82-80 yenildi.<\/p>\n\n\n\n<p>Fenerbah\u00e7e Beko, T\u00fcrkiye Sigorta Basketbol S\u00fcper Ligi\u2019ndeki son m\u00fccadelesinde 18 Mart Cumartesi g\u00fcn\u00fc konuk etti\u011fi Be\u015fikta\u015f Emlakjet\u2019i 95-80 yenerek 21. ma\u00e7\u0131nda 18. galibiyetini ald\u0131.<\/p>\n\n\n\n<p>Tak\u0131m\u0131m\u0131zda Dyshawn Pierre ve Metecan Birsen\u2019in sakatl\u0131klar\u0131 bulunuyor. Tyler Dorsey de bu m\u00fccadelenin \u201certeleme ma\u00e7\u0131\u201d olmas\u0131 nedeniyle, kar\u015f\u0131la\u015fman\u0131n oynanmas\u0131 gereken ilk tarihte tak\u0131m kadromuzda bulunmad\u0131\u011f\u0131ndan bu ma\u00e7ta forma giyemeyecek.<\/p>\n\n\n\n<p>Ettore Messina taraf\u0131ndan \u00e7al\u0131\u015ft\u0131r\u0131lan AX Armani Exchange Milano, bu sezon EuroLeague\u2019de oynad\u0131\u011f\u0131 28 ma\u00e7ta 12 galibiyet ald\u0131. Rakibimiz, alt\u0131 ma\u00e7l\u0131k galibiyet serisinin ard\u0131ndan son olarak 16 Mart Per\u015fembe g\u00fcn\u00fc konuk oldu\u011fu Real Madrid\u2019e 91-87 yenildi. Milano\u2019da Shabazz Napier 17, Nicolo Melli 16, Billy Baron ve Stefano Tonut 14\u2019er say\u0131 \u00fcretti.<\/p>\n\n\n\n<p>K\u0131rm\u0131z\u0131-beyazl\u0131lar, \u0130talya Ligi\u2019nde bu sezon \u00e7\u0131kt\u0131\u011f\u0131 22 ma\u00e7ta 17 galibiyet ald\u0131. Rakibimiz son olarak 19 Mart Pazar g\u00fcn\u00fc konuk etti\u011fi Virtus Segafredo Bologna\u2019ya 69-75 yenildi.<\/p>\n\n\n\n<p>Fenerbah\u00e7e Beko, rakibiyle oynad\u0131\u011f\u0131 21 EuroLeague ma\u00e7\u0131nda 15 galibiyet elde etti.<\/p>\n\n\n\n<p>2022-23 sezonu 10. haftas\u0131nda Milano\u2019da oynanan ma\u00e7\u0131 Fenerbah\u00e7e Beko 72-82 kazand\u0131. Tak\u0131m\u0131m\u0131zda Nigel Hayes-Davis 22 say\u0131, Marko Guduric ise 11 say\u0131 \u00fcretti. Milano cephesinde ise Naz Mitrou-Long 18, Timothe Luwawu Cabarrot 15 say\u0131 buldu.<\/p>\n","protected":false},"excerpt":{"rendered":"<p>Fenerbah\u00e7e Beko Erkek Basketbol Tak\u0131m\u0131m\u0131z, Turkish Airlines EuroLeague 2022-23 sezonu 24. hafta (erteleme) ma\u00e7\u0131nda AX Armani Exchange Milano\u2019yu konuk ediyor. Bug\u00fcn (21 Mart Sal\u0131 g\u00fcn\u00fc) saat 20.15\u2019te \u00dclker Spor ve Etkinlik Salonu\u2019nda oynanacak m\u00fccadele S Sport taraf\u0131ndan canl\u0131 yay\u0131nlanacak. Kar\u015f\u0131la\u015fmay\u0131 Daniel Hierrezuelo (\u0130spanya), Olegs Latisevs (Letonya), Rain Peerandi (Estonya) hakem \u00fc\u00e7l\u00fcs\u00fc y\u00f6netecek. Fenerbah\u00e7e Beko, EuroLeague\u2019deki [&hellip;]<\/p>\n","protected":false},"author":1,"featured_media":19985,"comment_status":"closed","ping_status":"closed","sticky":false,"template":"","format":"standard","meta":{"jnews-multi-image_gallery":[],"jnews_single_post":{"subtitle":"Fenerbah\u00e7e Erkek Basketbol Tak\u0131m\u0131m\u0131z, EuroLeague'de 24. hafta erteleme ma\u00e7\u0131nda Milano\u2019yu a\u011f\u0131rl\u0131yor.","format":"standard","video":"","gallery":"","source_name":"","source_url":"","via_name":"","via_url":"","override_template":"0","override":[{"template":"1","single_blog_custom":"","parallax":"1","fullscreen":"1","layout":"right-sidebar","sidebar":"mysidebar","second_sidebar":"default-sidebar","sticky_sidebar":"1","share_position":"float","share_float_style":"share-normal","show_share_counter":"1","show_view_counter":"1","show_featured":"1","show_post_meta":"1","show_post_author":"0","show_post_author_image":"1","show_post_date":"1","post_date_format":"default","post_date_format_custom":"Y\/m\/d","show_post_category":"0","show_post_reading_time":"0","post_reading_time_wpm":"300","show_zoom_button":"0","zoom_button_out_step":"2","zoom_button_in_step":"3","show_post_tag":"0","show_prev_next_post":"1","show_popup_post":"0","number_popup_post":"3","show_author_box":"0","show_post_related":"0","show_inline_post_related":"0"}],"override_image_size":"0","image_override":[{"single_post_thumbnail_size":"crop-500","single_post_gallery_size":"crop-500"}],"trending_post":"0","trending_post_position":"meta","trending_post_label":"Trending","sponsored_post":"0","sponsored_post_label":"Sponsored by","sponsored_post_name":"","sponsored_post_url":"","sponsored_post_logo_enable":"0","sponsored_post_logo":"","sponsored_post_desc":"","disable_ad":"0"},"jnews_primary_category":{"id":"5","hide":""},"jnews_social_meta":{"fb_title":"","fb_description":"","fb_image":"","twitter_title":"","twitter_description":"","twitter_image":""},"jnews_override_counter":{"override_view_counter":"0","view_counter_number":"0","override_share_counter":"0","share_counter_number":"0","override_like_counter":"0","like_counter_number":"0","override_dislike_counter":"0","dislike_counter_number":"0"},"footnotes":""},"categories":[5,6,2],"tags":[24,74,23],"class_list":["post-20338","post","type-post","status-publish","format-standard","has-post-thumbnail","hentry","category-basketbol","category-erkek-basketbol","category-haberler","tag-basketbol","tag-euroleague","tag-fenerbahce"],"amp_enabled":true,"_links":{"self":[{"href":"https:\/\/www.fener.org\/index.php\/wp-json\/wp\/v2\/posts\/20338","targetHints":{"allow":["GET"]}}],"collection":[{"href":"https:\/\/www.fener.org\/index.php\/wp-json\/wp\/v2\/posts"}],"about":[{"href":"https:\/\/www.fener.org\/index.php\/wp-json\/wp\/v2\/types\/post"}],"author":[{"embeddable":true,"href":"https:\/\/www.fener.org\/index.php\/wp-json\/wp\/v2\/users\/1"}],"replies":[{"embeddable":true,"href":"https:\/\/www.fener.org\/index.php\/wp-json\/wp\/v2\/comments?post=20338"}],"version-history":[{"count":1,"href":"https:\/\/www.fener.org\/index.php\/wp-json\/wp\/v2\/posts\/20338\/revisions"}],"predecessor-version":[{"id":20339,"href":"https:\/\/www.fener.org\/index.php\/wp-json\/wp\/v2\/posts\/20338\/revisions\/20339"}],"wp:featuredmedia":[{"embeddable":true,"href":"https:\/\/www.fener.org\/index.php\/wp-json\/wp\/v2\/media\/19985"}],"wp:attachment":[{"href":"https:\/\/www.fener.org\/index.php\/wp-json\/wp\/v2\/media?parent=20338"}],"wp:term":[{"taxonomy":"category","embeddable":true,"href":"https:\/\/www.fener.org\/index.php\/wp-json\/wp\/v2\/categories?post=20338"},{"taxonomy":"post_tag","embeddable":true,"href":"https:\/\/www.fener.org\/index.php\/wp-json\/wp\/v2\/tags?post=20338"}],"curies":[{"name":"wp","href":"https:\/\/api.w.org\/{rel}","templated":true}]}}