{"id":20330,"date":"2023-03-19T21:33:14","date_gmt":"2023-03-19T18:33:14","guid":{"rendered":"https:\/\/www.fener.org\/?p=20330"},"modified":"2023-03-19T21:33:17","modified_gmt":"2023-03-19T18:33:17","slug":"alanyaspor-1-3-fenerbahce","status":"publish","type":"post","link":"https:\/\/www.fener.org\/index.php\/2023\/03\/19\/alanyaspor-1-3-fenerbahce\/","title":{"rendered":"Alanyaspor 1-3 Fenerbah\u00e7e"},"content":{"rendered":"\n<p>Fenerbah\u00e7emiz, Spor Toto S\u00fcper Lig&#8217;in 26. haftas\u0131nda deplasmanda Corendon Alanyaspor ile kar\u015f\u0131la\u015ft\u0131.<\/p>\n\n\n\n<p>\u0130lk yar\u0131s\u0131n\u0131 1-0 geride tamamlad\u0131\u011f\u0131 ma\u00e7\u0131 ikinci yar\u0131da buldu\u011fu gollerle 3-1 kazanan Futbol A Tak\u0131m\u0131m\u0131z, puan\u0131n\u0131 54\u2019e y\u00fckseltti. K\u0131rb\u0131y\u0131k Holding Stadyumu&#8217;nda oynanan kar\u015f\u0131la\u015fmada Tak\u0131m\u0131m\u0131za galibiyeti getiren golleri 65 ve 85. dakikalarda Enner Valencia (P) ile 90+2. dakikada Emre Mor kaydetti. Teknik Direkt\u00f6r\u00fcm\u00fcz kar\u015f\u0131la\u015fman\u0131n 68. dakikas\u0131nda g\u00f6rd\u00fc\u011f\u00fc k\u0131rm\u0131z\u0131 kartla oyun d\u0131\u015f\u0131nda kald\u0131.<\/p>\n","protected":false},"excerpt":{"rendered":"<p>Fenerbah\u00e7emiz, Spor Toto S\u00fcper Lig&#8217;in 26. haftas\u0131nda deplasmanda Corendon Alanyaspor ile kar\u015f\u0131la\u015ft\u0131. \u0130lk yar\u0131s\u0131n\u0131 1-0 geride tamamlad\u0131\u011f\u0131 ma\u00e7\u0131 ikinci yar\u0131da buldu\u011fu gollerle 3-1 kazanan Futbol A Tak\u0131m\u0131m\u0131z, puan\u0131n\u0131 54\u2019e y\u00fckseltti. K\u0131rb\u0131y\u0131k Holding Stadyumu&#8217;nda oynanan kar\u015f\u0131la\u015fmada Tak\u0131m\u0131m\u0131za galibiyeti getiren golleri 65 ve 85. dakikalarda Enner Valencia (P) ile 90+2. dakikada Emre Mor kaydetti. Teknik Direkt\u00f6r\u00fcm\u00fcz kar\u015f\u0131la\u015fman\u0131n [&hellip;]<\/p>\n","protected":false},"author":1,"featured_media":20331,"comment_status":"closed","ping_status":"closed","sticky":false,"template":"","format":"standard","meta":{"jnews-multi-image_gallery":[],"jnews_single_post":{"subtitle":"Fenerbah\u00e7e, S\u00fcper Lig'in 26. haftas\u0131nda deplasmanda Alanyaspor ile oynad\u0131\u011f\u0131 m\u00fccadeleyi 3-1 kazand\u0131.","format":"standard","video":"","gallery":"","source_name":"","source_url":"","via_name":"","via_url":"","override_template":"0","override":[{"template":"1","single_blog_custom":"","parallax":"1","fullscreen":"1","layout":"right-sidebar","sidebar":"mysidebar","second_sidebar":"default-sidebar","sticky_sidebar":"1","share_position":"float","share_float_style":"share-normal","show_share_counter":"1","show_view_counter":"1","show_featured":"1","show_post_meta":"1","show_post_author":"0","show_post_author_image":"1","show_post_date":"1","post_date_format":"default","post_date_format_custom":"Y\/m\/d","show_post_category":"0","show_post_reading_time":"0","post_reading_time_wpm":"300","show_zoom_button":"0","zoom_button_out_step":"2","zoom_button_in_step":"3","show_post_tag":"0","show_prev_next_post":"1","show_popup_post":"0","number_popup_post":"3","show_author_box":"0","show_post_related":"0","show_inline_post_related":"0"}],"override_image_size":"0","image_override":[{"single_post_thumbnail_size":"crop-500","single_post_gallery_size":"crop-500"}],"trending_post":"0","trending_post_position":"meta","trending_post_label":"Trending","sponsored_post":"0","sponsored_post_label":"Sponsored by","sponsored_post_name":"","sponsored_post_url":"","sponsored_post_logo_enable":"0","sponsored_post_logo":"","sponsored_post_desc":"","disable_ad":"0"},"jnews_primary_category":{"id":"4","hide":""},"jnews_social_meta":{"fb_title":"","fb_description":"","fb_image":"","twitter_title":"","twitter_description":"","twitter_image":""},"jnews_override_counter":{"override_view_counter":"0","view_counter_number":"0","override_share_counter":"0","share_counter_number":"0","override_like_counter":"0","like_counter_number":"0","override_dislike_counter":"0","dislike_counter_number":"0"},"footnotes":""},"categories":[4,2,47],"tags":[23,54],"class_list":["post-20330","post","type-post","status-publish","format-standard","has-post-thumbnail","hentry","category-futbol","category-haberler","category-profesyonel-a-futbol-takimi","tag-fenerbahce","tag-futbol"],"amp_enabled":true,"_links":{"self":[{"href":"https:\/\/www.fener.org\/index.php\/wp-json\/wp\/v2\/posts\/20330","targetHints":{"allow":["GET"]}}],"collection":[{"href":"https:\/\/www.fener.org\/index.php\/wp-json\/wp\/v2\/posts"}],"about":[{"href":"https:\/\/www.fener.org\/index.php\/wp-json\/wp\/v2\/types\/post"}],"author":[{"embeddable":true,"href":"https:\/\/www.fener.org\/index.php\/wp-json\/wp\/v2\/users\/1"}],"replies":[{"embeddable":true,"href":"https:\/\/www.fener.org\/index.php\/wp-json\/wp\/v2\/comments?post=20330"}],"version-history":[{"count":1,"href":"https:\/\/www.fener.org\/index.php\/wp-json\/wp\/v2\/posts\/20330\/revisions"}],"predecessor-version":[{"id":20332,"href":"https:\/\/www.fener.org\/index.php\/wp-json\/wp\/v2\/posts\/20330\/revisions\/20332"}],"wp:featuredmedia":[{"embeddable":true,"href":"https:\/\/www.fener.org\/index.php\/wp-json\/wp\/v2\/media\/20331"}],"wp:attachment":[{"href":"https:\/\/www.fener.org\/index.php\/wp-json\/wp\/v2\/media?parent=20330"}],"wp:term":[{"taxonomy":"category","embeddable":true,"href":"https:\/\/www.fener.org\/index.php\/wp-json\/wp\/v2\/categories?post=20330"},{"taxonomy":"post_tag","embeddable":true,"href":"https:\/\/www.fener.org\/index.php\/wp-json\/wp\/v2\/tags?post=20330"}],"curies":[{"name":"wp","href":"https:\/\/api.w.org\/{rel}","templated":true}]}}