{"id":20309,"date":"2023-03-18T21:00:02","date_gmt":"2023-03-18T18:00:02","guid":{"rendered":"https:\/\/www.fener.org\/?p=20309"},"modified":"2023-03-18T21:00:12","modified_gmt":"2023-03-18T18:00:12","slug":"fenerbahce-altay-bayindir-ile-sozlesme-yeniledi","status":"publish","type":"post","link":"https:\/\/www.fener.org\/index.php\/2023\/03\/18\/fenerbahce-altay-bayindir-ile-sozlesme-yeniledi\/","title":{"rendered":"Fenerbah\u00e7e, Altay Bay\u0131nd\u0131r ile s\u00f6zle\u015fme yeniledi"},"content":{"rendered":"\n<p>Fenerbah\u00e7emiz, 2019 y\u0131l\u0131nda tak\u0131m\u0131m\u0131za kat\u0131lan ve kaptanl\u0131\u011fa kadar y\u00fckselen Altay Bay\u0131nd\u0131r ile 4 y\u0131ll\u0131k s\u00f6zle\u015fme imzaland\u0131\u011f\u0131n\u0131 duyurdu.<\/p>\n\n\n\n<p>Kul\u00fcb\u00fcm\u00fcz\u00fcn resmi sitesinde yay\u0131nlanan a\u00e7\u0131klamada \u015f\u00f6yle denildi:<\/p>\n\n\n\n<blockquote class=\"wp-block-quote is-layout-flow wp-block-quote-is-layout-flow\">\n<p>2019 y\u0131l\u0131ndan beri formam\u0131z\u0131 giyen, Fenerbah\u00e7emize ba\u011fl\u0131l\u0131\u011f\u0131 ve aidiyeti ile Futbol A Tak\u0131m\u0131m\u0131zda kaptanl\u0131\u011fa kadar y\u00fckselen Altay Bay\u0131nd\u0131r ile s\u00f6zle\u015fmemiz 4 y\u0131l uzat\u0131lm\u0131\u015ft\u0131r.<\/p>\n\n\n\n<p>A Milli Tak\u0131m formas\u0131 da giyen Kaptan\u0131m\u0131z Altay Bay\u0131nd\u0131r, 2026-27 sezon sonuna dek Futbol A Tak\u0131m\u0131m\u0131z\u0131n formas\u0131n\u0131 terletecektir.<\/p>\n\n\n\n<p>Altay Bay\u0131nd\u0131r\u0131m\u0131z\u0131n, Fenerbah\u00e7emizin 1 Numaral\u0131 formas\u0131yla kul\u00fcb\u00fcm\u00fcz efsane isimlerinden olaca\u011f\u0131na, ba\u015far\u0131lar\u0131 ile y\u00fcz\u00fcm\u00fcz\u00fc g\u00fcld\u00fcrece\u011fine inan\u0131yoruz.<\/p>\n\n\n\n<p>Kul\u00fcb\u00fcm\u00fcze transfer oldu\u011fu g\u00fcnden bug\u00fcne kadar duru\u015fu ile \u00f6rnek olan Altay Bay\u0131nd\u0131r\u2019a, Fenerbah\u00e7emizin \u00e7at\u0131s\u0131 alt\u0131nda ve hedeflerimiz yolunda nice ba\u015far\u0131lar diliyoruz.<\/p>\n<\/blockquote>\n","protected":false},"excerpt":{"rendered":"<p>Fenerbah\u00e7emiz, 2019 y\u0131l\u0131nda tak\u0131m\u0131m\u0131za kat\u0131lan ve kaptanl\u0131\u011fa kadar y\u00fckselen Altay Bay\u0131nd\u0131r ile 4 y\u0131ll\u0131k s\u00f6zle\u015fme imzaland\u0131\u011f\u0131n\u0131 duyurdu. Kul\u00fcb\u00fcm\u00fcz\u00fcn resmi sitesinde yay\u0131nlanan a\u00e7\u0131klamada \u015f\u00f6yle denildi: 2019 y\u0131l\u0131ndan beri formam\u0131z\u0131 giyen, Fenerbah\u00e7emize ba\u011fl\u0131l\u0131\u011f\u0131 ve aidiyeti ile Futbol A Tak\u0131m\u0131m\u0131zda kaptanl\u0131\u011fa kadar y\u00fckselen Altay Bay\u0131nd\u0131r ile s\u00f6zle\u015fmemiz 4 y\u0131l uzat\u0131lm\u0131\u015ft\u0131r. A Milli Tak\u0131m formas\u0131 da giyen Kaptan\u0131m\u0131z Altay [&hellip;]<\/p>\n","protected":false},"author":1,"featured_media":13118,"comment_status":"closed","ping_status":"closed","sticky":false,"template":"","format":"standard","meta":{"jnews-multi-image_gallery":[],"jnews_single_post":{"subtitle":"Fenerbah\u00e7e, oyuncumuz Altay Bay\u0131nd\u0131r'\u0131n s\u00f6zle\u015fmesinin 4 y\u0131l uzat\u0131ld\u0131\u011f\u0131n\u0131 a\u00e7\u0131klad\u0131.","format":"standard","video":"","gallery":"","source_name":"","source_url":"","via_name":"","via_url":"","override_template":"0","override":[{"template":"1","single_blog_custom":"","parallax":"1","fullscreen":"1","layout":"right-sidebar","sidebar":"mysidebar","second_sidebar":"default-sidebar","sticky_sidebar":"1","share_position":"float","share_float_style":"share-normal","show_share_counter":"1","show_view_counter":"1","show_featured":"1","show_post_meta":"1","show_post_author":"0","show_post_author_image":"1","show_post_date":"1","post_date_format":"default","post_date_format_custom":"Y\/m\/d","show_post_category":"0","show_post_reading_time":"0","post_reading_time_wpm":"300","show_zoom_button":"0","zoom_button_out_step":"2","zoom_button_in_step":"3","show_post_tag":"0","show_prev_next_post":"1","show_popup_post":"0","number_popup_post":"3","show_author_box":"0","show_post_related":"0","show_inline_post_related":"0"}],"override_image_size":"0","image_override":[{"single_post_thumbnail_size":"crop-500","single_post_gallery_size":"crop-500"}],"trending_post":"0","trending_post_position":"meta","trending_post_label":"Trending","sponsored_post":"0","sponsored_post_label":"Sponsored by","sponsored_post_name":"","sponsored_post_url":"","sponsored_post_logo_enable":"0","sponsored_post_logo":"","sponsored_post_desc":"","disable_ad":"0"},"jnews_primary_category":{"id":"4","hide":""},"jnews_social_meta":{"fb_title":"","fb_description":"","fb_image":"","twitter_title":"","twitter_description":"","twitter_image":""},"jnews_override_counter":{"override_view_counter":"0","view_counter_number":"0","override_share_counter":"0","share_counter_number":"0","override_like_counter":"0","like_counter_number":"0","override_dislike_counter":"0","dislike_counter_number":"0"},"footnotes":""},"categories":[4,2,47],"tags":[23,54],"class_list":["post-20309","post","type-post","status-publish","format-standard","has-post-thumbnail","hentry","category-futbol","category-haberler","category-profesyonel-a-futbol-takimi","tag-fenerbahce","tag-futbol"],"amp_enabled":true,"_links":{"self":[{"href":"https:\/\/www.fener.org\/index.php\/wp-json\/wp\/v2\/posts\/20309","targetHints":{"allow":["GET"]}}],"collection":[{"href":"https:\/\/www.fener.org\/index.php\/wp-json\/wp\/v2\/posts"}],"about":[{"href":"https:\/\/www.fener.org\/index.php\/wp-json\/wp\/v2\/types\/post"}],"author":[{"embeddable":true,"href":"https:\/\/www.fener.org\/index.php\/wp-json\/wp\/v2\/users\/1"}],"replies":[{"embeddable":true,"href":"https:\/\/www.fener.org\/index.php\/wp-json\/wp\/v2\/comments?post=20309"}],"version-history":[{"count":2,"href":"https:\/\/www.fener.org\/index.php\/wp-json\/wp\/v2\/posts\/20309\/revisions"}],"predecessor-version":[{"id":20311,"href":"https:\/\/www.fener.org\/index.php\/wp-json\/wp\/v2\/posts\/20309\/revisions\/20311"}],"wp:featuredmedia":[{"embeddable":true,"href":"https:\/\/www.fener.org\/index.php\/wp-json\/wp\/v2\/media\/13118"}],"wp:attachment":[{"href":"https:\/\/www.fener.org\/index.php\/wp-json\/wp\/v2\/media?parent=20309"}],"wp:term":[{"taxonomy":"category","embeddable":true,"href":"https:\/\/www.fener.org\/index.php\/wp-json\/wp\/v2\/categories?post=20309"},{"taxonomy":"post_tag","embeddable":true,"href":"https:\/\/www.fener.org\/index.php\/wp-json\/wp\/v2\/tags?post=20309"}],"curies":[{"name":"wp","href":"https:\/\/api.w.org\/{rel}","templated":true}]}}