{"id":20298,"date":"2023-03-17T23:17:05","date_gmt":"2023-03-17T20:17:05","guid":{"rendered":"https:\/\/www.fener.org\/?p=20298"},"modified":"2023-03-17T23:17:09","modified_gmt":"2023-03-17T20:17:09","slug":"fenerbahce-petrol-ofisi-trabzonspora-konuk-oluyor","status":"publish","type":"post","link":"https:\/\/www.fener.org\/index.php\/2023\/03\/17\/fenerbahce-petrol-ofisi-trabzonspora-konuk-oluyor\/","title":{"rendered":"Fenerbah\u00e7e Petrol Ofisi, Trabzonspor\u2019a konuk oluyor"},"content":{"rendered":"\n<p>Fenerbah\u00e7e Petrol Ofisi Kad\u0131n Futbol Tak\u0131m\u0131m\u0131z, Turkcell Kad\u0131n Futbol S\u00fcper Ligi\u2019nin 18. ve son haftas\u0131nda Trabzonspor\u2019a konuk oluyor. 18 Mart Cumartesi g\u00fcn\u00fc saat 13.00\u2019da Ahmet Suat \u00d6zyaz\u0131c\u0131 Stad\u0131\u2019nda oynanacak m\u00fcsabaka Fenerbah\u00e7e TV\u2019den ekranlara gelecek.<\/p>\n\n\n\n<p>Bitime bir hafta kala ligi \u00fc\u00e7\u00fcnc\u00fc s\u0131rada tamamlamay\u0131 garantileyen Fenerbah\u00e7e Petrol Ofisi Kad\u0131n Futbol Tak\u0131m\u0131m\u0131z, bu periyotta 11 galibiyet, 2 beraberlik, 4 ma\u011flubiyet sonunda 35 puan toplad\u0131. Rakip fileleri 66 kez havaland\u0131ran Tak\u0131m\u0131m\u0131z, kalesinde 10 gol g\u00f6rd\u00fc.<\/p>\n\n\n\n<p>Son hafta ma\u00e7lar\u0131 \u00f6ncesinde ad\u0131n\u0131 play-off turuna yazd\u0131ran Ekibimiz, play-off turunda A Grubunu 7. s\u0131rada tamamlayan Hakkarig\u00fcc\u00fc Spor ile kar\u015f\u0131la\u015facak.<\/p>\n\n\n\n<p>Ev sahibi Trabzonspor ise 17 hafta sonunda toplad\u0131\u011f\u0131 16 puanla 8. basamakta yer al\u0131yor.<\/p>\n\n\n\n<p>Tak\u0131m\u0131m\u0131z, ligin ilk yar\u0131s\u0131nda oynanan m\u00fccadeleden 1-0 galip ayr\u0131lm\u0131\u015ft\u0131.<\/p>\n","protected":false},"excerpt":{"rendered":"<p>Fenerbah\u00e7e Petrol Ofisi Kad\u0131n Futbol Tak\u0131m\u0131m\u0131z, Turkcell Kad\u0131n Futbol S\u00fcper Ligi\u2019nin 18. ve son haftas\u0131nda Trabzonspor\u2019a konuk oluyor. 18 Mart Cumartesi g\u00fcn\u00fc saat 13.00\u2019da Ahmet Suat \u00d6zyaz\u0131c\u0131 Stad\u0131\u2019nda oynanacak m\u00fcsabaka Fenerbah\u00e7e TV\u2019den ekranlara gelecek. Bitime bir hafta kala ligi \u00fc\u00e7\u00fcnc\u00fc s\u0131rada tamamlamay\u0131 garantileyen Fenerbah\u00e7e Petrol Ofisi Kad\u0131n Futbol Tak\u0131m\u0131m\u0131z, bu periyotta 11 galibiyet, 2 beraberlik, [&hellip;]<\/p>\n","protected":false},"author":1,"featured_media":19670,"comment_status":"closed","ping_status":"closed","sticky":false,"template":"","format":"standard","meta":{"jnews-multi-image_gallery":[],"jnews_single_post":{"subtitle":"Fenerbah\u00e7e Kad\u0131n Futbol Tak\u0131m\u0131m\u0131z, Kad\u0131n Futbol S\u00fcper Ligi\u2019nin 18. ve son haftas\u0131nda deplasmanda Trabzonspor ile m\u00fccadele edecek.","format":"standard","video":"","gallery":"","source_name":"","source_url":"","via_name":"","via_url":"","override_template":"0","override":[{"template":"1","single_blog_custom":"","parallax":"1","fullscreen":"1","layout":"right-sidebar","sidebar":"mysidebar","second_sidebar":"default-sidebar","sticky_sidebar":"1","share_position":"float","share_float_style":"share-normal","show_share_counter":"1","show_view_counter":"1","show_featured":"1","show_post_meta":"1","show_post_author":"0","show_post_author_image":"1","show_post_date":"1","post_date_format":"default","post_date_format_custom":"Y\/m\/d","show_post_category":"0","show_post_reading_time":"0","post_reading_time_wpm":"300","show_zoom_button":"0","zoom_button_out_step":"2","zoom_button_in_step":"3","show_post_tag":"0","show_prev_next_post":"1","show_popup_post":"0","number_popup_post":"3","show_author_box":"0","show_post_related":"0","show_inline_post_related":"0"}],"override_image_size":"0","image_override":[{"single_post_thumbnail_size":"crop-500","single_post_gallery_size":"crop-500"}],"trending_post":"0","trending_post_position":"meta","trending_post_label":"Trending","sponsored_post":"0","sponsored_post_label":"Sponsored by","sponsored_post_name":"","sponsored_post_url":"","sponsored_post_logo_enable":"0","sponsored_post_logo":"","sponsored_post_desc":"","disable_ad":"0"},"jnews_primary_category":{"id":"4","hide":""},"jnews_social_meta":{"fb_title":"","fb_description":"","fb_image":"","twitter_title":"","twitter_description":"","twitter_image":""},"jnews_override_counter":{"override_view_counter":"0","view_counter_number":"0","override_share_counter":"0","share_counter_number":"0","override_like_counter":"0","like_counter_number":"0","override_dislike_counter":"0","dislike_counter_number":"0"},"footnotes":""},"categories":[4,2,191],"tags":[23,192],"class_list":["post-20298","post","type-post","status-publish","format-standard","has-post-thumbnail","hentry","category-futbol","category-haberler","category-kadin-futbol","tag-fenerbahce","tag-kadinfutbol"],"amp_enabled":true,"_links":{"self":[{"href":"https:\/\/www.fener.org\/index.php\/wp-json\/wp\/v2\/posts\/20298","targetHints":{"allow":["GET"]}}],"collection":[{"href":"https:\/\/www.fener.org\/index.php\/wp-json\/wp\/v2\/posts"}],"about":[{"href":"https:\/\/www.fener.org\/index.php\/wp-json\/wp\/v2\/types\/post"}],"author":[{"embeddable":true,"href":"https:\/\/www.fener.org\/index.php\/wp-json\/wp\/v2\/users\/1"}],"replies":[{"embeddable":true,"href":"https:\/\/www.fener.org\/index.php\/wp-json\/wp\/v2\/comments?post=20298"}],"version-history":[{"count":1,"href":"https:\/\/www.fener.org\/index.php\/wp-json\/wp\/v2\/posts\/20298\/revisions"}],"predecessor-version":[{"id":20299,"href":"https:\/\/www.fener.org\/index.php\/wp-json\/wp\/v2\/posts\/20298\/revisions\/20299"}],"wp:featuredmedia":[{"embeddable":true,"href":"https:\/\/www.fener.org\/index.php\/wp-json\/wp\/v2\/media\/19670"}],"wp:attachment":[{"href":"https:\/\/www.fener.org\/index.php\/wp-json\/wp\/v2\/media?parent=20298"}],"wp:term":[{"taxonomy":"category","embeddable":true,"href":"https:\/\/www.fener.org\/index.php\/wp-json\/wp\/v2\/categories?post=20298"},{"taxonomy":"post_tag","embeddable":true,"href":"https:\/\/www.fener.org\/index.php\/wp-json\/wp\/v2\/tags?post=20298"}],"curies":[{"name":"wp","href":"https:\/\/api.w.org\/{rel}","templated":true}]}}