{"id":20293,"date":"2023-03-17T23:10:34","date_gmt":"2023-03-17T20:10:34","guid":{"rendered":"https:\/\/www.fener.org\/?p=20293"},"modified":"2023-03-17T23:10:40","modified_gmt":"2023-03-17T20:10:40","slug":"fenerbahcede-alanyaspor-macinin-hazirliklari-basladi-2","status":"publish","type":"post","link":"https:\/\/www.fener.org\/index.php\/2023\/03\/17\/fenerbahcede-alanyaspor-macinin-hazirliklari-basladi-2\/","title":{"rendered":"Fenerbah\u00e7e&#8217;de Alanyaspor ma\u00e7\u0131n\u0131n haz\u0131rl\u0131klar\u0131 ba\u015flad\u0131"},"content":{"rendered":"\n<p>Fenerbah\u00e7emiz, Spor Toto S\u00fcper Lig&#8217;in 26. haftas\u0131nda 19 Mart Pazar g\u00fcn\u00fc saat 19.00&#8217;da deplasmanda Corendon Alanyaspor ile oynayaca\u011f\u0131 ma\u00e7\u0131n haz\u0131rl\u0131klar\u0131na ak\u015fam saatlerinde Can Bartu Tesislerimizde yapt\u0131\u011f\u0131 antrenmanla ba\u015flad\u0131.<\/p>\n\n\n\n<p>Sevilla ile oynanan ma\u00e7ta ilk 11\u2019de g\u00f6rev alan oyuncular\u0131m\u0131z antrenman\u0131 rejenerasyon \u00e7al\u0131\u015fmas\u0131yla tamamlad\u0131. Teknik Direkt\u00f6r\u00fcm\u00fcz Jorge Jesus y\u00f6netimindeki idman salonda core \u00e7al\u0131\u015fmas\u0131yla ba\u015flad\u0131. Ard\u0131ndan sahada ko\u015fu, \u0131s\u0131nma ve koordinasyon hareketleriyle devam eden antrenmanda pas ve \u015fut \u00e7al\u0131\u015fmalar\u0131 yap\u0131ld\u0131. \u0130dman, bireysel \u00e7al\u0131\u015fmalarla tamamland\u0131.<\/p>\n\n\n\n<p>Tak\u0131m\u0131m\u0131z, Alanyaspor ile oynayaca\u011f\u0131 ma\u00e7\u0131n haz\u0131rl\u0131klar\u0131n\u0131 yar\u0131n yapaca\u011f\u0131 antrenmanla s\u00fcrd\u00fcrecek.<\/p>\n","protected":false},"excerpt":{"rendered":"<p>Fenerbah\u00e7emiz, Spor Toto S\u00fcper Lig&#8217;in 26. haftas\u0131nda 19 Mart Pazar g\u00fcn\u00fc saat 19.00&#8217;da deplasmanda Corendon Alanyaspor ile oynayaca\u011f\u0131 ma\u00e7\u0131n haz\u0131rl\u0131klar\u0131na ak\u015fam saatlerinde Can Bartu Tesislerimizde yapt\u0131\u011f\u0131 antrenmanla ba\u015flad\u0131. Sevilla ile oynanan ma\u00e7ta ilk 11\u2019de g\u00f6rev alan oyuncular\u0131m\u0131z antrenman\u0131 rejenerasyon \u00e7al\u0131\u015fmas\u0131yla tamamlad\u0131. Teknik Direkt\u00f6r\u00fcm\u00fcz Jorge Jesus y\u00f6netimindeki idman salonda core \u00e7al\u0131\u015fmas\u0131yla ba\u015flad\u0131. Ard\u0131ndan sahada ko\u015fu, \u0131s\u0131nma [&hellip;]<\/p>\n","protected":false},"author":1,"featured_media":20294,"comment_status":"closed","ping_status":"closed","sticky":false,"template":"","format":"standard","meta":{"jnews-multi-image_gallery":[],"jnews_single_post":{"subtitle":"Fenerbah\u00e7e, S\u00fcper Lig'in 26. haftas\u0131nda deplasmanda Alanyaspor ile oynayaca\u011f\u0131 ma\u00e7\u0131n haz\u0131rl\u0131klar\u0131na ak\u015fam saatlerinde yapt\u0131\u011f\u0131 antrenmanla ba\u015flad\u0131.","format":"standard","video":"","gallery":"","source_name":"","source_url":"","via_name":"","via_url":"","override_template":"0","override":[{"template":"1","single_blog_custom":"","parallax":"1","fullscreen":"1","layout":"right-sidebar","sidebar":"mysidebar","second_sidebar":"default-sidebar","sticky_sidebar":"1","share_position":"float","share_float_style":"share-normal","show_share_counter":"1","show_view_counter":"1","show_featured":"1","show_post_meta":"1","show_post_author":"0","show_post_author_image":"1","show_post_date":"1","post_date_format":"default","post_date_format_custom":"Y\/m\/d","show_post_category":"0","show_post_reading_time":"0","post_reading_time_wpm":"300","show_zoom_button":"0","zoom_button_out_step":"2","zoom_button_in_step":"3","show_post_tag":"0","show_prev_next_post":"1","show_popup_post":"0","number_popup_post":"3","show_author_box":"0","show_post_related":"0","show_inline_post_related":"0"}],"override_image_size":"0","image_override":[{"single_post_thumbnail_size":"crop-500","single_post_gallery_size":"crop-500"}],"trending_post":"0","trending_post_position":"meta","trending_post_label":"Trending","sponsored_post":"0","sponsored_post_label":"Sponsored by","sponsored_post_name":"","sponsored_post_url":"","sponsored_post_logo_enable":"0","sponsored_post_logo":"","sponsored_post_desc":"","disable_ad":"0"},"jnews_primary_category":{"id":"4","hide":""},"jnews_social_meta":{"fb_title":"","fb_description":"","fb_image":"","twitter_title":"","twitter_description":"","twitter_image":""},"jnews_override_counter":{"override_view_counter":"0","view_counter_number":"0","override_share_counter":"0","share_counter_number":"0","override_like_counter":"0","like_counter_number":"0","override_dislike_counter":"0","dislike_counter_number":"0"},"footnotes":""},"categories":[4,2,47],"tags":[23,54],"class_list":["post-20293","post","type-post","status-publish","format-standard","has-post-thumbnail","hentry","category-futbol","category-haberler","category-profesyonel-a-futbol-takimi","tag-fenerbahce","tag-futbol"],"amp_enabled":true,"_links":{"self":[{"href":"https:\/\/www.fener.org\/index.php\/wp-json\/wp\/v2\/posts\/20293","targetHints":{"allow":["GET"]}}],"collection":[{"href":"https:\/\/www.fener.org\/index.php\/wp-json\/wp\/v2\/posts"}],"about":[{"href":"https:\/\/www.fener.org\/index.php\/wp-json\/wp\/v2\/types\/post"}],"author":[{"embeddable":true,"href":"https:\/\/www.fener.org\/index.php\/wp-json\/wp\/v2\/users\/1"}],"replies":[{"embeddable":true,"href":"https:\/\/www.fener.org\/index.php\/wp-json\/wp\/v2\/comments?post=20293"}],"version-history":[{"count":1,"href":"https:\/\/www.fener.org\/index.php\/wp-json\/wp\/v2\/posts\/20293\/revisions"}],"predecessor-version":[{"id":20295,"href":"https:\/\/www.fener.org\/index.php\/wp-json\/wp\/v2\/posts\/20293\/revisions\/20295"}],"wp:featuredmedia":[{"embeddable":true,"href":"https:\/\/www.fener.org\/index.php\/wp-json\/wp\/v2\/media\/20294"}],"wp:attachment":[{"href":"https:\/\/www.fener.org\/index.php\/wp-json\/wp\/v2\/media?parent=20293"}],"wp:term":[{"taxonomy":"category","embeddable":true,"href":"https:\/\/www.fener.org\/index.php\/wp-json\/wp\/v2\/categories?post=20293"},{"taxonomy":"post_tag","embeddable":true,"href":"https:\/\/www.fener.org\/index.php\/wp-json\/wp\/v2\/tags?post=20293"}],"curies":[{"name":"wp","href":"https:\/\/api.w.org\/{rel}","templated":true}]}}