{"id":20273,"date":"2023-03-16T21:15:15","date_gmt":"2023-03-16T18:15:15","guid":{"rendered":"https:\/\/www.fener.org\/?p=20273"},"modified":"2023-03-16T21:15:19","modified_gmt":"2023-03-16T18:15:19","slug":"fenerbahce-kurek-subemiz-buyukler-turkiye-kurek-kupasi-yarislarinda-sampiyon-oldu","status":"publish","type":"post","link":"https:\/\/www.fener.org\/index.php\/2023\/03\/16\/fenerbahce-kurek-subemiz-buyukler-turkiye-kurek-kupasi-yarislarinda-sampiyon-oldu\/","title":{"rendered":"Fenerbah\u00e7e K\u00fcrek \u015eubemiz, B\u00fcy\u00fckler T\u00fcrkiye K\u00fcrek Kupas\u0131 Yar\u0131\u015flar\u0131\u2019nda \u015fampiyon oldu"},"content":{"rendered":"\n<p>K\u00fcrekte B\u00fcy\u00fckler T\u00fcrkiye Kupas\u0131 Yar\u0131\u015flar\u0131 Mu\u011fla K\u00f6yce\u011fiz\u2019de ger\u00e7ekle\u015ftirildi.<\/p>\n\n\n\n<p>B\u00fcy\u00fck erkeklerde dokuz yar\u0131\u015f\u0131n alt\u0131s\u0131n\u0131 kazanan K\u00fcrek \u015eubemiz 860 puanla T\u00fcrkiye Kupas\u0131\u2019n\u0131n sahibi oldu. \u0130kincili\u011fi ise 746 puanla Galatasaray elde etti.<\/p>\n\n\n\n<p>\u015eubemiz, B\u00fcy\u00fck Kad\u0131nlarda ise 6 yar\u0131\u015f\u0131n d\u00f6rd\u00fcn\u00fc ilk s\u0131rada bitirerek toplamda 540 puanla kupan\u0131n sahibi oldu. Kad\u0131nlarda da k\u00fcrs\u00fcn\u00fcn ikinci basama\u011f\u0131na 200 puanla Galatasaray \u00e7\u0131kt\u0131.<\/p>\n\n\n\n<p>Organizasyonun ard\u0131ndan d\u00fczenlenen t\u00f6rende sporcular\u0131m\u0131za madalya ve kupalar\u0131n\u0131 ald\u0131.<\/p>\n","protected":false},"excerpt":{"rendered":"<p>K\u00fcrekte B\u00fcy\u00fckler T\u00fcrkiye Kupas\u0131 Yar\u0131\u015flar\u0131 Mu\u011fla K\u00f6yce\u011fiz\u2019de ger\u00e7ekle\u015ftirildi. B\u00fcy\u00fck erkeklerde dokuz yar\u0131\u015f\u0131n alt\u0131s\u0131n\u0131 kazanan K\u00fcrek \u015eubemiz 860 puanla T\u00fcrkiye Kupas\u0131\u2019n\u0131n sahibi oldu. \u0130kincili\u011fi ise 746 puanla Galatasaray elde etti. \u015eubemiz, B\u00fcy\u00fck Kad\u0131nlarda ise 6 yar\u0131\u015f\u0131n d\u00f6rd\u00fcn\u00fc ilk s\u0131rada bitirerek toplamda 540 puanla kupan\u0131n sahibi oldu. Kad\u0131nlarda da k\u00fcrs\u00fcn\u00fcn ikinci basama\u011f\u0131na 200 puanla Galatasaray \u00e7\u0131kt\u0131. Organizasyonun [&hellip;]<\/p>\n","protected":false},"author":1,"featured_media":20274,"comment_status":"closed","ping_status":"closed","sticky":false,"template":"","format":"standard","meta":{"jnews-multi-image_gallery":[],"jnews_single_post":{"subtitle":"Fenerbah\u00e7e K\u00fcrek \u015eubemiz, B\u00fcy\u00fckler T\u00fcrkiye K\u00fcrek Kupas\u0131 Yar\u0131\u015flar\u0131\u2019nda erkeklerde ve kad\u0131nlarda \u015fampiyon oldu.","format":"standard","video":"","gallery":"","source_name":"","source_url":"","via_name":"","via_url":"","override_template":"0","override":[{"template":"1","single_blog_custom":"","parallax":"1","fullscreen":"1","layout":"right-sidebar","sidebar":"mysidebar","second_sidebar":"default-sidebar","sticky_sidebar":"1","share_position":"float","share_float_style":"share-normal","show_share_counter":"1","show_view_counter":"1","show_featured":"1","show_post_meta":"1","show_post_author":"0","show_post_author_image":"1","show_post_date":"1","post_date_format":"default","post_date_format_custom":"Y\/m\/d","show_post_category":"0","show_post_reading_time":"0","post_reading_time_wpm":"300","show_zoom_button":"0","zoom_button_out_step":"2","zoom_button_in_step":"3","show_post_tag":"0","show_prev_next_post":"1","show_popup_post":"0","number_popup_post":"3","show_author_box":"0","show_post_related":"0","show_inline_post_related":"0"}],"override_image_size":"0","image_override":[{"single_post_thumbnail_size":"crop-500","single_post_gallery_size":"crop-500"}],"trending_post":"0","trending_post_position":"meta","trending_post_label":"Trending","sponsored_post":"0","sponsored_post_label":"Sponsored by","sponsored_post_name":"","sponsored_post_url":"","sponsored_post_logo_enable":"0","sponsored_post_logo":"","sponsored_post_desc":"","disable_ad":"0"},"jnews_primary_category":{"id":"11","hide":""},"jnews_social_meta":{"fb_title":"","fb_description":"","fb_image":"","twitter_title":"","twitter_description":"","twitter_image":""},"jnews_override_counter":{"override_view_counter":"0","view_counter_number":"0","override_share_counter":"0","share_counter_number":"0","override_like_counter":"0","like_counter_number":"0","override_dislike_counter":"0","dislike_counter_number":"0"},"footnotes":""},"categories":[2,11],"tags":[23,30],"class_list":["post-20273","post","type-post","status-publish","format-standard","has-post-thumbnail","hentry","category-haberler","category-kurek","tag-fenerbahce","tag-kurek"],"amp_enabled":true,"_links":{"self":[{"href":"https:\/\/www.fener.org\/index.php\/wp-json\/wp\/v2\/posts\/20273","targetHints":{"allow":["GET"]}}],"collection":[{"href":"https:\/\/www.fener.org\/index.php\/wp-json\/wp\/v2\/posts"}],"about":[{"href":"https:\/\/www.fener.org\/index.php\/wp-json\/wp\/v2\/types\/post"}],"author":[{"embeddable":true,"href":"https:\/\/www.fener.org\/index.php\/wp-json\/wp\/v2\/users\/1"}],"replies":[{"embeddable":true,"href":"https:\/\/www.fener.org\/index.php\/wp-json\/wp\/v2\/comments?post=20273"}],"version-history":[{"count":1,"href":"https:\/\/www.fener.org\/index.php\/wp-json\/wp\/v2\/posts\/20273\/revisions"}],"predecessor-version":[{"id":20275,"href":"https:\/\/www.fener.org\/index.php\/wp-json\/wp\/v2\/posts\/20273\/revisions\/20275"}],"wp:featuredmedia":[{"embeddable":true,"href":"https:\/\/www.fener.org\/index.php\/wp-json\/wp\/v2\/media\/20274"}],"wp:attachment":[{"href":"https:\/\/www.fener.org\/index.php\/wp-json\/wp\/v2\/media?parent=20273"}],"wp:term":[{"taxonomy":"category","embeddable":true,"href":"https:\/\/www.fener.org\/index.php\/wp-json\/wp\/v2\/categories?post=20273"},{"taxonomy":"post_tag","embeddable":true,"href":"https:\/\/www.fener.org\/index.php\/wp-json\/wp\/v2\/tags?post=20273"}],"curies":[{"name":"wp","href":"https:\/\/api.w.org\/{rel}","templated":true}]}}