{"id":20268,"date":"2023-03-15T22:19:37","date_gmt":"2023-03-15T19:19:37","guid":{"rendered":"https:\/\/www.fener.org\/?p=20268"},"modified":"2023-03-15T22:19:41","modified_gmt":"2023-03-15T19:19:41","slug":"fenerbahce-beko-valencia-baskete-konuk-oluyor-2","status":"publish","type":"post","link":"https:\/\/www.fener.org\/index.php\/2023\/03\/15\/fenerbahce-beko-valencia-baskete-konuk-oluyor-2\/","title":{"rendered":"Fenerbah\u00e7e Beko, Valencia Basket\u2019e konuk oluyor"},"content":{"rendered":"\n<p>Fenerbah\u00e7e Beko Erkek Basketbol Tak\u0131m\u0131m\u0131z, Turkish Airlines EuroLeague 2022-23 sezonu 29. hafta ma\u00e7\u0131nda Valencia Basket\u2019e konuk oluyor. 16 Mart Per\u015fembe g\u00fcn\u00fc (yar\u0131n) saat 22.30\u2019da Pabellon Fuente De San Luis\u2019de oynanacak m\u00fccadele S Sport taraf\u0131ndan canl\u0131 yay\u0131nlanacak. M\u00fcsabakay\u0131 Robert Lottermoser (Almanya), Tomislav Hordov (H\u0131rvatistan), Adar Peer (\u0130srail) hakem \u00fc\u00e7l\u00fcs\u00fc y\u00f6netecek.<\/p>\n\n\n\n<p>Fenerbah\u00e7e Beko, EuroLeague\u2019de \u00e7ift ma\u00e7 haftas\u0131n\u0131 geride b\u0131rakt\u0131. 8 Mart \u00c7ar\u015famba g\u00fcn\u00fc Maccabi Playtika\u2019ya konuk olan ekibimiz, m\u00fccadeleden 78-74 ma\u011flup ayr\u0131ld\u0131. Fenerbah\u00e7e Beko, 10 Mart Cuma g\u00fcn\u00fc ise Barcelona\u2019y\u0131 \u00dclker Spor ve Etkinlik Salonu\u2019nda konuk etti. Tak\u0131m\u0131m\u0131z, rakibini 81-73 yendi<\/p>\n\n\n\n<p>Fenerbah\u00e7e Beko, T\u00fcrkiye Sigorta Basketbol S\u00fcper Ligi\u2019ndeki son m\u00fccadelesinde 13 Mart Pazartesi g\u00fcn\u00fc konuk oldu\u011fu P\u0131nar Kar\u015f\u0131yaka\u2019ya 102-98 yenilerek, 20. Ma\u00e7\u0131nda \u00fc\u00e7\u00fcnc\u00fc ma\u011flubiyetini ald\u0131.<\/p>\n\n\n\n<p>Tak\u0131m\u0131m\u0131zda Dyshawn Pierre ve Metecan Birsen\u2019in sakatl\u0131klar\u0131 bulunuyor.<\/p>\n\n\n\n<p>Ko\u00e7 Alex Mumbru taraf\u0131ndan \u00e7al\u0131\u015ft\u0131r\u0131lan Valencia Basket, bu sezon EuroLeague\u2019de oynad\u0131\u011f\u0131 28 ma\u00e7ta 13 galibiyet ald\u0131. Rakibimiz, geride kalan \u00e7ift ma\u00e7 haftas\u0131nda 7 Mart Sal\u0131 g\u00fcn\u00fc konuk etti\u011fi EA7 Emporio Armani Milan\u2019a 84-88 yenilirken, 9 Mart Per\u015fembe g\u00fcn\u00fc konuk oldu\u011fu Real Madrid\u2019e ise 95-91 yenildi.<\/p>\n\n\n\n<p>Valencia Basket, \u0130spanya Ligi ACB\u2019de ise 22 ma\u00e7ta 12 galibiyet elde etti. Rakibimiz, son olarak 12 Mart Pazar g\u00fcn\u00fc konuk oldu\u011fu Girona Basket\u2019i 75-79 ile ge\u00e7ti.<\/p>\n\n\n\n<p>Fenerbah\u00e7e Beko, Valencia ile EuroLeague\u2019in g\u00fcncel d\u00f6neminde dokuz kez kar\u015f\u0131la\u015ft\u0131 ve bu ma\u00e7larda be\u015f galibiyet ald\u0131.<\/p>\n\n\n\n<p>\u0130ki tak\u0131m 2022-23 sezonu d\u00f6rd\u00fcnc\u00fc haftas\u0131nda \u00dclker Spor ve Etkinlik Salonu\u2019nda kar\u015f\u0131la\u015ft\u0131. Fenerbah\u00e7e Beko, 20 Ekim 2022 tarihinde oynanan m\u00fccadeleyi 79-77 kazand\u0131.<\/p>\n","protected":false},"excerpt":{"rendered":"<p>Fenerbah\u00e7e Beko Erkek Basketbol Tak\u0131m\u0131m\u0131z, Turkish Airlines EuroLeague 2022-23 sezonu 29. hafta ma\u00e7\u0131nda Valencia Basket\u2019e konuk oluyor. 16 Mart Per\u015fembe g\u00fcn\u00fc (yar\u0131n) saat 22.30\u2019da Pabellon Fuente De San Luis\u2019de oynanacak m\u00fccadele S Sport taraf\u0131ndan canl\u0131 yay\u0131nlanacak. M\u00fcsabakay\u0131 Robert Lottermoser (Almanya), Tomislav Hordov (H\u0131rvatistan), Adar Peer (\u0130srail) hakem \u00fc\u00e7l\u00fcs\u00fc y\u00f6netecek. Fenerbah\u00e7e Beko, EuroLeague\u2019de \u00e7ift ma\u00e7 haftas\u0131n\u0131 [&hellip;]<\/p>\n","protected":false},"author":1,"featured_media":19985,"comment_status":"closed","ping_status":"closed","sticky":false,"template":"","format":"standard","meta":{"jnews-multi-image_gallery":[],"jnews_single_post":[],"jnews_primary_category":[],"jnews_social_meta":[],"jnews_override_counter":[],"footnotes":""},"categories":[5,6,2],"tags":[24,23],"class_list":["post-20268","post","type-post","status-publish","format-standard","has-post-thumbnail","hentry","category-basketbol","category-erkek-basketbol","category-haberler","tag-basketbol","tag-fenerbahce"],"amp_enabled":true,"_links":{"self":[{"href":"https:\/\/www.fener.org\/index.php\/wp-json\/wp\/v2\/posts\/20268","targetHints":{"allow":["GET"]}}],"collection":[{"href":"https:\/\/www.fener.org\/index.php\/wp-json\/wp\/v2\/posts"}],"about":[{"href":"https:\/\/www.fener.org\/index.php\/wp-json\/wp\/v2\/types\/post"}],"author":[{"embeddable":true,"href":"https:\/\/www.fener.org\/index.php\/wp-json\/wp\/v2\/users\/1"}],"replies":[{"embeddable":true,"href":"https:\/\/www.fener.org\/index.php\/wp-json\/wp\/v2\/comments?post=20268"}],"version-history":[{"count":1,"href":"https:\/\/www.fener.org\/index.php\/wp-json\/wp\/v2\/posts\/20268\/revisions"}],"predecessor-version":[{"id":20269,"href":"https:\/\/www.fener.org\/index.php\/wp-json\/wp\/v2\/posts\/20268\/revisions\/20269"}],"wp:featuredmedia":[{"embeddable":true,"href":"https:\/\/www.fener.org\/index.php\/wp-json\/wp\/v2\/media\/19985"}],"wp:attachment":[{"href":"https:\/\/www.fener.org\/index.php\/wp-json\/wp\/v2\/media?parent=20268"}],"wp:term":[{"taxonomy":"category","embeddable":true,"href":"https:\/\/www.fener.org\/index.php\/wp-json\/wp\/v2\/categories?post=20268"},{"taxonomy":"post_tag","embeddable":true,"href":"https:\/\/www.fener.org\/index.php\/wp-json\/wp\/v2\/tags?post=20268"}],"curies":[{"name":"wp","href":"https:\/\/api.w.org\/{rel}","templated":true}]}}