{"id":20251,"date":"2023-03-14T17:17:40","date_gmt":"2023-03-14T14:17:40","guid":{"rendered":"https:\/\/www.fener.org\/?p=20251"},"modified":"2023-03-14T17:17:44","modified_gmt":"2023-03-14T14:17:44","slug":"fenerbahce-sevilla-macinin-hakemleri-belli-oldu","status":"publish","type":"post","link":"https:\/\/www.fener.org\/index.php\/2023\/03\/14\/fenerbahce-sevilla-macinin-hakemleri-belli-oldu\/","title":{"rendered":"Fenerbah\u00e7e &#8211; Sevilla ma\u00e7\u0131n\u0131n hakemleri belli oldu"},"content":{"rendered":"\n<p>Fenerbah\u00e7emiz, UEFA Avrupa Ligi Son 16 Turu r\u00f6van\u015f ma\u00e7\u0131nda \u0130spanya temsilcisi Sevilla\u2019y\u0131 konuk edecek. 16 Mart Per\u015fembe ak\u015fam\u0131 \u00dclker Stadyumu Fenerbah\u00e7e \u015e\u00fckr\u00fc Saraco\u011flu Spor Kompleksi\u2019nde oynanacak kar\u015f\u0131la\u015fmay\u0131 \u0130ngiliz hakem Michael Oliver y\u00f6netecek. Michael Oliver\u2019in yard\u0131mc\u0131l\u0131klar\u0131n\u0131 Stuart Burt ve Simon Bennett yapacak. Kar\u015f\u0131la\u015fman\u0131n d\u00f6rd\u00fcnc\u00fc hakemi ise Andrew Madley.<\/p>\n","protected":false},"excerpt":{"rendered":"<p>Fenerbah\u00e7emiz, UEFA Avrupa Ligi Son 16 Turu r\u00f6van\u015f ma\u00e7\u0131nda \u0130spanya temsilcisi Sevilla\u2019y\u0131 konuk edecek. 16 Mart Per\u015fembe ak\u015fam\u0131 \u00dclker Stadyumu Fenerbah\u00e7e \u015e\u00fckr\u00fc Saraco\u011flu Spor Kompleksi\u2019nde oynanacak kar\u015f\u0131la\u015fmay\u0131 \u0130ngiliz hakem Michael Oliver y\u00f6netecek. Michael Oliver\u2019in yard\u0131mc\u0131l\u0131klar\u0131n\u0131 Stuart Burt ve Simon Bennett yapacak. Kar\u015f\u0131la\u015fman\u0131n d\u00f6rd\u00fcnc\u00fc hakemi ise Andrew Madley.<\/p>\n","protected":false},"author":1,"featured_media":20252,"comment_status":"closed","ping_status":"closed","sticky":false,"template":"","format":"standard","meta":{"jnews-multi-image_gallery":[],"jnews_single_post":{"subtitle":"","format":"standard","video":"","gallery":"","source_name":"","source_url":"","via_name":"","via_url":"","override_template":"0","override":[{"template":"1","single_blog_custom":"","parallax":"1","fullscreen":"1","layout":"right-sidebar","sidebar":"mysidebar","second_sidebar":"default-sidebar","sticky_sidebar":"1","share_position":"float","share_float_style":"share-normal","show_share_counter":"1","show_view_counter":"1","show_featured":"1","show_post_meta":"1","show_post_author":"0","show_post_author_image":"1","show_post_date":"1","post_date_format":"default","post_date_format_custom":"Y\/m\/d","show_post_category":"0","show_post_reading_time":"0","post_reading_time_wpm":"300","show_zoom_button":"0","zoom_button_out_step":"2","zoom_button_in_step":"3","show_post_tag":"0","show_prev_next_post":"1","show_popup_post":"0","number_popup_post":"3","show_author_box":"0","show_post_related":"0","show_inline_post_related":"0"}],"override_image_size":"0","image_override":[{"single_post_thumbnail_size":"crop-500","single_post_gallery_size":"crop-500"}],"trending_post":"0","trending_post_position":"meta","trending_post_label":"Trending","sponsored_post":"0","sponsored_post_label":"Sponsored by","sponsored_post_name":"","sponsored_post_url":"","sponsored_post_logo_enable":"0","sponsored_post_logo":"","sponsored_post_desc":"","disable_ad":"0"},"jnews_primary_category":{"id":"4","hide":""},"jnews_social_meta":{"fb_title":"","fb_description":"","fb_image":"","twitter_title":"","twitter_description":"","twitter_image":""},"jnews_override_counter":{"override_view_counter":"0","view_counter_number":"0","override_share_counter":"0","share_counter_number":"0","override_like_counter":"0","like_counter_number":"0","override_dislike_counter":"0","dislike_counter_number":"0"},"footnotes":""},"categories":[4,2,47],"tags":[23,54],"class_list":["post-20251","post","type-post","status-publish","format-standard","has-post-thumbnail","hentry","category-futbol","category-haberler","category-profesyonel-a-futbol-takimi","tag-fenerbahce","tag-futbol"],"amp_enabled":true,"_links":{"self":[{"href":"https:\/\/www.fener.org\/index.php\/wp-json\/wp\/v2\/posts\/20251","targetHints":{"allow":["GET"]}}],"collection":[{"href":"https:\/\/www.fener.org\/index.php\/wp-json\/wp\/v2\/posts"}],"about":[{"href":"https:\/\/www.fener.org\/index.php\/wp-json\/wp\/v2\/types\/post"}],"author":[{"embeddable":true,"href":"https:\/\/www.fener.org\/index.php\/wp-json\/wp\/v2\/users\/1"}],"replies":[{"embeddable":true,"href":"https:\/\/www.fener.org\/index.php\/wp-json\/wp\/v2\/comments?post=20251"}],"version-history":[{"count":1,"href":"https:\/\/www.fener.org\/index.php\/wp-json\/wp\/v2\/posts\/20251\/revisions"}],"predecessor-version":[{"id":20253,"href":"https:\/\/www.fener.org\/index.php\/wp-json\/wp\/v2\/posts\/20251\/revisions\/20253"}],"wp:featuredmedia":[{"embeddable":true,"href":"https:\/\/www.fener.org\/index.php\/wp-json\/wp\/v2\/media\/20252"}],"wp:attachment":[{"href":"https:\/\/www.fener.org\/index.php\/wp-json\/wp\/v2\/media?parent=20251"}],"wp:term":[{"taxonomy":"category","embeddable":true,"href":"https:\/\/www.fener.org\/index.php\/wp-json\/wp\/v2\/categories?post=20251"},{"taxonomy":"post_tag","embeddable":true,"href":"https:\/\/www.fener.org\/index.php\/wp-json\/wp\/v2\/tags?post=20251"}],"curies":[{"name":"wp","href":"https:\/\/api.w.org\/{rel}","templated":true}]}}