{"id":20249,"date":"2023-03-13T21:43:29","date_gmt":"2023-03-13T18:43:29","guid":{"rendered":"https:\/\/www.fener.org\/?p=20249"},"modified":"2023-03-13T21:43:35","modified_gmt":"2023-03-13T18:43:35","slug":"dimitris-itoudis-pinar-karsiyakayi-tebrik-ederim","status":"publish","type":"post","link":"https:\/\/www.fener.org\/index.php\/2023\/03\/13\/dimitris-itoudis-pinar-karsiyakayi-tebrik-ederim\/","title":{"rendered":"Dimitris Itoudis: P\u0131nar Kar\u015f\u0131yaka\u2019y\u0131 tebrik ederim"},"content":{"rendered":"\n<p>Ba\u015fantren\u00f6r\u00fcm\u00fcz Dimitris Itoudis, P\u0131nar Kar\u015f\u0131yaka ile oynanan ma\u00e7\u0131n ard\u0131ndan \u015fu de\u011ferlendirmelerde bulundu:<\/p>\n\n\n\n<blockquote class=\"wp-block-quote is-layout-flow wp-block-quote-is-layout-flow\">\n<p>\u201cOnlar\u0131n enerjisine cevap vermekte zorland\u0131k. M\u00fccadele etmeye \u00e7al\u0131\u015ft\u0131k ama \u00e7ok zor at\u0131\u015flarda isabet buldular. Bizim de isabet kaydetti\u011fimiz zor \u015futlar vard\u0131 ama 102 say\u0131ya izin verip neredeyse 20 top kayb\u0131 yaparak bu seviyede m\u00fccadele etmeniz \u00e7ok zor. P\u0131nar Kar\u015f\u0131yaka\u2019y\u0131 galibiyetleri i\u00e7in tebrik ederim. Bizim i\u00e7in en k\u00f6t\u00fcs\u00fc ise Metecan Birsen\u2019in sakatlanmas\u0131 oldu. Yak\u0131n zamanda o pozisyonda oynayan bir ba\u015fka oyuncumuzu, Dyshawn Pierre\u2019yi kaybetmi\u015ftik. Oyuncumuzun en k\u0131sa s\u00fcrede iyile\u015fmesini diliyorum.\u201d<\/p>\n<\/blockquote>\n","protected":false},"excerpt":{"rendered":"<p>Ba\u015fantren\u00f6r\u00fcm\u00fcz Dimitris Itoudis, P\u0131nar Kar\u015f\u0131yaka ile oynanan ma\u00e7\u0131n ard\u0131ndan \u015fu de\u011ferlendirmelerde bulundu: \u201cOnlar\u0131n enerjisine cevap vermekte zorland\u0131k. M\u00fccadele etmeye \u00e7al\u0131\u015ft\u0131k ama \u00e7ok zor at\u0131\u015flarda isabet buldular. Bizim de isabet kaydetti\u011fimiz zor \u015futlar vard\u0131 ama 102 say\u0131ya izin verip neredeyse 20 top kayb\u0131 yaparak bu seviyede m\u00fccadele etmeniz \u00e7ok zor. P\u0131nar Kar\u015f\u0131yaka\u2019y\u0131 galibiyetleri i\u00e7in tebrik ederim. [&hellip;]<\/p>\n","protected":false},"author":1,"featured_media":19798,"comment_status":"closed","ping_status":"closed","sticky":false,"template":"","format":"standard","meta":{"jnews-multi-image_gallery":[],"jnews_single_post":{"subtitle":"Fenerbah\u00e7e Erkek Basketbol Tak\u0131m\u0131m\u0131z\u0131n Ba\u015fantren\u00f6r\u00fc Dimitris Itoudis, Tak\u0131m\u0131m\u0131z\u0131n Basketbol S\u00fcper Ligi\u2019nin 20. haftas\u0131nda  Kar\u015f\u0131yaka\u2019ya 102-98 ma\u011flup oldu\u011fu ma\u00e7\u0131n ard\u0131ndan a\u00e7\u0131klamalarda bulundu.","format":"standard","video":"","gallery":"","source_name":"","source_url":"","via_name":"","via_url":"","override_template":"0","override":[{"template":"1","single_blog_custom":"","parallax":"1","fullscreen":"1","layout":"right-sidebar","sidebar":"mysidebar","second_sidebar":"default-sidebar","sticky_sidebar":"1","share_position":"float","share_float_style":"share-normal","show_share_counter":"1","show_view_counter":"1","show_featured":"1","show_post_meta":"1","show_post_author":"0","show_post_author_image":"1","show_post_date":"1","post_date_format":"default","post_date_format_custom":"Y\/m\/d","show_post_category":"0","show_post_reading_time":"0","post_reading_time_wpm":"300","show_zoom_button":"0","zoom_button_out_step":"2","zoom_button_in_step":"3","show_post_tag":"0","show_prev_next_post":"1","show_popup_post":"0","number_popup_post":"3","show_author_box":"0","show_post_related":"0","show_inline_post_related":"0"}],"override_image_size":"0","image_override":[{"single_post_thumbnail_size":"crop-500","single_post_gallery_size":"crop-500"}],"trending_post":"0","trending_post_position":"meta","trending_post_label":"Trending","sponsored_post":"0","sponsored_post_label":"Sponsored by","sponsored_post_name":"","sponsored_post_url":"","sponsored_post_logo_enable":"0","sponsored_post_logo":"","sponsored_post_desc":"","disable_ad":"0"},"jnews_primary_category":{"id":"5","hide":""},"jnews_social_meta":{"fb_title":"","fb_description":"","fb_image":"","twitter_title":"","twitter_description":"","twitter_image":""},"jnews_override_counter":{"override_view_counter":"0","view_counter_number":"0","override_share_counter":"0","share_counter_number":"0","override_like_counter":"0","like_counter_number":"0","override_dislike_counter":"0","dislike_counter_number":"0"},"footnotes":""},"categories":[5,6,2],"tags":[24,23],"class_list":["post-20249","post","type-post","status-publish","format-standard","has-post-thumbnail","hentry","category-basketbol","category-erkek-basketbol","category-haberler","tag-basketbol","tag-fenerbahce"],"amp_enabled":true,"_links":{"self":[{"href":"https:\/\/www.fener.org\/index.php\/wp-json\/wp\/v2\/posts\/20249","targetHints":{"allow":["GET"]}}],"collection":[{"href":"https:\/\/www.fener.org\/index.php\/wp-json\/wp\/v2\/posts"}],"about":[{"href":"https:\/\/www.fener.org\/index.php\/wp-json\/wp\/v2\/types\/post"}],"author":[{"embeddable":true,"href":"https:\/\/www.fener.org\/index.php\/wp-json\/wp\/v2\/users\/1"}],"replies":[{"embeddable":true,"href":"https:\/\/www.fener.org\/index.php\/wp-json\/wp\/v2\/comments?post=20249"}],"version-history":[{"count":1,"href":"https:\/\/www.fener.org\/index.php\/wp-json\/wp\/v2\/posts\/20249\/revisions"}],"predecessor-version":[{"id":20250,"href":"https:\/\/www.fener.org\/index.php\/wp-json\/wp\/v2\/posts\/20249\/revisions\/20250"}],"wp:featuredmedia":[{"embeddable":true,"href":"https:\/\/www.fener.org\/index.php\/wp-json\/wp\/v2\/media\/19798"}],"wp:attachment":[{"href":"https:\/\/www.fener.org\/index.php\/wp-json\/wp\/v2\/media?parent=20249"}],"wp:term":[{"taxonomy":"category","embeddable":true,"href":"https:\/\/www.fener.org\/index.php\/wp-json\/wp\/v2\/categories?post=20249"},{"taxonomy":"post_tag","embeddable":true,"href":"https:\/\/www.fener.org\/index.php\/wp-json\/wp\/v2\/tags?post=20249"}],"curies":[{"name":"wp","href":"https:\/\/api.w.org\/{rel}","templated":true}]}}