{"id":20246,"date":"2023-03-13T21:36:17","date_gmt":"2023-03-13T18:36:17","guid":{"rendered":"https:\/\/www.fener.org\/?p=20246"},"modified":"2023-03-13T21:36:20","modified_gmt":"2023-03-13T18:36:20","slug":"pinar-karsiyaka-102-98-fenerbahce-beko","status":"publish","type":"post","link":"https:\/\/www.fener.org\/index.php\/2023\/03\/13\/pinar-karsiyaka-102-98-fenerbahce-beko\/","title":{"rendered":"P\u0131nar Kar\u015f\u0131yaka 102-98 Fenerbah\u00e7e Beko"},"content":{"rendered":"\n<p>Fenerbah\u00e7e Beko Erkek Basketbol Tak\u0131m\u0131m\u0131z, T\u00fcrkiye Sigorta Basketbol S\u00fcper Ligi 20. hafta ma\u00e7\u0131nda P\u0131nar Kar\u015f\u0131yaka\u2019ya konuk oldu. Kar\u015f\u0131la\u015fma ev sahibi ekibin 102-98 galibiyetiyle tamamland\u0131.<br>\u00a0<br>Motley ve Wilbekin kaydettikleri 17\u2019\u015fer say\u0131yla tak\u0131m\u0131n skoreri oldular. Nick Calathes15, Guduric 12, Tar\u0131k Biberovic 11, Nigel Hayes-Davis de 10 say\u0131 \u00fcretti.<br>\u00a0<br>Mustafa Kemal Atat\u00fcrk Kar\u015f\u0131yaka Spor Salonu\u2019nda oynanan ma\u00e7a Tak\u0131m\u0131m\u0131z; Nick Calathes, Scottie Wilbekin, Melih Mahmuto\u011flu, Nigel Hayes-Davis, Johnathan Motley be\u015fiyle ba\u015flad\u0131.<br>\u00a0<br>Y\u00fcksek tempoda ba\u015flayan m\u00fccadelede Fenerbah\u00e7e Beko istedi\u011fi h\u00fccum organizasyonlar\u0131n\u0131 sergileyemeyince ilk periyodun bitimine 05:36 kala ko\u00e7 Itoudis\u2019ten mola geldi: 12-4. Mola d\u00f6n\u00fc\u015f\u00fc Calathes, Motley, ve Dorsey\u2019in 8-0\u2019l\u0131k serisiyle skoru 12-12\u2019de e\u015fitleyen Tak\u0131m\u0131m\u0131z, kar\u015f\u0131l\u0131kl\u0131 say\u0131lar\u0131n ard\u0131ndan ilk periyodu 22-21 geride tamamlad\u0131. \u0130kinci periyot dengeli bir oyuna sahne oldu. Skor avantaj\u0131n\u0131n s\u00fcrekli el de\u011fi\u015ftirdi\u011fi bu periyodun ard\u0131ndan soyunma odas\u0131na 46-48 Fenerbah\u00e7e Beko \u00fcst\u00fcnl\u00fc\u011f\u00fcyle gidildi.<br>\u00a0<br>\u0130lk yar\u0131da 18\u2019de 9 \u00fc\u00e7l\u00fck bulan Tak\u0131m\u0131m\u0131z benchten gelen oyunculardan da 24 say\u0131l\u0131k katk\u0131 ald\u0131; bu say\u0131lar\u0131n 11\u2019ini Tar\u0131k Biberovic kaydetti.<br>\u00a0<br>B\u00fcy\u00fck \u00e7eki\u015fmeye sahne olan \u00fc\u00e7\u00fcnc\u00fc periyot, ev sahibi ekibin 73-69 \u00fcst\u00fcnl\u00fc\u011f\u00fcyle tamamland\u0131. D\u00f6rd\u00fcnc\u00fc periyotta fark 8 say\u0131ya \u00e7\u0131k\u0131nca ko\u00e7 Itoudis\u2019ten mola geldi: 88-79 (05:04). Mola sonras\u0131 Nigel Hayes-Davis ve Wilbekin\u2019in \u00fc\u00e7l\u00fckleriyle takibini s\u00fcrd\u00fcren Tak\u0131m\u0131m\u0131z, kalan b\u00f6l\u00fcmde fark\u0131 eritemedi ve kar\u015f\u0131la\u015fmay\u0131 102-98 kaybetti.<br>\u00a0<br><strong>\u00c7eyrek skorlar\u0131:<\/strong><br><br>1.\u00c7eyrek: 22-21<br>2.\u00c7eyrek: 24-27<br>3.\u00c7eyrek: 27-21<br>4.\u00c7eyrek: 29-29<br><br><strong>Fenerbah\u00e7e Beko (98):<\/strong> Motley 17, Wilbekin 17, Calathes 15, Guduric 12, Biberovic 11, Hayes-Davis 10, Melih 5, Samet 4, Dorsey 4, Metecan 3.<\/p>\n","protected":false},"excerpt":{"rendered":"<p>Fenerbah\u00e7e Beko Erkek Basketbol Tak\u0131m\u0131m\u0131z, T\u00fcrkiye Sigorta Basketbol S\u00fcper Ligi 20. hafta ma\u00e7\u0131nda P\u0131nar Kar\u015f\u0131yaka\u2019ya konuk oldu. Kar\u015f\u0131la\u015fma ev sahibi ekibin 102-98 galibiyetiyle tamamland\u0131.\u00a0Motley ve Wilbekin kaydettikleri 17\u2019\u015fer say\u0131yla tak\u0131m\u0131n skoreri oldular. Nick Calathes15, Guduric 12, Tar\u0131k Biberovic 11, Nigel Hayes-Davis de 10 say\u0131 \u00fcretti.\u00a0Mustafa Kemal Atat\u00fcrk Kar\u015f\u0131yaka Spor Salonu\u2019nda oynanan ma\u00e7a Tak\u0131m\u0131m\u0131z; Nick Calathes, [&hellip;]<\/p>\n","protected":false},"author":1,"featured_media":20247,"comment_status":"closed","ping_status":"closed","sticky":false,"template":"","format":"standard","meta":{"jnews-multi-image_gallery":[],"jnews_single_post":{"subtitle":"Fenerbah\u00e7e Erkek Basketbol Tak\u0131m\u0131m\u0131z, Basketbol S\u00fcper Ligi 20. hafta ma\u00e7\u0131nda Kar\u015f\u0131yaka ile deplasmanda oynad\u0131\u011f\u0131 m\u00fccadeleden 102-98 ma\u011flup ayr\u0131ld\u0131.","format":"standard","video":"","gallery":"","source_name":"","source_url":"","via_name":"","via_url":"","override_template":"0","override":[{"template":"1","single_blog_custom":"","parallax":"1","fullscreen":"1","layout":"right-sidebar","sidebar":"mysidebar","second_sidebar":"default-sidebar","sticky_sidebar":"1","share_position":"float","share_float_style":"share-normal","show_share_counter":"1","show_view_counter":"1","show_featured":"1","show_post_meta":"1","show_post_author":"0","show_post_author_image":"1","show_post_date":"1","post_date_format":"default","post_date_format_custom":"Y\/m\/d","show_post_category":"0","show_post_reading_time":"0","post_reading_time_wpm":"300","show_zoom_button":"0","zoom_button_out_step":"2","zoom_button_in_step":"3","show_post_tag":"0","show_prev_next_post":"1","show_popup_post":"0","number_popup_post":"3","show_author_box":"0","show_post_related":"0","show_inline_post_related":"0"}],"override_image_size":"0","image_override":[{"single_post_thumbnail_size":"crop-500","single_post_gallery_size":"crop-500"}],"trending_post":"0","trending_post_position":"meta","trending_post_label":"Trending","sponsored_post":"0","sponsored_post_label":"Sponsored by","sponsored_post_name":"","sponsored_post_url":"","sponsored_post_logo_enable":"0","sponsored_post_logo":"","sponsored_post_desc":"","disable_ad":"0"},"jnews_primary_category":{"id":"5","hide":""},"jnews_social_meta":{"fb_title":"","fb_description":"","fb_image":"","twitter_title":"","twitter_description":"","twitter_image":""},"jnews_override_counter":{"override_view_counter":"0","view_counter_number":"0","override_share_counter":"0","share_counter_number":"0","override_like_counter":"0","like_counter_number":"0","override_dislike_counter":"0","dislike_counter_number":"0"},"footnotes":""},"categories":[5,6,2],"tags":[24,23],"class_list":["post-20246","post","type-post","status-publish","format-standard","has-post-thumbnail","hentry","category-basketbol","category-erkek-basketbol","category-haberler","tag-basketbol","tag-fenerbahce"],"amp_enabled":true,"_links":{"self":[{"href":"https:\/\/www.fener.org\/index.php\/wp-json\/wp\/v2\/posts\/20246","targetHints":{"allow":["GET"]}}],"collection":[{"href":"https:\/\/www.fener.org\/index.php\/wp-json\/wp\/v2\/posts"}],"about":[{"href":"https:\/\/www.fener.org\/index.php\/wp-json\/wp\/v2\/types\/post"}],"author":[{"embeddable":true,"href":"https:\/\/www.fener.org\/index.php\/wp-json\/wp\/v2\/users\/1"}],"replies":[{"embeddable":true,"href":"https:\/\/www.fener.org\/index.php\/wp-json\/wp\/v2\/comments?post=20246"}],"version-history":[{"count":1,"href":"https:\/\/www.fener.org\/index.php\/wp-json\/wp\/v2\/posts\/20246\/revisions"}],"predecessor-version":[{"id":20248,"href":"https:\/\/www.fener.org\/index.php\/wp-json\/wp\/v2\/posts\/20246\/revisions\/20248"}],"wp:featuredmedia":[{"embeddable":true,"href":"https:\/\/www.fener.org\/index.php\/wp-json\/wp\/v2\/media\/20247"}],"wp:attachment":[{"href":"https:\/\/www.fener.org\/index.php\/wp-json\/wp\/v2\/media?parent=20246"}],"wp:term":[{"taxonomy":"category","embeddable":true,"href":"https:\/\/www.fener.org\/index.php\/wp-json\/wp\/v2\/categories?post=20246"},{"taxonomy":"post_tag","embeddable":true,"href":"https:\/\/www.fener.org\/index.php\/wp-json\/wp\/v2\/tags?post=20246"}],"curies":[{"name":"wp","href":"https:\/\/api.w.org\/{rel}","templated":true}]}}