{"id":20238,"date":"2023-03-12T20:33:28","date_gmt":"2023-03-12T17:33:28","guid":{"rendered":"https:\/\/www.fener.org\/?p=20238"},"modified":"2023-03-12T20:33:33","modified_gmt":"2023-03-12T17:33:33","slug":"fenerbahce-beko-pinar-karsiyakaya-konuk-oluyor-5","status":"publish","type":"post","link":"https:\/\/www.fener.org\/index.php\/2023\/03\/12\/fenerbahce-beko-pinar-karsiyakaya-konuk-oluyor-5\/","title":{"rendered":"Fenerbah\u00e7e Beko, P\u0131nar Kar\u015f\u0131yaka\u2019ya konuk oluyor"},"content":{"rendered":"\n<p>Fenerbah\u00e7e Beko Erkek Basketbol Tak\u0131m\u0131m\u0131z, T\u00fcrkiye Sigorta Basketbol S\u00fcper Ligi 2022-23 sezonu 20. hafta ma\u00e7\u0131nda P\u0131nar Kar\u015f\u0131yaka\u2019ya konuk oluyor. Yar\u0131n (13 Mart Pazartesi g\u00fcn\u00fc) saat 19.00\u2019da Mustafa Kemal Atat\u00fcrk Kar\u015f\u0131yaka Spor Salonu\u2019nda oynanacak m\u00fccadele beIN Sports 5 taraf\u0131ndan canl\u0131 yay\u0131nlanacak.<\/p>\n\n\n\n<p>Fenerbah\u00e7e Beko, EuroLeague\u2019de \u00e7ift ma\u00e7 haftas\u0131n\u0131 geride b\u0131rakt\u0131. 8 Mart \u00c7ar\u015famba g\u00fcn\u00fc Maccabi Playtika\u2019ya konuk olan ekibimiz, m\u00fccadeleden 78-74 ma\u011flup ayr\u0131ld\u0131. Fenerbah\u00e7e Beko, 10 Mart Cuma g\u00fcn\u00fc ise Barcelona\u2019y\u0131 \u00dclker Spor ve Etkinlik Salonu\u2019nda konuk etti. Tak\u0131m\u0131m\u0131z, rakibini 81-73 yendi.<\/p>\n\n\n\n<p>Fenerbah\u00e7e Beko, T\u00fcrkiye Sigorta Basketbol S\u00fcper Ligi\u2019ndeki son m\u00fccadelesinde 5 Mart Pazar g\u00fcn\u00fc Manisa B\u00fcy\u00fck\u015fehir Belediyesi\u2019ni konuk etti. Ekibimiz, 19. hafta m\u00fccadelesini 92-78 kazanarak 17. galibiyetini ald\u0131 ve liderli\u011fini s\u00fcrd\u00fcrd\u00fc.<\/p>\n\n\n\n<p>Tak\u0131m\u0131m\u0131zda, Barcelona ma\u00e7\u0131nda sakatlanan Dyshawn Pierre bu ma\u00e7ta forma giyemeyecek.<\/p>\n\n\n\n<p>Ko\u00e7 Ufuk Sar\u0131ca taraf\u0131ndan \u00e7al\u0131\u015ft\u0131r\u0131lan P\u0131nar Kar\u015f\u0131yaka, bu sezon ligimizde oynad\u0131\u011f\u0131 19 ma\u00e7ta 14 galibiyet ald\u0131. Rakibimiz, son olarak 5 Mart Pazar g\u00fcn\u00fc konuk oldu\u011fu Tofa\u015f\u2019\u0131 81-86 ile ge\u00e7ti.<\/p>\n\n\n\n<p>\u0130ki tak\u0131m bug\u00fcne dek ligde 112 kez kar\u015f\u0131la\u015ft\u0131. Fenerbah\u00e7e Beko, rakibini 72 kez ma\u011flup etti.<\/p>\n\n\n\n<p>Ligin ilk yar\u0131s\u0131nda \u00dclker Spor ve Etkinlik Salonu\u2019nda oynanan m\u00fcsabakay\u0131 Fenerbah\u00e7e Beko 100-88 kazand\u0131.<\/p>\n","protected":false},"excerpt":{"rendered":"<p>Fenerbah\u00e7e Beko Erkek Basketbol Tak\u0131m\u0131m\u0131z, T\u00fcrkiye Sigorta Basketbol S\u00fcper Ligi 2022-23 sezonu 20. hafta ma\u00e7\u0131nda P\u0131nar Kar\u015f\u0131yaka\u2019ya konuk oluyor. Yar\u0131n (13 Mart Pazartesi g\u00fcn\u00fc) saat 19.00\u2019da Mustafa Kemal Atat\u00fcrk Kar\u015f\u0131yaka Spor Salonu\u2019nda oynanacak m\u00fccadele beIN Sports 5 taraf\u0131ndan canl\u0131 yay\u0131nlanacak. Fenerbah\u00e7e Beko, EuroLeague\u2019de \u00e7ift ma\u00e7 haftas\u0131n\u0131 geride b\u0131rakt\u0131. 8 Mart \u00c7ar\u015famba g\u00fcn\u00fc Maccabi Playtika\u2019ya konuk [&hellip;]<\/p>\n","protected":false},"author":1,"featured_media":20239,"comment_status":"closed","ping_status":"closed","sticky":false,"template":"","format":"standard","meta":{"jnews-multi-image_gallery":[],"jnews_single_post":{"subtitle":"Fenerbah\u00e7e Erkek Basketbol Tak\u0131m\u0131m\u0131z, Basketbol S\u00fcper Ligi'nde 20. hafta ma\u00e7\u0131nda deplasmanda Kar\u015f\u0131yaka ile m\u00fccadele edecek.","format":"standard","video":"","gallery":"","source_name":"","source_url":"","via_name":"","via_url":"","override_template":"0","override":[{"template":"1","single_blog_custom":"","parallax":"1","fullscreen":"1","layout":"right-sidebar","sidebar":"mysidebar","second_sidebar":"default-sidebar","sticky_sidebar":"1","share_position":"float","share_float_style":"share-normal","show_share_counter":"1","show_view_counter":"1","show_featured":"1","show_post_meta":"1","show_post_author":"0","show_post_author_image":"1","show_post_date":"1","post_date_format":"default","post_date_format_custom":"Y\/m\/d","show_post_category":"0","show_post_reading_time":"0","post_reading_time_wpm":"300","show_zoom_button":"0","zoom_button_out_step":"2","zoom_button_in_step":"3","show_post_tag":"0","show_prev_next_post":"1","show_popup_post":"0","number_popup_post":"3","show_author_box":"0","show_post_related":"0","show_inline_post_related":"0"}],"override_image_size":"0","image_override":[{"single_post_thumbnail_size":"crop-500","single_post_gallery_size":"crop-500"}],"trending_post":"0","trending_post_position":"meta","trending_post_label":"Trending","sponsored_post":"0","sponsored_post_label":"Sponsored by","sponsored_post_name":"","sponsored_post_url":"","sponsored_post_logo_enable":"0","sponsored_post_logo":"","sponsored_post_desc":"","disable_ad":"0"},"jnews_primary_category":{"id":"5","hide":""},"jnews_social_meta":{"fb_title":"","fb_description":"","fb_image":"","twitter_title":"","twitter_description":"","twitter_image":""},"jnews_override_counter":{"override_view_counter":"0","view_counter_number":"0","override_share_counter":"0","share_counter_number":"0","override_like_counter":"0","like_counter_number":"0","override_dislike_counter":"0","dislike_counter_number":"0"},"footnotes":""},"categories":[5,6,2],"tags":[24,23],"class_list":["post-20238","post","type-post","status-publish","format-standard","has-post-thumbnail","hentry","category-basketbol","category-erkek-basketbol","category-haberler","tag-basketbol","tag-fenerbahce"],"amp_enabled":true,"_links":{"self":[{"href":"https:\/\/www.fener.org\/index.php\/wp-json\/wp\/v2\/posts\/20238","targetHints":{"allow":["GET"]}}],"collection":[{"href":"https:\/\/www.fener.org\/index.php\/wp-json\/wp\/v2\/posts"}],"about":[{"href":"https:\/\/www.fener.org\/index.php\/wp-json\/wp\/v2\/types\/post"}],"author":[{"embeddable":true,"href":"https:\/\/www.fener.org\/index.php\/wp-json\/wp\/v2\/users\/1"}],"replies":[{"embeddable":true,"href":"https:\/\/www.fener.org\/index.php\/wp-json\/wp\/v2\/comments?post=20238"}],"version-history":[{"count":1,"href":"https:\/\/www.fener.org\/index.php\/wp-json\/wp\/v2\/posts\/20238\/revisions"}],"predecessor-version":[{"id":20240,"href":"https:\/\/www.fener.org\/index.php\/wp-json\/wp\/v2\/posts\/20238\/revisions\/20240"}],"wp:featuredmedia":[{"embeddable":true,"href":"https:\/\/www.fener.org\/index.php\/wp-json\/wp\/v2\/media\/20239"}],"wp:attachment":[{"href":"https:\/\/www.fener.org\/index.php\/wp-json\/wp\/v2\/media?parent=20238"}],"wp:term":[{"taxonomy":"category","embeddable":true,"href":"https:\/\/www.fener.org\/index.php\/wp-json\/wp\/v2\/categories?post=20238"},{"taxonomy":"post_tag","embeddable":true,"href":"https:\/\/www.fener.org\/index.php\/wp-json\/wp\/v2\/tags?post=20238"}],"curies":[{"name":"wp","href":"https:\/\/api.w.org\/{rel}","templated":true}]}}