{"id":20235,"date":"2023-03-12T20:26:28","date_gmt":"2023-03-12T17:26:28","guid":{"rendered":"https:\/\/www.fener.org\/?p=20235"},"modified":"2023-03-12T20:26:33","modified_gmt":"2023-03-12T17:26:33","slug":"fenerbahceli-milli-atletimiz-esra-turkmen-atmalar-kupasinda-avrupa-ucuncusu-oldu","status":"publish","type":"post","link":"https:\/\/www.fener.org\/index.php\/2023\/03\/12\/fenerbahceli-milli-atletimiz-esra-turkmen-atmalar-kupasinda-avrupa-ucuncusu-oldu\/","title":{"rendered":"Fenerbah\u00e7eli milli atletimiz Esra T\u00fcrkmen Atmalar Kupas\u0131\u2019nda Avrupa \u00fc\u00e7\u00fcnc\u00fcs\u00fc oldu"},"content":{"rendered":"\n<p>Atma bran\u015flar\u0131nda k\u0131tan\u0131n en iyi atletlerinin bir araya getiren Avrupa Atmalar Kupas\u0131\u2019nda m\u00fccadele eden atletlerimizden U23 Kad\u0131nlar cirit atmada son \u0130slam Dayan\u0131\u015fma Oyunlar\u0131 \u015fampiyonu Esra T\u00fcrkmen 54.69\u2019la bu sezonki en iyi derecesiyle Avrupa \u00fc\u00e7\u00fcnc\u00fc olarak bronz madalya kazand\u0131. U23 disk atmada piste \u00e7\u0131kan milli atletimiz Enes \u00c7ankaya ise 55.95\u2019le d\u00f6rd\u00fcnc\u00fc oldu. \u0130lk g\u00fcn yar\u0131\u015fan di\u011fer sporcular\u0131m\u0131zdan b\u00fcy\u00fckler \u00e7eki\u00e7 atmada \u00d6zkan Baltac\u0131 da 70.05\u2019le onunculuk elde etti.<\/p>\n","protected":false},"excerpt":{"rendered":"<p>Atma bran\u015flar\u0131nda k\u0131tan\u0131n en iyi atletlerinin bir araya getiren Avrupa Atmalar Kupas\u0131\u2019nda m\u00fccadele eden atletlerimizden U23 Kad\u0131nlar cirit atmada son \u0130slam Dayan\u0131\u015fma Oyunlar\u0131 \u015fampiyonu Esra T\u00fcrkmen 54.69\u2019la bu sezonki en iyi derecesiyle Avrupa \u00fc\u00e7\u00fcnc\u00fc olarak bronz madalya kazand\u0131. U23 disk atmada piste \u00e7\u0131kan milli atletimiz Enes \u00c7ankaya ise 55.95\u2019le d\u00f6rd\u00fcnc\u00fc oldu. \u0130lk g\u00fcn yar\u0131\u015fan di\u011fer [&hellip;]<\/p>\n","protected":false},"author":1,"featured_media":20236,"comment_status":"closed","ping_status":"closed","sticky":false,"template":"","format":"standard","meta":{"jnews-multi-image_gallery":[],"jnews_single_post":{"subtitle":"Portekiz\u2019in Leiria kentindeki ba\u015flayan Avrupa Atmalar Kupas\u0131\u2019nda piste \u00e7\u0131kan Fenerbah\u00e7eli milli atletlerimiz ilk g\u00fcn sonunda podyumda yer ald\u0131. ","format":"standard","video":"","gallery":"","source_name":"","source_url":"","via_name":"","via_url":"","override_template":"0","override":[{"template":"1","single_blog_custom":"","parallax":"1","fullscreen":"1","layout":"right-sidebar","sidebar":"mysidebar","second_sidebar":"default-sidebar","sticky_sidebar":"1","share_position":"float","share_float_style":"share-normal","show_share_counter":"1","show_view_counter":"1","show_featured":"1","show_post_meta":"1","show_post_author":"0","show_post_author_image":"1","show_post_date":"1","post_date_format":"default","post_date_format_custom":"Y\/m\/d","show_post_category":"0","show_post_reading_time":"0","post_reading_time_wpm":"300","show_zoom_button":"0","zoom_button_out_step":"2","zoom_button_in_step":"3","show_post_tag":"0","show_prev_next_post":"1","show_popup_post":"0","number_popup_post":"3","show_author_box":"0","show_post_related":"0","show_inline_post_related":"0"}],"override_image_size":"0","image_override":[{"single_post_thumbnail_size":"crop-500","single_post_gallery_size":"crop-500"}],"trending_post":"0","trending_post_position":"meta","trending_post_label":"Trending","sponsored_post":"0","sponsored_post_label":"Sponsored by","sponsored_post_name":"","sponsored_post_url":"","sponsored_post_logo_enable":"0","sponsored_post_logo":"","sponsored_post_desc":"","disable_ad":"0"},"jnews_primary_category":{"id":"13","hide":""},"jnews_social_meta":{"fb_title":"","fb_description":"","fb_image":"","twitter_title":"","twitter_description":"","twitter_image":""},"jnews_override_counter":{"override_view_counter":"0","view_counter_number":"0","override_share_counter":"0","share_counter_number":"0","override_like_counter":"0","like_counter_number":"0","override_dislike_counter":"0","dislike_counter_number":"0"},"footnotes":""},"categories":[13,2],"tags":[32,23],"class_list":["post-20235","post","type-post","status-publish","format-standard","has-post-thumbnail","hentry","category-atletizm","category-haberler","tag-atletizm","tag-fenerbahce"],"amp_enabled":true,"_links":{"self":[{"href":"https:\/\/www.fener.org\/index.php\/wp-json\/wp\/v2\/posts\/20235","targetHints":{"allow":["GET"]}}],"collection":[{"href":"https:\/\/www.fener.org\/index.php\/wp-json\/wp\/v2\/posts"}],"about":[{"href":"https:\/\/www.fener.org\/index.php\/wp-json\/wp\/v2\/types\/post"}],"author":[{"embeddable":true,"href":"https:\/\/www.fener.org\/index.php\/wp-json\/wp\/v2\/users\/1"}],"replies":[{"embeddable":true,"href":"https:\/\/www.fener.org\/index.php\/wp-json\/wp\/v2\/comments?post=20235"}],"version-history":[{"count":1,"href":"https:\/\/www.fener.org\/index.php\/wp-json\/wp\/v2\/posts\/20235\/revisions"}],"predecessor-version":[{"id":20237,"href":"https:\/\/www.fener.org\/index.php\/wp-json\/wp\/v2\/posts\/20235\/revisions\/20237"}],"wp:featuredmedia":[{"embeddable":true,"href":"https:\/\/www.fener.org\/index.php\/wp-json\/wp\/v2\/media\/20236"}],"wp:attachment":[{"href":"https:\/\/www.fener.org\/index.php\/wp-json\/wp\/v2\/media?parent=20235"}],"wp:term":[{"taxonomy":"category","embeddable":true,"href":"https:\/\/www.fener.org\/index.php\/wp-json\/wp\/v2\/categories?post=20235"},{"taxonomy":"post_tag","embeddable":true,"href":"https:\/\/www.fener.org\/index.php\/wp-json\/wp\/v2\/tags?post=20235"}],"curies":[{"name":"wp","href":"https:\/\/api.w.org\/{rel}","templated":true}]}}