{"id":20212,"date":"2023-03-10T23:45:00","date_gmt":"2023-03-10T20:45:00","guid":{"rendered":"https:\/\/www.fener.org\/?p=20212"},"modified":"2023-03-11T08:55:53","modified_gmt":"2023-03-11T05:55:53","slug":"dimitris-itoudis-takimi-tebrik-ederim","status":"publish","type":"post","link":"https:\/\/www.fener.org\/index.php\/2023\/03\/10\/dimitris-itoudis-takimi-tebrik-ederim\/","title":{"rendered":"Dimitris Itoudis: Tak\u0131m\u0131 tebrik ederim"},"content":{"rendered":"\n<p>Ba\u015fantren\u00f6r\u00fcm\u00fcz Dimitris Itoudis, Fenerbah\u00e7e Beko\u2019nun EuroLeague\u2019de Barcelona kar\u015f\u0131s\u0131nda ald\u0131\u011f\u0131 galibiyetin ard\u0131ndan yapt\u0131\u011f\u0131 a\u00e7\u0131klamada \u015funlar\u0131 s\u00f6yledi:<\/p>\n\n\n\n<blockquote class=\"wp-block-quote is-layout-flow wp-block-quote-is-layout-flow\">\n<p>\u201cTak\u0131m\u0131 tebrik ederim. \u00c7ok k\u00f6t\u00fc ba\u015flad\u0131\u011f\u0131m\u0131z bir ma\u00e7t\u0131. Haz\u0131rl\u0131klar\u0131m\u0131z\u0131n tam tersini yapt\u0131\u011f\u0131m\u0131z bir ma\u00e7t\u0131. Ama mola ve ilk \u00e7eyrekten sonra oyuncular\u0131n zihniyeti tamamen de\u011fi\u015fti ve farkl\u0131 oynamaya ba\u015flad\u0131lar. 4 top kayb\u0131m\u0131z vard\u0131 ve 14\/5 ikilik vard\u0131. Son \u00e7eyreklerde tak\u0131m daha da fazla de\u011fi\u015fti, ayn\u0131 bu zihniyette devam ettiler. Sadece 3 top kayb\u0131 oldu. Oyuncular\u0131 \u00e7ok tebrik ediyorum. \u00c7ok iyi bir rakibe kar\u015f\u0131 bu ma\u00e7\u0131 kazand\u0131k. Kazanma k\u00fclt\u00fcr\u00fc olu\u015fan ve her sene Final Four\u2019a giden, senelerce birlikte \u00e7al\u0131\u015fan bir tak\u0131ma kar\u015f\u0131 galip geldik. Soyunma odas\u0131nda da konu\u015ftu\u011fumuz gibi \u00e7ok kaliteli oyuncular\u0131m\u0131z var, herkes farkl\u0131 \u00f6zelliklere sahip. Do\u011fru zihniyetle bunu ba\u015far\u0131ya \u00e7evirebiliriz. Taraftar m\u00fcthi\u015fti. 17 say\u0131 geriye d\u00fc\u015ft\u00fc\u011f\u00fcm\u00fcz zaman da ayn\u0131yd\u0131, hi\u00e7 inan\u00e7lar\u0131n\u0131 yitirmediler. Bizi ba\u015ftan sona desteklediler. Bunun i\u00e7in \u00e7ok te\u015fekk\u00fcr ederim. Bu bizim i\u00e7in bug\u00fcn \u00e7ok \u00f6nemliydi. Di\u011fer yandan da Dyshawn Pierre in\u015fallah en h\u0131zl\u0131 \u015fekilde d\u00f6ner, dualar\u0131m\u0131z da onunla.<\/p>\n\n\n\n<p>30 y\u0131la yak\u0131nd\u0131r basketbolun i\u00e7indeyim ve mart-nisan-may\u0131s aylar\u0131 art\u0131k kimyan\u0131n olu\u015ftu\u011fu ve olu\u015fmas\u0131 gereken zamanlard\u0131r. H\u00fccumda net ve ne yap\u0131lmas\u0131 gerekti\u011fini bildi\u011fimiz, savunma olarak da bir kimli\u011fin olu\u015ftu\u011fu zamanlard\u0131r. Her top i\u00e7in m\u00fccadele etti\u011fimiz zamanlard\u0131r ki taraftar\u0131n ve oyunun beklentisi de budur. Ayn\u0131 zamanda her ma\u00e7\u0131n \u00f6nem arz etti\u011fi zamanlar. Yarat\u0131c\u0131lar \u00e7ok \u00f6nemliydi. \u00d6zellikle Kalinic\u2019e kar\u015f\u0131 b\u00fcy\u00fck g\u00fc\u00e7 var, \u00e7ok \u015fans vermedik. Dyshawn Pierre\u2019i kaybetti\u011fimizde de Nigel rol alm\u0131\u015f oldu. Bask\u0131da atak edecek oyuncu g\u00f6nderiyoruz ya da Scottie-Tyler gibi isimlere sahay\u0131 b\u0131rak\u0131yoruz. Tyler bug\u00fcn inan\u0131lmaz savundu, v\u00fccudunu inan\u0131lmaz \u015fekilde kulland\u0131. Bjelica yava\u015f yava\u015f geri geliyor, rakibe tehdit olabilecek bir oyunu pozisyonunda. Hala geli\u015fiyoruz. Bu galibiyet olsun, Maccabi ma\u011flubiyeti olsun biz yine ayn\u0131 tak\u0131m\u0131z ve o \u015fekilde devam ediyoruz.\u201d<\/p>\n<\/blockquote>\n","protected":false},"excerpt":{"rendered":"<p>Ba\u015fantren\u00f6r\u00fcm\u00fcz Dimitris Itoudis, Fenerbah\u00e7e Beko\u2019nun EuroLeague\u2019de Barcelona kar\u015f\u0131s\u0131nda ald\u0131\u011f\u0131 galibiyetin ard\u0131ndan yapt\u0131\u011f\u0131 a\u00e7\u0131klamada \u015funlar\u0131 s\u00f6yledi: \u201cTak\u0131m\u0131 tebrik ederim. \u00c7ok k\u00f6t\u00fc ba\u015flad\u0131\u011f\u0131m\u0131z bir ma\u00e7t\u0131. Haz\u0131rl\u0131klar\u0131m\u0131z\u0131n tam tersini yapt\u0131\u011f\u0131m\u0131z bir ma\u00e7t\u0131. Ama mola ve ilk \u00e7eyrekten sonra oyuncular\u0131n zihniyeti tamamen de\u011fi\u015fti ve farkl\u0131 oynamaya ba\u015flad\u0131lar. 4 top kayb\u0131m\u0131z vard\u0131 ve 14\/5 ikilik vard\u0131. Son \u00e7eyreklerde tak\u0131m daha [&hellip;]<\/p>\n","protected":false},"author":1,"featured_media":20213,"comment_status":"closed","ping_status":"closed","sticky":false,"template":"","format":"standard","meta":{"jnews-multi-image_gallery":[],"jnews_single_post":{"subtitle":"","format":"standard","video":"","gallery":"","source_name":"","source_url":"","via_name":"","via_url":"","override_template":"0","override":[{"template":"1","single_blog_custom":"","parallax":"1","fullscreen":"1","layout":"right-sidebar","sidebar":"mysidebar","second_sidebar":"default-sidebar","sticky_sidebar":"1","share_position":"float","share_float_style":"share-normal","show_share_counter":"1","show_view_counter":"1","show_featured":"1","show_post_meta":"1","show_post_author":"0","show_post_author_image":"1","show_post_date":"1","post_date_format":"default","post_date_format_custom":"Y\/m\/d","show_post_category":"0","show_post_reading_time":"0","post_reading_time_wpm":"300","show_zoom_button":"0","zoom_button_out_step":"2","zoom_button_in_step":"3","show_post_tag":"0","show_prev_next_post":"1","show_popup_post":"0","number_popup_post":"3","show_author_box":"0","show_post_related":"0","show_inline_post_related":"0"}],"override_image_size":"0","image_override":[{"single_post_thumbnail_size":"crop-500","single_post_gallery_size":"crop-500"}],"trending_post":"0","trending_post_position":"meta","trending_post_label":"Trending","sponsored_post":"0","sponsored_post_label":"Sponsored by","sponsored_post_name":"","sponsored_post_url":"","sponsored_post_logo_enable":"0","sponsored_post_logo":"","sponsored_post_desc":"","disable_ad":"0"},"jnews_primary_category":{"id":"5","hide":""},"jnews_social_meta":{"fb_title":"","fb_description":"","fb_image":"","twitter_title":"","twitter_description":"","twitter_image":""},"jnews_override_counter":{"override_view_counter":"0","view_counter_number":"0","override_share_counter":"0","share_counter_number":"0","override_like_counter":"0","like_counter_number":"0","override_dislike_counter":"0","dislike_counter_number":"0"},"footnotes":""},"categories":[5,6,2],"tags":[24,74,23],"class_list":["post-20212","post","type-post","status-publish","format-standard","has-post-thumbnail","hentry","category-basketbol","category-erkek-basketbol","category-haberler","tag-basketbol","tag-euroleague","tag-fenerbahce"],"amp_enabled":true,"_links":{"self":[{"href":"https:\/\/www.fener.org\/index.php\/wp-json\/wp\/v2\/posts\/20212","targetHints":{"allow":["GET"]}}],"collection":[{"href":"https:\/\/www.fener.org\/index.php\/wp-json\/wp\/v2\/posts"}],"about":[{"href":"https:\/\/www.fener.org\/index.php\/wp-json\/wp\/v2\/types\/post"}],"author":[{"embeddable":true,"href":"https:\/\/www.fener.org\/index.php\/wp-json\/wp\/v2\/users\/1"}],"replies":[{"embeddable":true,"href":"https:\/\/www.fener.org\/index.php\/wp-json\/wp\/v2\/comments?post=20212"}],"version-history":[{"count":1,"href":"https:\/\/www.fener.org\/index.php\/wp-json\/wp\/v2\/posts\/20212\/revisions"}],"predecessor-version":[{"id":20214,"href":"https:\/\/www.fener.org\/index.php\/wp-json\/wp\/v2\/posts\/20212\/revisions\/20214"}],"wp:featuredmedia":[{"embeddable":true,"href":"https:\/\/www.fener.org\/index.php\/wp-json\/wp\/v2\/media\/20213"}],"wp:attachment":[{"href":"https:\/\/www.fener.org\/index.php\/wp-json\/wp\/v2\/media?parent=20212"}],"wp:term":[{"taxonomy":"category","embeddable":true,"href":"https:\/\/www.fener.org\/index.php\/wp-json\/wp\/v2\/categories?post=20212"},{"taxonomy":"post_tag","embeddable":true,"href":"https:\/\/www.fener.org\/index.php\/wp-json\/wp\/v2\/tags?post=20212"}],"curies":[{"name":"wp","href":"https:\/\/api.w.org\/{rel}","templated":true}]}}