{"id":20190,"date":"2023-03-08T23:23:04","date_gmt":"2023-03-08T20:23:04","guid":{"rendered":"https:\/\/www.fener.org\/?p=20190"},"modified":"2023-03-08T23:23:09","modified_gmt":"2023-03-08T20:23:09","slug":"fenerbahce-alagoz-holding-galatasaraya-konuk-oluyor","status":"publish","type":"post","link":"https:\/\/www.fener.org\/index.php\/2023\/03\/08\/fenerbahce-alagoz-holding-galatasaraya-konuk-oluyor\/","title":{"rendered":"Fenerbah\u00e7e Alag\u00f6z Holding, Galatasaray&#8217;a konuk oluyor"},"content":{"rendered":"\n<p>Fenerbah\u00e7e Alag\u00f6z Holding Kad\u0131n Basketbol Tak\u0131m\u0131m\u0131z, ING Kad\u0131nlar Basketbol S\u00fcper Ligi Nilay Aydo\u011fan Sezonu 21. hafta ma\u00e7\u0131nda Galatasaray \u00c7a\u011fda\u015f Faktoring\u2019e konuk oluyor. Yar\u0131n (9 Mart Per\u015fembe g\u00fcn\u00fc) Ahmet C\u00f6mert Spor Salonu\u2019nda oynanacak m\u00fccadele 18.00\u2019de ba\u015flayacak ve Sports TV\u2019den canl\u0131 yay\u0131nlanacak.<\/p>\n\n\n\n<p>Potan\u0131n Krali\u00e7eleri, son resmi ma\u00e7\u0131na 6 Mart Pazartesi g\u00fcn\u00fc Nesibe Ayd\u0131n kar\u015f\u0131s\u0131nda \u00e7\u0131kt\u0131. Metro Enerji Salonu\u2019nun ev sahipli\u011fi yapt\u0131\u011f\u0131 ma\u00e7ta tak\u0131m\u0131m\u0131z sahadan 82-81\u2019lik skorla galip ayr\u0131ld\u0131.<\/p>\n\n\n\n<p>Antren\u00f6r Alper Durur taraf\u0131ndan \u00e7al\u0131\u015ft\u0131r\u0131lan Galatasaray \u00c7a\u011fda\u015f Faktoring, ING Kad\u0131nlar Basketbol S\u00fcper Ligi Nilay Aydo\u011fan Sezonu\u2019nda oynad\u0131\u011f\u0131 20 ma\u00e7ta 16 galibiyet 4 ma\u011flubiyet alarak toplad\u0131\u011f\u0131 36 puanla \u00fc\u00e7\u00fcnc\u00fc s\u0131ras\u0131nda yer al\u0131yor.<\/p>\n\n\n\n<p>Son resmi ma\u00e7\u0131nda \u00c7BK Mersin Yeni\u015fehir Belediyesi deplasman\u0131nda \u00e7\u0131kan Galatasaray \u00c7a\u011fda\u015f Faktoring, Mersin\u2019den 75-58\u2019lik ma\u011flubiyetle d\u00f6nm\u00fc\u015ft\u00fc.<\/p>\n","protected":false},"excerpt":{"rendered":"<p>Fenerbah\u00e7e Alag\u00f6z Holding Kad\u0131n Basketbol Tak\u0131m\u0131m\u0131z, ING Kad\u0131nlar Basketbol S\u00fcper Ligi Nilay Aydo\u011fan Sezonu 21. hafta ma\u00e7\u0131nda Galatasaray \u00c7a\u011fda\u015f Faktoring\u2019e konuk oluyor. Yar\u0131n (9 Mart Per\u015fembe g\u00fcn\u00fc) Ahmet C\u00f6mert Spor Salonu\u2019nda oynanacak m\u00fccadele 18.00\u2019de ba\u015flayacak ve Sports TV\u2019den canl\u0131 yay\u0131nlanacak. Potan\u0131n Krali\u00e7eleri, son resmi ma\u00e7\u0131na 6 Mart Pazartesi g\u00fcn\u00fc Nesibe Ayd\u0131n kar\u015f\u0131s\u0131nda \u00e7\u0131kt\u0131. Metro Enerji [&hellip;]<\/p>\n","protected":false},"author":1,"featured_media":19284,"comment_status":"closed","ping_status":"closed","sticky":false,"template":"","format":"standard","meta":{"jnews-multi-image_gallery":[],"jnews_single_post":{"subtitle":"Fenerbah\u00e7e Kad\u0131n Basketbol Tak\u0131m\u0131m\u0131z, Kad\u0131nlar Basketbol S\u00fcper Ligi Nilay Aydo\u011fan Sezonu 21. hafta ma\u00e7\u0131nda Galatasaray ile deplasmanda kar\u015f\u0131la\u015f\u0131yor.","format":"standard","video":"","gallery":"","source_name":"","source_url":"","via_name":"","via_url":"","override_template":"0","override":[{"template":"1","single_blog_custom":"","parallax":"1","fullscreen":"1","layout":"right-sidebar","sidebar":"mysidebar","second_sidebar":"default-sidebar","sticky_sidebar":"1","share_position":"float","share_float_style":"share-normal","show_share_counter":"1","show_view_counter":"1","show_featured":"1","show_post_meta":"1","show_post_author":"0","show_post_author_image":"1","show_post_date":"1","post_date_format":"default","post_date_format_custom":"Y\/m\/d","show_post_category":"0","show_post_reading_time":"0","post_reading_time_wpm":"300","show_zoom_button":"0","zoom_button_out_step":"2","zoom_button_in_step":"3","show_post_tag":"0","show_prev_next_post":"1","show_popup_post":"0","number_popup_post":"3","show_author_box":"0","show_post_related":"0","show_inline_post_related":"0"}],"override_image_size":"0","image_override":[{"single_post_thumbnail_size":"crop-500","single_post_gallery_size":"crop-500"}],"trending_post":"0","trending_post_position":"meta","trending_post_label":"Trending","sponsored_post":"0","sponsored_post_label":"Sponsored by","sponsored_post_name":"","sponsored_post_url":"","sponsored_post_logo_enable":"0","sponsored_post_logo":"","sponsored_post_desc":"","disable_ad":"0"},"jnews_primary_category":{"id":"5","hide":""},"jnews_social_meta":{"fb_title":"","fb_description":"","fb_image":"","twitter_title":"","twitter_description":"","twitter_image":""},"jnews_override_counter":{"override_view_counter":"0","view_counter_number":"0","override_share_counter":"0","share_counter_number":"0","override_like_counter":"0","like_counter_number":"0","override_dislike_counter":"0","dislike_counter_number":"0"},"footnotes":""},"categories":[5,2,7],"tags":[24,23],"class_list":["post-20190","post","type-post","status-publish","format-standard","has-post-thumbnail","hentry","category-basketbol","category-haberler","category-kadin-basketbol","tag-basketbol","tag-fenerbahce"],"amp_enabled":true,"_links":{"self":[{"href":"https:\/\/www.fener.org\/index.php\/wp-json\/wp\/v2\/posts\/20190","targetHints":{"allow":["GET"]}}],"collection":[{"href":"https:\/\/www.fener.org\/index.php\/wp-json\/wp\/v2\/posts"}],"about":[{"href":"https:\/\/www.fener.org\/index.php\/wp-json\/wp\/v2\/types\/post"}],"author":[{"embeddable":true,"href":"https:\/\/www.fener.org\/index.php\/wp-json\/wp\/v2\/users\/1"}],"replies":[{"embeddable":true,"href":"https:\/\/www.fener.org\/index.php\/wp-json\/wp\/v2\/comments?post=20190"}],"version-history":[{"count":1,"href":"https:\/\/www.fener.org\/index.php\/wp-json\/wp\/v2\/posts\/20190\/revisions"}],"predecessor-version":[{"id":20191,"href":"https:\/\/www.fener.org\/index.php\/wp-json\/wp\/v2\/posts\/20190\/revisions\/20191"}],"wp:featuredmedia":[{"embeddable":true,"href":"https:\/\/www.fener.org\/index.php\/wp-json\/wp\/v2\/media\/19284"}],"wp:attachment":[{"href":"https:\/\/www.fener.org\/index.php\/wp-json\/wp\/v2\/media?parent=20190"}],"wp:term":[{"taxonomy":"category","embeddable":true,"href":"https:\/\/www.fener.org\/index.php\/wp-json\/wp\/v2\/categories?post=20190"},{"taxonomy":"post_tag","embeddable":true,"href":"https:\/\/www.fener.org\/index.php\/wp-json\/wp\/v2\/tags?post=20190"}],"curies":[{"name":"wp","href":"https:\/\/api.w.org\/{rel}","templated":true}]}}