{"id":20172,"date":"2023-03-06T16:55:01","date_gmt":"2023-03-06T13:55:01","guid":{"rendered":"https:\/\/www.fener.org\/?p=20172"},"modified":"2023-03-06T16:55:08","modified_gmt":"2023-03-06T13:55:08","slug":"fenerbahce-alagoz-holding-82-81-nesibe-aydin","status":"publish","type":"post","link":"https:\/\/www.fener.org\/index.php\/2023\/03\/06\/fenerbahce-alagoz-holding-82-81-nesibe-aydin\/","title":{"rendered":"Fenerbah\u00e7e Alag\u00f6z Holding 82-81 Nesibe Ayd\u0131n"},"content":{"rendered":"\n<p>ING Kad\u0131nlar Basketbol S\u00fcper Ligi Nilay Aydo\u011fan Sezonu 20. hafta ma\u00e7\u0131nda Nesibe Ayd\u0131n GSK\u2019y\u0131, Metro Enerji Salonu\u2019nda konuk eden Fenerbah\u00e7e Alag\u00f6z Holding Kad\u0131n Basketbol Tak\u0131m\u0131m\u0131z, parkeden 82-81 galip ayr\u0131ld\u0131.<\/p>\n\n\n\n<p>Ligdeki 17\u2019nci galibiyetini alan Fenerbah\u00e7e Alag\u00f6z Holding Kad\u0131n Basketbol Tak\u0131m\u0131m\u0131z, zirve takibini s\u00fcrd\u00fcrd\u00fc.<\/p>\n\n\n\n<p>Her iki tak\u0131m oyuncular\u0131 da \u2018T\u00fcrkiye Tek Y\u00fcrek\u2019 pankart\u0131yla parkede yer ald\u0131. Kar\u015f\u0131la\u015fma \u00f6ncesinde deprem felaketinde hayat\u0131n\u0131 kaybeden vatanda\u015flar\u0131m\u0131z i\u00e7in 1 dakikal\u0131k sayg\u0131 duru\u015funda bulunuldu.<\/p>\n\n\n\n<p>Tak\u0131m\u0131m\u0131z\u0131n m\u00fccadeleye; Satou Sabally, Alina Iagupova, Olcay \u00c7ak\u0131r Turgut, Merve Ayd\u0131n, Breanna Stewart be\u015fiyle ba\u015flad\u0131.<\/p>\n\n\n\n<p>Satou Sabally ve Merritt Hempe\u2019in kar\u015f\u0131l\u0131kl\u0131 basketleriyle ba\u015flayan ma\u00e7ta Fenerbah\u00e7emiz 8-6\u2019y\u0131 buldu. Her iki tak\u0131m\u0131n da y\u00fcksek y\u00fczdeyle oynad\u0131\u011f\u0131 \u00e7eyrekte Merve Ayd\u0131n ve Breanna Stewart\u2019\u0131n da katk\u0131s\u0131yla skor 15-9\u2019a geldi. Bu skorla molaya giden Nesibe Ayd\u0131n, mola d\u00f6n\u00fc\u015f\u00fcnde Feride Akalan\u2019\u0131n isabetiyle fark\u0131 4\u2019e indirdi. Ekibimiz, Satou Sabally\u2019nin \u00f6zellikle d\u0131\u015f at\u0131\u015f y\u00fczdesiyle fark yaratt\u0131\u011f\u0131 \u00e7eyrekte ma\u00e7taki en b\u00fcy\u00fck fark\u0131 da yakalad\u0131. (25-15). \u00c7eyrekte son 1 dakikaya 25-18 \u00f6nde giren Kad\u0131n Basketbol Tak\u0131m\u0131m\u0131z, y\u00fcksek skorlu ge\u00e7en \u00e7eyre\u011fi 27-22\u2019yle \u00f6nde tamamlad\u0131.<\/p>\n\n\n\n<p>\u0130layda G\u00fcner ve Derin Yaya\u2019n\u0131n basketleriyle ikinci \u00e7eyre\u011fe h\u0131zl\u0131 ba\u015flayan konuk ekip, skora denge getirdi. (27-27) \u00c7eyre\u011fin devam\u0131nda kenardan gelen Alperi Onar\u2019\u0131n skor katk\u0131s\u0131yla 44-37\u2019yi bulan Fenerbah\u00e7e Alag\u00f6z Holding Kad\u0131n Basketbol Tak\u0131m\u0131m\u0131z, soyunma odas\u0131na da 50-43 \u00fcst\u00fcnl\u00fckle girdi.<\/p>\n\n\n\n<p>\u00dc\u00e7\u00fcnc\u00fc \u00e7eyre\u011fe 5-0\u2019l\u0131k seriyle olduk\u00e7a iyi ba\u015flayan Nesibe Ayd\u0131n, fark\u0131 da 2 say\u0131ya indirdi. (50-48) Devam\u0131nda Alperi Onar ve Satou Sabally ikilisiyle \u00fcretken olan Fenerbah\u00e7e Alag\u00f6z Holding Kad\u0131n Basketbol Tak\u0131m\u0131m\u0131z \u00e7eyrekte ilk be\u015f dakikay\u0131 62-55 \u00f6nde ge\u00e7ti. Geriye kalan dakikalarda her iki tak\u0131m da m\u00fccadele dozaj\u0131n\u0131 artt\u0131r\u0131rken Ekibimiz final periyotuna 71-68 \u00f6nde girdi.<\/p>\n\n\n\n<p>B\u00fcy\u00fck \u00e7eki\u015fmeye sahne olan final periyotu sonunda Fenerbah\u00e7emiz, parkeden 82-81 galip ayr\u0131ld\u0131.<\/p>\n\n\n\n<p><strong>Fenerbah\u00e7e Alag\u00f6z Holding (82):<\/strong> Sabally 27, Alperi 22, Stewart 14, Iagupova 10, Olcay 6, Merve 3.<\/p>\n","protected":false},"excerpt":{"rendered":"<p>ING Kad\u0131nlar Basketbol S\u00fcper Ligi Nilay Aydo\u011fan Sezonu 20. hafta ma\u00e7\u0131nda Nesibe Ayd\u0131n GSK\u2019y\u0131, Metro Enerji Salonu\u2019nda konuk eden Fenerbah\u00e7e Alag\u00f6z Holding Kad\u0131n Basketbol Tak\u0131m\u0131m\u0131z, parkeden 82-81 galip ayr\u0131ld\u0131. Ligdeki 17\u2019nci galibiyetini alan Fenerbah\u00e7e Alag\u00f6z Holding Kad\u0131n Basketbol Tak\u0131m\u0131m\u0131z, zirve takibini s\u00fcrd\u00fcrd\u00fc. Her iki tak\u0131m oyuncular\u0131 da \u2018T\u00fcrkiye Tek Y\u00fcrek\u2019 pankart\u0131yla parkede yer ald\u0131. Kar\u015f\u0131la\u015fma [&hellip;]<\/p>\n","protected":false},"author":1,"featured_media":20173,"comment_status":"closed","ping_status":"closed","sticky":false,"template":"","format":"standard","meta":{"jnews-multi-image_gallery":[],"jnews_single_post":{"subtitle":"Fenerbah\u00e7e Kad\u0131n Basketbol Tak\u0131m\u0131m\u0131z, Kad\u0131nlar Basketbol S\u00fcper Ligi Nilay Aydo\u011fan Sezonu 20. hafta ma\u00e7\u0131nda sahas\u0131nda kar\u015f\u0131la\u015ft\u0131\u011f\u0131 Nesibe Ayd\u0131n GSK\u2019y\u0131 82-81 ma\u011flup etti.","format":"standard","video":"","gallery":"","source_name":"","source_url":"","via_name":"","via_url":"","override_template":"0","override":[{"template":"1","single_blog_custom":"","parallax":"1","fullscreen":"1","layout":"right-sidebar","sidebar":"mysidebar","second_sidebar":"default-sidebar","sticky_sidebar":"1","share_position":"float","share_float_style":"share-normal","show_share_counter":"1","show_view_counter":"1","show_featured":"1","show_post_meta":"1","show_post_author":"0","show_post_author_image":"1","show_post_date":"1","post_date_format":"default","post_date_format_custom":"Y\/m\/d","show_post_category":"0","show_post_reading_time":"0","post_reading_time_wpm":"300","show_zoom_button":"0","zoom_button_out_step":"2","zoom_button_in_step":"3","show_post_tag":"0","show_prev_next_post":"1","show_popup_post":"0","number_popup_post":"3","show_author_box":"0","show_post_related":"0","show_inline_post_related":"0"}],"override_image_size":"0","image_override":[{"single_post_thumbnail_size":"crop-500","single_post_gallery_size":"crop-500"}],"trending_post":"0","trending_post_position":"meta","trending_post_label":"Trending","sponsored_post":"0","sponsored_post_label":"Sponsored by","sponsored_post_name":"","sponsored_post_url":"","sponsored_post_logo_enable":"0","sponsored_post_logo":"","sponsored_post_desc":"","disable_ad":"0"},"jnews_primary_category":{"id":"5","hide":""},"jnews_social_meta":{"fb_title":"","fb_description":"","fb_image":"","twitter_title":"","twitter_description":"","twitter_image":""},"jnews_override_counter":{"override_view_counter":"0","view_counter_number":"0","override_share_counter":"0","share_counter_number":"0","override_like_counter":"0","like_counter_number":"0","override_dislike_counter":"0","dislike_counter_number":"0"},"footnotes":""},"categories":[5,6,2],"tags":[24,23],"class_list":["post-20172","post","type-post","status-publish","format-standard","has-post-thumbnail","hentry","category-basketbol","category-erkek-basketbol","category-haberler","tag-basketbol","tag-fenerbahce"],"amp_enabled":true,"_links":{"self":[{"href":"https:\/\/www.fener.org\/index.php\/wp-json\/wp\/v2\/posts\/20172","targetHints":{"allow":["GET"]}}],"collection":[{"href":"https:\/\/www.fener.org\/index.php\/wp-json\/wp\/v2\/posts"}],"about":[{"href":"https:\/\/www.fener.org\/index.php\/wp-json\/wp\/v2\/types\/post"}],"author":[{"embeddable":true,"href":"https:\/\/www.fener.org\/index.php\/wp-json\/wp\/v2\/users\/1"}],"replies":[{"embeddable":true,"href":"https:\/\/www.fener.org\/index.php\/wp-json\/wp\/v2\/comments?post=20172"}],"version-history":[{"count":1,"href":"https:\/\/www.fener.org\/index.php\/wp-json\/wp\/v2\/posts\/20172\/revisions"}],"predecessor-version":[{"id":20174,"href":"https:\/\/www.fener.org\/index.php\/wp-json\/wp\/v2\/posts\/20172\/revisions\/20174"}],"wp:featuredmedia":[{"embeddable":true,"href":"https:\/\/www.fener.org\/index.php\/wp-json\/wp\/v2\/media\/20173"}],"wp:attachment":[{"href":"https:\/\/www.fener.org\/index.php\/wp-json\/wp\/v2\/media?parent=20172"}],"wp:term":[{"taxonomy":"category","embeddable":true,"href":"https:\/\/www.fener.org\/index.php\/wp-json\/wp\/v2\/categories?post=20172"},{"taxonomy":"post_tag","embeddable":true,"href":"https:\/\/www.fener.org\/index.php\/wp-json\/wp\/v2\/tags?post=20172"}],"curies":[{"name":"wp","href":"https:\/\/api.w.org\/{rel}","templated":true}]}}