{"id":20162,"date":"2023-03-05T20:36:56","date_gmt":"2023-03-05T17:36:56","guid":{"rendered":"https:\/\/www.fener.org\/?p=20162"},"modified":"2023-03-05T20:37:01","modified_gmt":"2023-03-05T17:37:01","slug":"ankara-buyuksehir-belediyesi-fomget-1-0-fenerbahce-petrol-ofisi","status":"publish","type":"post","link":"https:\/\/www.fener.org\/index.php\/2023\/03\/05\/ankara-buyuksehir-belediyesi-fomget-1-0-fenerbahce-petrol-ofisi\/","title":{"rendered":"Ankara B\u00fcy\u00fck\u015fehir Belediyesi Fomget 1-0 Fenerbah\u00e7e Petrol Ofisi"},"content":{"rendered":"\n<p>Fenerbah\u00e7e Petrol Ofisi Kad\u0131n Futbol Tak\u0131m\u0131m\u0131z, Turkcell Kad\u0131n Futbol S\u00fcper Ligi\u2019nin 16. hafta m\u00fccadelesinde Ankara B\u00fcy\u00fck\u015fehir Belediyesi Fomget\u2019e konuk oldu. Tak\u0131m\u0131m\u0131z m\u00fccadeleden 1-0 ma\u011flup ayr\u0131ld\u0131.<br><br>Her iki tak\u0131m oyuncular\u0131 da sahaya ya\u015fanan deprem felaketi nedeniyle \u2018<em>Ac\u0131m\u0131z\u0131n Tarifi Yok \u00dclkemizin Ba\u015f\u0131 Sa\u011f Olsun<\/em>\u2019 pankart\u0131yla \u00e7\u0131kt\u0131.<br><br>T\u00fcrkiye&#8217;yi yasan bo\u011fan depremde hayat\u0131n\u0131 kaybedenler i\u00e7in kar\u015f\u0131la\u015fma \u00f6ncesinde 1 dakikal\u0131k sayg\u0131 duru\u015funda bulunuldu.<br><br>Ankara Osmanl\u0131 Stad\u0131\u2019nda oynanan ma\u00e7a tak\u0131m\u0131m\u0131z; G\u00f6knur, Cansu K., Ya\u015fam, Cansu G., Meryem, Ecem, Faustina, Alice, Marcano, Coleman, Busem on biri ile ba\u015flad\u0131.<br><br>Fenerbah\u00e7e Petrol Ofisi Kad\u0131n Futbol Tak\u0131m\u0131m\u0131z, ligin 17. haftas\u0131nda 12 Mart Pazar g\u00fcn\u00fc saat 14.00\u2019da Amed Sportif Faaliyetler ile Beylerbeyi 75. Y\u0131l Stadyumu\u2019nda kar\u015f\u0131la\u015facak.<\/p>\n","protected":false},"excerpt":{"rendered":"<p>Fenerbah\u00e7e Petrol Ofisi Kad\u0131n Futbol Tak\u0131m\u0131m\u0131z, Turkcell Kad\u0131n Futbol S\u00fcper Ligi\u2019nin 16. hafta m\u00fccadelesinde Ankara B\u00fcy\u00fck\u015fehir Belediyesi Fomget\u2019e konuk oldu. Tak\u0131m\u0131m\u0131z m\u00fccadeleden 1-0 ma\u011flup ayr\u0131ld\u0131. Her iki tak\u0131m oyuncular\u0131 da sahaya ya\u015fanan deprem felaketi nedeniyle \u2018Ac\u0131m\u0131z\u0131n Tarifi Yok \u00dclkemizin Ba\u015f\u0131 Sa\u011f Olsun\u2019 pankart\u0131yla \u00e7\u0131kt\u0131. T\u00fcrkiye&#8217;yi yasan bo\u011fan depremde hayat\u0131n\u0131 kaybedenler i\u00e7in kar\u015f\u0131la\u015fma \u00f6ncesinde 1 dakikal\u0131k [&hellip;]<\/p>\n","protected":false},"author":1,"featured_media":20163,"comment_status":"closed","ping_status":"closed","sticky":false,"template":"","format":"standard","meta":{"jnews-multi-image_gallery":[],"jnews_single_post":{"subtitle":"Fenerbah\u00e7e Kad\u0131n Futbol Tak\u0131m\u0131m\u0131z, Kad\u0131n Futbol S\u00fcper Ligi\u2019nin 16. hafta m\u00fccadelesinde deplasmanda kar\u015f\u0131la\u015ft\u0131\u011f\u0131 Ankara B\u00fcy\u00fck\u015fehir Belediyesi'ni 1-0 ma\u011flup etti.","format":"standard","video":"","gallery":"","source_name":"","source_url":"","via_name":"","via_url":"","override_template":"0","override":[{"template":"1","single_blog_custom":"","parallax":"1","fullscreen":"1","layout":"right-sidebar","sidebar":"mysidebar","second_sidebar":"default-sidebar","sticky_sidebar":"1","share_position":"float","share_float_style":"share-normal","show_share_counter":"1","show_view_counter":"1","show_featured":"1","show_post_meta":"1","show_post_author":"0","show_post_author_image":"1","show_post_date":"1","post_date_format":"default","post_date_format_custom":"Y\/m\/d","show_post_category":"0","show_post_reading_time":"0","post_reading_time_wpm":"300","show_zoom_button":"0","zoom_button_out_step":"2","zoom_button_in_step":"3","show_post_tag":"0","show_prev_next_post":"1","show_popup_post":"0","number_popup_post":"3","show_author_box":"0","show_post_related":"0","show_inline_post_related":"0"}],"override_image_size":"0","image_override":[{"single_post_thumbnail_size":"crop-500","single_post_gallery_size":"crop-500"}],"trending_post":"0","trending_post_position":"meta","trending_post_label":"Trending","sponsored_post":"0","sponsored_post_label":"Sponsored by","sponsored_post_name":"","sponsored_post_url":"","sponsored_post_logo_enable":"0","sponsored_post_logo":"","sponsored_post_desc":"","disable_ad":"0"},"jnews_primary_category":{"id":"4","hide":""},"jnews_social_meta":{"fb_title":"","fb_description":"","fb_image":"","twitter_title":"","twitter_description":"","twitter_image":""},"jnews_override_counter":{"override_view_counter":"0","view_counter_number":"0","override_share_counter":"0","share_counter_number":"0","override_like_counter":"0","like_counter_number":"0","override_dislike_counter":"0","dislike_counter_number":"0"},"footnotes":""},"categories":[4,2,191],"tags":[23,192],"class_list":["post-20162","post","type-post","status-publish","format-standard","has-post-thumbnail","hentry","category-futbol","category-haberler","category-kadin-futbol","tag-fenerbahce","tag-kadinfutbol"],"amp_enabled":true,"_links":{"self":[{"href":"https:\/\/www.fener.org\/index.php\/wp-json\/wp\/v2\/posts\/20162","targetHints":{"allow":["GET"]}}],"collection":[{"href":"https:\/\/www.fener.org\/index.php\/wp-json\/wp\/v2\/posts"}],"about":[{"href":"https:\/\/www.fener.org\/index.php\/wp-json\/wp\/v2\/types\/post"}],"author":[{"embeddable":true,"href":"https:\/\/www.fener.org\/index.php\/wp-json\/wp\/v2\/users\/1"}],"replies":[{"embeddable":true,"href":"https:\/\/www.fener.org\/index.php\/wp-json\/wp\/v2\/comments?post=20162"}],"version-history":[{"count":1,"href":"https:\/\/www.fener.org\/index.php\/wp-json\/wp\/v2\/posts\/20162\/revisions"}],"predecessor-version":[{"id":20164,"href":"https:\/\/www.fener.org\/index.php\/wp-json\/wp\/v2\/posts\/20162\/revisions\/20164"}],"wp:featuredmedia":[{"embeddable":true,"href":"https:\/\/www.fener.org\/index.php\/wp-json\/wp\/v2\/media\/20163"}],"wp:attachment":[{"href":"https:\/\/www.fener.org\/index.php\/wp-json\/wp\/v2\/media?parent=20162"}],"wp:term":[{"taxonomy":"category","embeddable":true,"href":"https:\/\/www.fener.org\/index.php\/wp-json\/wp\/v2\/categories?post=20162"},{"taxonomy":"post_tag","embeddable":true,"href":"https:\/\/www.fener.org\/index.php\/wp-json\/wp\/v2\/tags?post=20162"}],"curies":[{"name":"wp","href":"https:\/\/api.w.org\/{rel}","templated":true}]}}