{"id":20150,"date":"2023-03-04T21:22:31","date_gmt":"2023-03-04T18:22:31","guid":{"rendered":"https:\/\/www.fener.org\/?p=20150"},"modified":"2023-03-04T21:22:35","modified_gmt":"2023-03-04T18:22:35","slug":"futbol-akademi-takimlarimizin-mac-sonuclari-u17-u16","status":"publish","type":"post","link":"https:\/\/www.fener.org\/index.php\/2023\/03\/04\/futbol-akademi-takimlarimizin-mac-sonuclari-u17-u16\/","title":{"rendered":"Futbol Akademi Tak\u0131mlar\u0131m\u0131z\u0131n ma\u00e7 sonu\u00e7lar\u0131 (U17-U16)"},"content":{"rendered":"\n<p>Fenerbah\u00e7emiz, U17 Elit A Ligi 17. hafta ma\u00e7\u0131nda deplasmanda Antalyaspor\u2019u 3-0 yendi. Gollerimizi 25. dakikada Yasir Boz, 43. dakikada G\u00f6rkem \u0130brahim Demirel ve 77. dakikada Yi\u011fit Emir Ekiz kaydetti. Bu galibiyetle puan\u0131n\u0131 41\u2019e y\u00fckselten U17 Tak\u0131m\u0131m\u0131z zirve takibini s\u00fcrd\u00fcrd\u00fc.<\/p>\n\n\n\n<p>Fenerbah\u00e7emiz, U16 Geli\u015fim Ligi 15. hafta ma\u00e7\u0131nda deplasmanda D\u00fcze Cam D\u00fczcespor\u2019u 5-1 yendi. Gollerimizi 45+3. dakikada Robert Atsup 55. dakikada R\u0131dvan Arda \u015eahin, 60. dakikada Haydar Karata\u015f ve 70. 71. dakikalarda Mert Hac\u0131ahmet kaydetti. Bu galibiyetle puan\u0131n\u0131 42\u2019e y\u00fckselten U16 Tak\u0131m\u0131m\u0131z, zirve takibini s\u00fcrd\u00fcrd\u00fc.<\/p>\n","protected":false},"excerpt":{"rendered":"<p>Fenerbah\u00e7emiz, U17 Elit A Ligi 17. hafta ma\u00e7\u0131nda deplasmanda Antalyaspor\u2019u 3-0 yendi. Gollerimizi 25. dakikada Yasir Boz, 43. dakikada G\u00f6rkem \u0130brahim Demirel ve 77. dakikada Yi\u011fit Emir Ekiz kaydetti. Bu galibiyetle puan\u0131n\u0131 41\u2019e y\u00fckselten U17 Tak\u0131m\u0131m\u0131z zirve takibini s\u00fcrd\u00fcrd\u00fc. Fenerbah\u00e7emiz, U16 Geli\u015fim Ligi 15. hafta ma\u00e7\u0131nda deplasmanda D\u00fcze Cam D\u00fczcespor\u2019u 5-1 yendi. Gollerimizi 45+3. dakikada [&hellip;]<\/p>\n","protected":false},"author":1,"featured_media":1278,"comment_status":"closed","ping_status":"closed","sticky":false,"template":"","format":"standard","meta":{"jnews-multi-image_gallery":[],"jnews_single_post":{"subtitle":"","format":"standard","video":"","gallery":"","source_name":"","source_url":"","via_name":"","via_url":"","override_template":"0","override":[{"template":"1","single_blog_custom":"","parallax":"1","fullscreen":"1","layout":"right-sidebar","sidebar":"mysidebar","second_sidebar":"default-sidebar","sticky_sidebar":"1","share_position":"float","share_float_style":"share-normal","show_share_counter":"1","show_view_counter":"1","show_featured":"1","show_post_meta":"1","show_post_author":"0","show_post_author_image":"1","show_post_date":"1","post_date_format":"default","post_date_format_custom":"Y\/m\/d","show_post_category":"0","show_post_reading_time":"0","post_reading_time_wpm":"300","show_zoom_button":"0","zoom_button_out_step":"2","zoom_button_in_step":"3","show_post_tag":"0","show_prev_next_post":"1","show_popup_post":"0","number_popup_post":"3","show_author_box":"0","show_post_related":"0","show_inline_post_related":"0"}],"override_image_size":"0","image_override":[{"single_post_thumbnail_size":"crop-500","single_post_gallery_size":"crop-500"}],"trending_post":"0","trending_post_position":"meta","trending_post_label":"Trending","sponsored_post":"0","sponsored_post_label":"Sponsored by","sponsored_post_name":"","sponsored_post_url":"","sponsored_post_logo_enable":"0","sponsored_post_logo":"","sponsored_post_desc":"","disable_ad":"0"},"jnews_primary_category":{"id":"4","hide":""},"jnews_social_meta":{"fb_title":"","fb_description":"","fb_image":"","twitter_title":"","twitter_description":"","twitter_image":""},"jnews_override_counter":{"override_view_counter":"0","view_counter_number":"0","override_share_counter":"0","share_counter_number":"0","override_like_counter":"0","like_counter_number":"0","override_dislike_counter":"0","dislike_counter_number":"0"},"footnotes":""},"categories":[4,17,2],"tags":[23,54],"class_list":["post-20150","post","type-post","status-publish","format-standard","has-post-thumbnail","hentry","category-futbol","category-futbol-altyapi","category-haberler","tag-fenerbahce","tag-futbol"],"amp_enabled":true,"_links":{"self":[{"href":"https:\/\/www.fener.org\/index.php\/wp-json\/wp\/v2\/posts\/20150","targetHints":{"allow":["GET"]}}],"collection":[{"href":"https:\/\/www.fener.org\/index.php\/wp-json\/wp\/v2\/posts"}],"about":[{"href":"https:\/\/www.fener.org\/index.php\/wp-json\/wp\/v2\/types\/post"}],"author":[{"embeddable":true,"href":"https:\/\/www.fener.org\/index.php\/wp-json\/wp\/v2\/users\/1"}],"replies":[{"embeddable":true,"href":"https:\/\/www.fener.org\/index.php\/wp-json\/wp\/v2\/comments?post=20150"}],"version-history":[{"count":1,"href":"https:\/\/www.fener.org\/index.php\/wp-json\/wp\/v2\/posts\/20150\/revisions"}],"predecessor-version":[{"id":20151,"href":"https:\/\/www.fener.org\/index.php\/wp-json\/wp\/v2\/posts\/20150\/revisions\/20151"}],"wp:featuredmedia":[{"embeddable":true,"href":"https:\/\/www.fener.org\/index.php\/wp-json\/wp\/v2\/media\/1278"}],"wp:attachment":[{"href":"https:\/\/www.fener.org\/index.php\/wp-json\/wp\/v2\/media?parent=20150"}],"wp:term":[{"taxonomy":"category","embeddable":true,"href":"https:\/\/www.fener.org\/index.php\/wp-json\/wp\/v2\/categories?post=20150"},{"taxonomy":"post_tag","embeddable":true,"href":"https:\/\/www.fener.org\/index.php\/wp-json\/wp\/v2\/tags?post=20150"}],"curies":[{"name":"wp","href":"https:\/\/api.w.org\/{rel}","templated":true}]}}