{"id":20106,"date":"2023-03-02T22:17:28","date_gmt":"2023-03-02T19:17:28","guid":{"rendered":"https:\/\/www.fener.org\/?p=20106"},"modified":"2023-03-02T22:17:33","modified_gmt":"2023-03-02T19:17:33","slug":"fenerbahce-beko-virtus-bolognayi-konuk-ediyor","status":"publish","type":"post","link":"https:\/\/www.fener.org\/index.php\/2023\/03\/02\/fenerbahce-beko-virtus-bolognayi-konuk-ediyor\/","title":{"rendered":"Fenerbah\u00e7e Beko, Virtus Bologna\u2019y\u0131 konuk ediyor"},"content":{"rendered":"\n<p>Fenerbah\u00e7e Beko Erkek Basketbol Tak\u0131m\u0131m\u0131z, Turkish Airlines EuroLeague 2022-23 sezonu 26. hafta ma\u00e7\u0131nda Virtus Bologna\u2019y\u0131 konuk ediyor. Yar\u0131n (3 Mart Cuma g\u00fcn\u00fc) saat 20.45\u2019te \u00dclker Spor ve Etkinlik Salonu\u2019nda oynanacak m\u00fccadele S Sport taraf\u0131ndan canl\u0131 yay\u0131nlanacak. Kar\u015f\u0131la\u015fmay\u0131 Ilija Belosevic (S\u0131rbistan), Saso Petek (Slovenya), Rain Peerandi (Estonya) hakem \u00fc\u00e7l\u00fcs\u00fc y\u00f6netecek.<\/p>\n\n\n\n<p>Tak\u0131m\u0131m\u0131z, Turkish Airlines EuroLeague\u2019de son olarak 25. hafta m\u00fccadelesinde 23 \u015eubat Per\u015fembe g\u00fcn\u00fc Partizan\u2019a konuk oldu. Fenerbah\u00e7e Beko, rakibini 94-97 ile ge\u00e7erek 15. galibiyetini ald\u0131. Fenerbah\u00e7e Beko\u2019nun EuroLeague\u2019de bir ma\u00e7 eksi\u011fi bulunuyor.<\/p>\n\n\n\n<p>Fenerbah\u00e7e Beko, T\u00fcrkiye Sigorta Basketbol S\u00fcper Ligi\u2019ndeki son m\u00fccadelesinde 5 \u015eubat Pazar g\u00fcn\u00fc Ayos Konyaspor\u2019a konuk oldu. Tak\u0131m\u0131m\u0131z, rakibini 61-62 ile ge\u00e7erek 18. ma\u00e7\u0131nda 16. galibiyetini elde etti.<\/p>\n\n\n\n<p>Fenerbah\u00e7e Beko\u2019da sakatl\u0131k sorunu ya\u015fayan oyuncu bulunmuyor. 12 ki\u015filik ma\u00e7 kadromuza teknik ekibimiz taraf\u0131ndan karar verilecek.<\/p>\n\n\n\n<p>Sergio Scariolo taraf\u0131ndan \u00e7al\u0131\u015ft\u0131r\u0131lan Virtus Bologna, bu sezon EuroLeague\u2019de oynad\u0131\u011f\u0131 25 ma\u00e7ta 12 galibiyet ald\u0131. Rakibimiz, son olarak 24 \u015eubat Cuma g\u00fcn\u00fc konuk etti\u011fi Cazoo Baskonia\u2019y\u0131 88-83 ma\u011flup etti.<\/p>\n\n\n\n<p>Rakibimiz, 19 haftas\u0131 geride kalan \u0130talya Ligi\u2019nde 15 galibiyet ve d\u00f6rt yenilgiyle ikinci s\u0131rada yer al\u0131yor. Virtus, son olarak 12 \u015eubat Pazar g\u00fcn\u00fc konuk oldu\u011fu Unahotels Reggio Emilia\u2019y\u0131 63-74 ile ge\u00e7ti.<\/p>\n\n\n\n<p>\u0130ki tak\u0131m aras\u0131nda 30 Aral\u0131k Cuma g\u00fcn\u00fc \u0130talya\u2019da oynanan 2022-23 sezonu 16. hafta kar\u015f\u0131la\u015fmas\u0131n\u0131 Virtus Segafredo Bologna 92-88 kazand\u0131.<\/p>\n","protected":false},"excerpt":{"rendered":"<p>Fenerbah\u00e7e Beko Erkek Basketbol Tak\u0131m\u0131m\u0131z, Turkish Airlines EuroLeague 2022-23 sezonu 26. hafta ma\u00e7\u0131nda Virtus Bologna\u2019y\u0131 konuk ediyor. Yar\u0131n (3 Mart Cuma g\u00fcn\u00fc) saat 20.45\u2019te \u00dclker Spor ve Etkinlik Salonu\u2019nda oynanacak m\u00fccadele S Sport taraf\u0131ndan canl\u0131 yay\u0131nlanacak. Kar\u015f\u0131la\u015fmay\u0131 Ilija Belosevic (S\u0131rbistan), Saso Petek (Slovenya), Rain Peerandi (Estonya) hakem \u00fc\u00e7l\u00fcs\u00fc y\u00f6netecek. Tak\u0131m\u0131m\u0131z, Turkish Airlines EuroLeague\u2019de son olarak [&hellip;]<\/p>\n","protected":false},"author":1,"featured_media":20051,"comment_status":"closed","ping_status":"closed","sticky":false,"template":"","format":"standard","meta":{"jnews-multi-image_gallery":[],"jnews_single_post":{"subtitle":"Fenerbah\u00e7e Erkek Basketbol Tak\u0131m\u0131m\u0131z, EuroLeague 26. hafta ma\u00e7\u0131nda sahas\u0131nda Virtus Bologna ile m\u00fccadele edecek.","format":"standard","video":"","gallery":"","source_name":"","source_url":"","via_name":"","via_url":"","override_template":"0","override":[{"template":"1","single_blog_custom":"","parallax":"1","fullscreen":"1","layout":"right-sidebar","sidebar":"mysidebar","second_sidebar":"default-sidebar","sticky_sidebar":"1","share_position":"float","share_float_style":"share-normal","show_share_counter":"1","show_view_counter":"1","show_featured":"1","show_post_meta":"1","show_post_author":"0","show_post_author_image":"1","show_post_date":"1","post_date_format":"default","post_date_format_custom":"Y\/m\/d","show_post_category":"0","show_post_reading_time":"0","post_reading_time_wpm":"300","show_zoom_button":"0","zoom_button_out_step":"2","zoom_button_in_step":"3","show_post_tag":"0","show_prev_next_post":"1","show_popup_post":"0","number_popup_post":"3","show_author_box":"0","show_post_related":"0","show_inline_post_related":"0"}],"override_image_size":"0","image_override":[{"single_post_thumbnail_size":"crop-500","single_post_gallery_size":"crop-500"}],"trending_post":"0","trending_post_position":"meta","trending_post_label":"Trending","sponsored_post":"0","sponsored_post_label":"Sponsored by","sponsored_post_name":"","sponsored_post_url":"","sponsored_post_logo_enable":"0","sponsored_post_logo":"","sponsored_post_desc":"","disable_ad":"0"},"jnews_primary_category":{"id":"5","hide":""},"jnews_social_meta":{"fb_title":"","fb_description":"","fb_image":"","twitter_title":"","twitter_description":"","twitter_image":""},"jnews_override_counter":{"override_view_counter":"0","view_counter_number":"0","override_share_counter":"0","share_counter_number":"0","override_like_counter":"0","like_counter_number":"0","override_dislike_counter":"0","dislike_counter_number":"0"},"footnotes":""},"categories":[5,6,2],"tags":[24,23],"class_list":["post-20106","post","type-post","status-publish","format-standard","has-post-thumbnail","hentry","category-basketbol","category-erkek-basketbol","category-haberler","tag-basketbol","tag-fenerbahce"],"amp_enabled":true,"_links":{"self":[{"href":"https:\/\/www.fener.org\/index.php\/wp-json\/wp\/v2\/posts\/20106","targetHints":{"allow":["GET"]}}],"collection":[{"href":"https:\/\/www.fener.org\/index.php\/wp-json\/wp\/v2\/posts"}],"about":[{"href":"https:\/\/www.fener.org\/index.php\/wp-json\/wp\/v2\/types\/post"}],"author":[{"embeddable":true,"href":"https:\/\/www.fener.org\/index.php\/wp-json\/wp\/v2\/users\/1"}],"replies":[{"embeddable":true,"href":"https:\/\/www.fener.org\/index.php\/wp-json\/wp\/v2\/comments?post=20106"}],"version-history":[{"count":1,"href":"https:\/\/www.fener.org\/index.php\/wp-json\/wp\/v2\/posts\/20106\/revisions"}],"predecessor-version":[{"id":20107,"href":"https:\/\/www.fener.org\/index.php\/wp-json\/wp\/v2\/posts\/20106\/revisions\/20107"}],"wp:featuredmedia":[{"embeddable":true,"href":"https:\/\/www.fener.org\/index.php\/wp-json\/wp\/v2\/media\/20051"}],"wp:attachment":[{"href":"https:\/\/www.fener.org\/index.php\/wp-json\/wp\/v2\/media?parent=20106"}],"wp:term":[{"taxonomy":"category","embeddable":true,"href":"https:\/\/www.fener.org\/index.php\/wp-json\/wp\/v2\/categories?post=20106"},{"taxonomy":"post_tag","embeddable":true,"href":"https:\/\/www.fener.org\/index.php\/wp-json\/wp\/v2\/tags?post=20106"}],"curies":[{"name":"wp","href":"https:\/\/api.w.org\/{rel}","templated":true}]}}