{"id":20094,"date":"2023-03-01T23:51:03","date_gmt":"2023-03-01T20:51:03","guid":{"rendered":"https:\/\/www.fener.org\/?p=20094"},"modified":"2023-03-01T23:51:06","modified_gmt":"2023-03-01T20:51:06","slug":"fenerbahce-opet-chemik-police-ile-karsilasiyor-2","status":"publish","type":"post","link":"https:\/\/www.fener.org\/index.php\/2023\/03\/01\/fenerbahce-opet-chemik-police-ile-karsilasiyor-2\/","title":{"rendered":"Fenerbah\u00e7e Opet, Chemik Police ile kar\u015f\u0131la\u015f\u0131yor"},"content":{"rendered":"\n<p>CEV \u015eampiyonlar Ligi\u2019nde m\u00fccadele eden Fenerbah\u00e7e Opet Kad\u0131n Voleybol Tak\u0131m\u0131m\u0131z, play-off turunda r\u00f6van\u015f ma\u00e7\u0131na \u00e7\u0131k\u0131yor. Deplasmanda oynad\u0131\u011f\u0131 turun ilk ma\u00e7\u0131n\u0131 3-2 kazanan Sar\u0131 Melekler, r\u00f6van\u015f ma\u00e7\u0131n\u0131 da kazanarak ad\u0131n\u0131 \u00e7eyrek finale yazd\u0131rmak istiyor.<\/p>\n\n\n\n<p>Yar\u0131n (2 Mart Per\u015fembe g\u00fcn\u00fc) Fenerbah\u00e7e Opet Kad\u0131n Voleybol Tak\u0131m\u0131m\u0131z ile Polonya temsilcisi Grupa Azoty Chemik Police aras\u0131nda Burhan Felek Vestel Voleybol Salonu\u2019nda oynanacak CEV \u015eampiyonlar Ligi Play-off turu r\u00f6van\u015f ma\u00e7\u0131n\u0131n ba\u015flama saati 18.30. M\u00fcsabaka T\u0130V\u0130BU Spor\u2019dan canl\u0131 yay\u0131nlanacak.<\/p>\n\n\n\n<p>Fenerbah\u00e7e Opet Kad\u0131n Voleybol Tak\u0131m\u0131m\u0131z, play-off turundaki rakibi Grupa Azoty Chemik Police\u2019yi saf d\u0131\u015f\u0131 b\u0131rakmas\u0131 halinde A grubunu ilk s\u0131rada tamamlayarak do\u011frudan \u00e7eyrek finale y\u00fckselen \u0130talyan ekibi A. Carraro Imoco Conegliano ile kar\u015f\u0131la\u015facak.<\/p>\n","protected":false},"excerpt":{"rendered":"<p>CEV \u015eampiyonlar Ligi\u2019nde m\u00fccadele eden Fenerbah\u00e7e Opet Kad\u0131n Voleybol Tak\u0131m\u0131m\u0131z, play-off turunda r\u00f6van\u015f ma\u00e7\u0131na \u00e7\u0131k\u0131yor. Deplasmanda oynad\u0131\u011f\u0131 turun ilk ma\u00e7\u0131n\u0131 3-2 kazanan Sar\u0131 Melekler, r\u00f6van\u015f ma\u00e7\u0131n\u0131 da kazanarak ad\u0131n\u0131 \u00e7eyrek finale yazd\u0131rmak istiyor. Yar\u0131n (2 Mart Per\u015fembe g\u00fcn\u00fc) Fenerbah\u00e7e Opet Kad\u0131n Voleybol Tak\u0131m\u0131m\u0131z ile Polonya temsilcisi Grupa Azoty Chemik Police aras\u0131nda Burhan Felek Vestel Voleybol [&hellip;]<\/p>\n","protected":false},"author":1,"featured_media":20095,"comment_status":"closed","ping_status":"closed","sticky":false,"template":"","format":"standard","meta":{"jnews-multi-image_gallery":[],"jnews_single_post":{"subtitle":"Fenerbah\u00e7e Kad\u0131n Voleybol Tak\u0131m\u0131m\u0131z, CEV \u015eampiyonlar Ligi\u2019nde play-off turu r\u00f6van\u015f ma\u00e7\u0131nda Chemik Police'i konuk ediyor.","format":"standard","video":"","gallery":"","source_name":"","source_url":"","via_name":"","via_url":"","override_template":"0","override":[{"template":"1","single_blog_custom":"","parallax":"1","fullscreen":"1","layout":"right-sidebar","sidebar":"mysidebar","second_sidebar":"default-sidebar","sticky_sidebar":"1","share_position":"float","share_float_style":"share-normal","show_share_counter":"1","show_view_counter":"1","show_featured":"1","show_post_meta":"1","show_post_author":"0","show_post_author_image":"1","show_post_date":"1","post_date_format":"default","post_date_format_custom":"Y\/m\/d","show_post_category":"0","show_post_reading_time":"0","post_reading_time_wpm":"300","show_zoom_button":"0","zoom_button_out_step":"2","zoom_button_in_step":"3","show_post_tag":"0","show_prev_next_post":"1","show_popup_post":"0","number_popup_post":"3","show_author_box":"0","show_post_related":"0","show_inline_post_related":"0"}],"override_image_size":"0","image_override":[{"single_post_thumbnail_size":"crop-500","single_post_gallery_size":"crop-500"}],"trending_post":"0","trending_post_position":"meta","trending_post_label":"Trending","sponsored_post":"0","sponsored_post_label":"Sponsored by","sponsored_post_name":"","sponsored_post_url":"","sponsored_post_logo_enable":"0","sponsored_post_logo":"","sponsored_post_desc":"","disable_ad":"0"},"jnews_primary_category":{"id":"8","hide":""},"jnews_social_meta":{"fb_title":"","fb_description":"","fb_image":"","twitter_title":"","twitter_description":"","twitter_image":""},"jnews_override_counter":{"override_view_counter":"0","view_counter_number":"0","override_share_counter":"0","share_counter_number":"0","override_like_counter":"0","like_counter_number":"0","override_dislike_counter":"0","dislike_counter_number":"0"},"footnotes":""},"categories":[2,10,8],"tags":[23,29],"class_list":["post-20094","post","type-post","status-publish","format-standard","has-post-thumbnail","hentry","category-haberler","category-kadin-voleybol","category-voleybol","tag-fenerbahce","tag-voleybol"],"amp_enabled":true,"_links":{"self":[{"href":"https:\/\/www.fener.org\/index.php\/wp-json\/wp\/v2\/posts\/20094","targetHints":{"allow":["GET"]}}],"collection":[{"href":"https:\/\/www.fener.org\/index.php\/wp-json\/wp\/v2\/posts"}],"about":[{"href":"https:\/\/www.fener.org\/index.php\/wp-json\/wp\/v2\/types\/post"}],"author":[{"embeddable":true,"href":"https:\/\/www.fener.org\/index.php\/wp-json\/wp\/v2\/users\/1"}],"replies":[{"embeddable":true,"href":"https:\/\/www.fener.org\/index.php\/wp-json\/wp\/v2\/comments?post=20094"}],"version-history":[{"count":2,"href":"https:\/\/www.fener.org\/index.php\/wp-json\/wp\/v2\/posts\/20094\/revisions"}],"predecessor-version":[{"id":20097,"href":"https:\/\/www.fener.org\/index.php\/wp-json\/wp\/v2\/posts\/20094\/revisions\/20097"}],"wp:featuredmedia":[{"embeddable":true,"href":"https:\/\/www.fener.org\/index.php\/wp-json\/wp\/v2\/media\/20095"}],"wp:attachment":[{"href":"https:\/\/www.fener.org\/index.php\/wp-json\/wp\/v2\/media?parent=20094"}],"wp:term":[{"taxonomy":"category","embeddable":true,"href":"https:\/\/www.fener.org\/index.php\/wp-json\/wp\/v2\/categories?post=20094"},{"taxonomy":"post_tag","embeddable":true,"href":"https:\/\/www.fener.org\/index.php\/wp-json\/wp\/v2\/tags?post=20094"}],"curies":[{"name":"wp","href":"https:\/\/api.w.org\/{rel}","templated":true}]}}