{"id":20037,"date":"2023-02-21T10:23:53","date_gmt":"2023-02-21T07:23:53","guid":{"rendered":"https:\/\/www.fener.org\/?p=20037"},"modified":"2023-02-21T10:24:16","modified_gmt":"2023-02-21T07:24:16","slug":"fenerbahce-opet-chemik-police-ile-karsilasiyor","status":"publish","type":"post","link":"https:\/\/www.fener.org\/index.php\/2023\/02\/21\/fenerbahce-opet-chemik-police-ile-karsilasiyor\/","title":{"rendered":"Fenerbah\u00e7e Opet, Chemik Police ile kar\u015f\u0131la\u015f\u0131yor"},"content":{"rendered":"\n<p>Avrupa voleybolunun kul\u00fcpler d\u00fczeyindeki en prestijli organizasyonu olan CEV \u015eampiyonlar Ligi\u2019nde m\u00fccadele eden ve grup a\u015famas\u0131n\u0131 ikinci s\u0131rada tamamlayarak ad\u0131n\u0131 Play-off turuna yazd\u0131ran Fenerbah\u00e7e Opet Kad\u0131n Voleybol Tak\u0131m\u0131m\u0131z, bu turdaki ilk ma\u00e7\u0131nda bug\u00fcn (21 \u015eubat Sal\u0131 g\u00fcn\u00fc) Polonya temsilcisi Grupa Azoty Chemik Police ile kar\u015f\u0131la\u015facak. Netto Arena Szczecin Hall\u2019da oynanacak ve saat 20.00\u2019da ba\u015flayacak m\u00fcsabaka T\u0130V\u0130BU Spor\u2019dan canl\u0131 yay\u0131nlanacak.<\/p>\n\n\n\n<p>\u015eampiyonlar Ligi maceras\u0131na grup a\u015famas\u0131nda ba\u015flayan ve Allianz MTV Stuttgart, \u0141KS Commercecon \u0141\u00d3D\u0179, Tenerife La Laguna tak\u0131mlar\u0131yla kar\u015f\u0131la\u015fan Fenerbah\u00e7emiz, grubunu 4 galibiyet, 2 ma\u011flubiyet sonunda toplad\u0131\u011f\u0131 13 puanla ikinci s\u0131rada tamamlayarak ad\u0131n\u0131 play-off turuna yazd\u0131rd\u0131.<\/p>\n\n\n\n<p>Grubundaki ilk ma\u00e7\u0131nda Tenerife La Laguna\u2019y\u0131 3-0\u2019la ge\u00e7en Tak\u0131m\u0131m\u0131z, ikinci ma\u00e7\u0131nda Allianz MTV Stuttgart\u2019a 3-2 kaybetti. Polonya deplasman\u0131nda \u0141KS Commercecon \u0141\u00d3D\u0179\u2019a da 3-1 ma\u011flup olan ve ikinci yenilgisini alan Fenerbah\u00e7e Opet Kad\u0131n Voleybol Tak\u0131m\u0131m\u0131z, grubunda geriye kalan 3 ma\u00e7\u0131 da kazand\u0131. Ekibimiz, Allianz MTV Stuttgart\u2019\u0131 3-1, Tenerife La Laguna\u2019y\u0131 3-0, \u0141KS Commercecon \u0141\u00d3D\u0179\u2019u da 3-0 ma\u011flup etti ve ikincilik koltu\u011funa oturdu.<\/p>\n\n\n\n<p>E grubunda m\u00fccadele eden rakibimiz Grupa Azoty Chemik Police ise 10 puanla grubunu ikinci s\u0131rada tamamlad\u0131. Eczac\u0131ba\u015f\u0131 Dynavit, C.S.M. Targoviste ve Maritza Plovdiv ile m\u00fccadele eden Chemik, 4 galibiyet, 2 ma\u011flubiyet ald\u0131.<\/p>\n","protected":false},"excerpt":{"rendered":"<p>Avrupa voleybolunun kul\u00fcpler d\u00fczeyindeki en prestijli organizasyonu olan CEV \u015eampiyonlar Ligi\u2019nde m\u00fccadele eden ve grup a\u015famas\u0131n\u0131 ikinci s\u0131rada tamamlayarak ad\u0131n\u0131 Play-off turuna yazd\u0131ran Fenerbah\u00e7e Opet Kad\u0131n Voleybol Tak\u0131m\u0131m\u0131z, bu turdaki ilk ma\u00e7\u0131nda bug\u00fcn (21 \u015eubat Sal\u0131 g\u00fcn\u00fc) Polonya temsilcisi Grupa Azoty Chemik Police ile kar\u015f\u0131la\u015facak. Netto Arena Szczecin Hall\u2019da oynanacak ve saat 20.00\u2019da ba\u015flayacak m\u00fcsabaka [&hellip;]<\/p>\n","protected":false},"author":1,"featured_media":20038,"comment_status":"closed","ping_status":"closed","sticky":false,"template":"","format":"standard","meta":{"jnews-multi-image_gallery":[],"jnews_single_post":{"subtitle":"Fenerbah\u00e7e Kad\u0131n Voleybol Tak\u0131m\u0131m\u0131z, CEV \u015eampiyonlar Ligi Play-off turu ilk ma\u00e7\u0131nda Grupa Azoty Chemik Police ile kar\u015f\u0131la\u015f\u0131yor.","format":"standard","video":"","gallery":"","source_name":"","source_url":"","via_name":"","via_url":"","override_template":"0","override":[{"template":"1","single_blog_custom":"","parallax":"1","fullscreen":"1","layout":"right-sidebar","sidebar":"mysidebar","second_sidebar":"default-sidebar","sticky_sidebar":"1","share_position":"float","share_float_style":"share-normal","show_share_counter":"1","show_view_counter":"1","show_featured":"1","show_post_meta":"1","show_post_author":"0","show_post_author_image":"1","show_post_date":"1","post_date_format":"default","post_date_format_custom":"Y\/m\/d","show_post_category":"0","show_post_reading_time":"0","post_reading_time_wpm":"300","show_zoom_button":"0","zoom_button_out_step":"2","zoom_button_in_step":"3","show_post_tag":"0","show_prev_next_post":"1","show_popup_post":"0","number_popup_post":"3","show_author_box":"0","show_post_related":"0","show_inline_post_related":"0"}],"override_image_size":"0","image_override":[{"single_post_thumbnail_size":"crop-500","single_post_gallery_size":"crop-500"}],"trending_post":"0","trending_post_position":"meta","trending_post_label":"Trending","sponsored_post":"0","sponsored_post_label":"Sponsored by","sponsored_post_name":"","sponsored_post_url":"","sponsored_post_logo_enable":"0","sponsored_post_logo":"","sponsored_post_desc":"","disable_ad":"0"},"jnews_primary_category":{"id":"8","hide":""},"jnews_social_meta":{"fb_title":"","fb_description":"","fb_image":"","twitter_title":"","twitter_description":"","twitter_image":""},"jnews_override_counter":{"override_view_counter":"0","view_counter_number":"0","override_share_counter":"0","share_counter_number":"0","override_like_counter":"0","like_counter_number":"0","override_dislike_counter":"0","dislike_counter_number":"0"},"footnotes":""},"categories":[2,10,8],"tags":[23,29],"class_list":["post-20037","post","type-post","status-publish","format-standard","has-post-thumbnail","hentry","category-haberler","category-kadin-voleybol","category-voleybol","tag-fenerbahce","tag-voleybol"],"amp_enabled":true,"_links":{"self":[{"href":"https:\/\/www.fener.org\/index.php\/wp-json\/wp\/v2\/posts\/20037","targetHints":{"allow":["GET"]}}],"collection":[{"href":"https:\/\/www.fener.org\/index.php\/wp-json\/wp\/v2\/posts"}],"about":[{"href":"https:\/\/www.fener.org\/index.php\/wp-json\/wp\/v2\/types\/post"}],"author":[{"embeddable":true,"href":"https:\/\/www.fener.org\/index.php\/wp-json\/wp\/v2\/users\/1"}],"replies":[{"embeddable":true,"href":"https:\/\/www.fener.org\/index.php\/wp-json\/wp\/v2\/comments?post=20037"}],"version-history":[{"count":1,"href":"https:\/\/www.fener.org\/index.php\/wp-json\/wp\/v2\/posts\/20037\/revisions"}],"predecessor-version":[{"id":20039,"href":"https:\/\/www.fener.org\/index.php\/wp-json\/wp\/v2\/posts\/20037\/revisions\/20039"}],"wp:featuredmedia":[{"embeddable":true,"href":"https:\/\/www.fener.org\/index.php\/wp-json\/wp\/v2\/media\/20038"}],"wp:attachment":[{"href":"https:\/\/www.fener.org\/index.php\/wp-json\/wp\/v2\/media?parent=20037"}],"wp:term":[{"taxonomy":"category","embeddable":true,"href":"https:\/\/www.fener.org\/index.php\/wp-json\/wp\/v2\/categories?post=20037"},{"taxonomy":"post_tag","embeddable":true,"href":"https:\/\/www.fener.org\/index.php\/wp-json\/wp\/v2\/tags?post=20037"}],"curies":[{"name":"wp","href":"https:\/\/api.w.org\/{rel}","templated":true}]}}