{"id":20022,"date":"2023-02-15T10:29:00","date_gmt":"2023-02-15T07:29:00","guid":{"rendered":"https:\/\/www.fener.org\/?p=20022"},"modified":"2023-02-15T17:36:55","modified_gmt":"2023-02-15T14:36:55","slug":"fenerbahce-opet-lks-commercecon-lodz-ile-karsilasiyor","status":"publish","type":"post","link":"https:\/\/www.fener.org\/index.php\/2023\/02\/15\/fenerbahce-opet-lks-commercecon-lodz-ile-karsilasiyor\/","title":{"rendered":"Fenerbah\u00e7e Opet, \u0141KS Commercecon \u0141\u00d3D\u0179 ile kar\u015f\u0131la\u015f\u0131yor"},"content":{"rendered":"\n<p>Fenerbah\u00e7e Opet Kad\u0131n Voleybol Tak\u0131m\u0131m\u0131z, CEV \u015eampiyonlar Ligi D Grubundaki son ma\u00e7\u0131nda \u0141KS Commercecon \u0141\u00d3D\u0179 ile kar\u015f\u0131la\u015facak.<\/p>\n\n\n\n<p>Ya\u015fad\u0131\u011f\u0131m\u0131z deprem felaketi nedeniyle \u00fclkemizdeki t\u00fcm ulusal ve uluslararas\u0131 spor faaliyetleri ikinci bir talimata kadar iptal edilirken, \u0141KS Commercecon \u0141\u00d3D\u0179 ile oynayaca\u011f\u0131m\u0131z kar\u015f\u0131la\u015fma bug\u00fcn (15 \u015eubat 2023 \u00c7ar\u015famba g\u00fcn\u00fc) saat 17.00\u2019de Max-Schmeling-Halle Berlin\u2019de oynanacak. Kar\u015f\u0131la\u015fma&nbsp;Tivibuspor&#8217;dan ekranlara gelecek.<\/p>\n\n\n\n<p>Tarafs\u0131z sahada oynanacak ma\u00e7a, g\u00fcvenlik gerek\u00e7esiyle taraftar al\u0131nmayaca\u011f\u0131 CEV taraf\u0131ndan kul\u00fcb\u00fcm\u00fcze bildirildi.<\/p>\n","protected":false},"excerpt":{"rendered":"<p>Fenerbah\u00e7e Opet Kad\u0131n Voleybol Tak\u0131m\u0131m\u0131z, CEV \u015eampiyonlar Ligi D Grubundaki son ma\u00e7\u0131nda \u0141KS Commercecon \u0141\u00d3D\u0179 ile kar\u015f\u0131la\u015facak. Ya\u015fad\u0131\u011f\u0131m\u0131z deprem felaketi nedeniyle \u00fclkemizdeki t\u00fcm ulusal ve uluslararas\u0131 spor faaliyetleri ikinci bir talimata kadar iptal edilirken, \u0141KS Commercecon \u0141\u00d3D\u0179 ile oynayaca\u011f\u0131m\u0131z kar\u015f\u0131la\u015fma bug\u00fcn (15 \u015eubat 2023 \u00c7ar\u015famba g\u00fcn\u00fc) saat 17.00\u2019de Max-Schmeling-Halle Berlin\u2019de oynanacak. Kar\u015f\u0131la\u015fma&nbsp;Tivibuspor&#8217;dan ekranlara gelecek. Tarafs\u0131z [&hellip;]<\/p>\n","protected":false},"author":1,"featured_media":19982,"comment_status":"closed","ping_status":"closed","sticky":false,"template":"","format":"standard","meta":{"jnews-multi-image_gallery":[],"jnews_single_post":{"subtitle":"Fenerbah\u00e7e Kad\u0131n Voleybol Tak\u0131m\u0131m\u0131z, CEV \u015eampiyonlar Ligi D Grubundaki son ma\u00e7\u0131nda \u0141KS Commercecon \u0141\u00d3D\u0179 ile m\u00fccadele ediyor.","format":"standard","video":"","gallery":"","source_name":"","source_url":"","via_name":"","via_url":"","override_template":"0","override":[{"template":"1","single_blog_custom":"","parallax":"1","fullscreen":"1","layout":"right-sidebar","sidebar":"mysidebar","second_sidebar":"default-sidebar","sticky_sidebar":"1","share_position":"float","share_float_style":"share-normal","show_share_counter":"1","show_view_counter":"1","show_featured":"1","show_post_meta":"1","show_post_author":"0","show_post_author_image":"1","show_post_date":"1","post_date_format":"default","post_date_format_custom":"Y\/m\/d","show_post_category":"0","show_post_reading_time":"0","post_reading_time_wpm":"300","show_zoom_button":"0","zoom_button_out_step":"2","zoom_button_in_step":"3","show_post_tag":"0","show_prev_next_post":"1","show_popup_post":"0","number_popup_post":"3","show_author_box":"0","show_post_related":"0","show_inline_post_related":"0"}],"override_image_size":"0","image_override":[{"single_post_thumbnail_size":"crop-500","single_post_gallery_size":"crop-500"}],"trending_post":"0","trending_post_position":"meta","trending_post_label":"Trending","sponsored_post":"0","sponsored_post_label":"Sponsored by","sponsored_post_name":"","sponsored_post_url":"","sponsored_post_logo_enable":"0","sponsored_post_logo":"","sponsored_post_desc":"","disable_ad":"0"},"jnews_primary_category":{"id":"8","hide":""},"jnews_social_meta":{"fb_title":"","fb_description":"","fb_image":"","twitter_title":"","twitter_description":"","twitter_image":""},"jnews_override_counter":{"override_view_counter":"0","view_counter_number":"0","override_share_counter":"0","share_counter_number":"0","override_like_counter":"0","like_counter_number":"0","override_dislike_counter":"0","dislike_counter_number":"0"},"footnotes":""},"categories":[2,10,8],"tags":[23,29],"class_list":["post-20022","post","type-post","status-publish","format-standard","has-post-thumbnail","hentry","category-haberler","category-kadin-voleybol","category-voleybol","tag-fenerbahce","tag-voleybol"],"amp_enabled":true,"_links":{"self":[{"href":"https:\/\/www.fener.org\/index.php\/wp-json\/wp\/v2\/posts\/20022","targetHints":{"allow":["GET"]}}],"collection":[{"href":"https:\/\/www.fener.org\/index.php\/wp-json\/wp\/v2\/posts"}],"about":[{"href":"https:\/\/www.fener.org\/index.php\/wp-json\/wp\/v2\/types\/post"}],"author":[{"embeddable":true,"href":"https:\/\/www.fener.org\/index.php\/wp-json\/wp\/v2\/users\/1"}],"replies":[{"embeddable":true,"href":"https:\/\/www.fener.org\/index.php\/wp-json\/wp\/v2\/comments?post=20022"}],"version-history":[{"count":1,"href":"https:\/\/www.fener.org\/index.php\/wp-json\/wp\/v2\/posts\/20022\/revisions"}],"predecessor-version":[{"id":20023,"href":"https:\/\/www.fener.org\/index.php\/wp-json\/wp\/v2\/posts\/20022\/revisions\/20023"}],"wp:featuredmedia":[{"embeddable":true,"href":"https:\/\/www.fener.org\/index.php\/wp-json\/wp\/v2\/media\/19982"}],"wp:attachment":[{"href":"https:\/\/www.fener.org\/index.php\/wp-json\/wp\/v2\/media?parent=20022"}],"wp:term":[{"taxonomy":"category","embeddable":true,"href":"https:\/\/www.fener.org\/index.php\/wp-json\/wp\/v2\/categories?post=20022"},{"taxonomy":"post_tag","embeddable":true,"href":"https:\/\/www.fener.org\/index.php\/wp-json\/wp\/v2\/tags?post=20022"}],"curies":[{"name":"wp","href":"https:\/\/api.w.org\/{rel}","templated":true}]}}