{"id":20010,"date":"2023-02-05T19:54:35","date_gmt":"2023-02-05T16:54:35","guid":{"rendered":"https:\/\/www.fener.org\/?p=20010"},"modified":"2023-02-05T19:54:42","modified_gmt":"2023-02-05T16:54:42","slug":"genc-boksorlerimizden-30-madalya","status":"publish","type":"post","link":"https:\/\/www.fener.org\/index.php\/2023\/02\/05\/genc-boksorlerimizden-30-madalya\/","title":{"rendered":"Gen\u00e7 boks\u00f6rlerimizden 30 madalya"},"content":{"rendered":"\n<p>\u0130stanbul&#8217;da d\u00fczenlenen Gen\u00e7 Kad\u0131nlar ve Erkekler Ferdi Boks \u015eampiyonas\u0131&#8217;na Fenerbah\u00e7emiz damga vurdu. Sar\u0131 lacivertli boks\u00f6rler erkeklerde 9 alt\u0131n, 6 g\u00fcm\u00fc\u015f ve 8 bronz madalya al\u0131rken, kad\u0131nlarda ise 5 alt\u0131n ve 2 g\u00fcm\u00fc\u015f madalya elde etti. Boks\u00f6rlerimiz ayn\u0131 zamanda bireysel \u00f6d\u00fcllerin de sahipleri oldu.<\/p>\n\n\n\n<p>Kad\u0131k\u00f6y Cafera\u011fa Spor Salonu\u2019nda yap\u0131lan m\u00fcsabakalar\u0131 Boks \u015eube Sorumlumuz Selahattin Atasever de takip etti.<\/p>\n\n\n\n<p>Erkeklerde Ayta\u00e7 Sepet\u00e7i, Berat Karaaslan, Emirhan Topsakal, Ahmet G\u00fcnd\u00fcz, Enes Kanar, Ege Erten, Muhammet Halil Do\u011fru, Murat Ta\u015f ve Taha Turgut Tarhan \u015fampiyon olurken, kad\u0131nlarda ise Yasemin \u0130\u015ftar, Azra U\u00e7arhaytar, Nazl\u0131 Ayd\u0131n, Esma\u00fcl H\u00fcsna Babat ve Dicle Durdi alt\u0131n madalya kazand\u0131.<\/p>\n\n\n\n<p>Erkeklerde Emre Y\u0131ld\u0131zo\u011flu, Emir Evcil, Yunus Emre Uyar, Furkan Tanyel, Fatih \u00d6ze\u015f ve Yusuf \u0130slam Yakut, kad\u0131nlarda ise Zeren Erol ile Sudenaz Zincirk\u0131ran g\u00fcm\u00fc\u015f madalyan\u0131n sahibi oldu.<br>&nbsp;<br>Erkeklerde Kaan Eren \u00d6kten, Talha Bayrak, Ege Kay, \u0130smet Kum, Furkan Elmas, Ertu\u011frul Ali Altun, Emir Ate\u015f ve Muhammet Enver Altunba\u015f bronz madalya kazand\u0131.<br>&nbsp;<br>Boks\u00f6rlerimizden kad\u0131nlarda 66 kiloda Esma\u00fcl H\u00fcsna Babat ile erkeklerde 54 kiloda Emre Y\u0131ld\u0131zo\u011flu en teknik boks\u00f6r kupas\u0131n\u0131n sahibi oldu. Erkeklerde 63.5 kiloda Ahmet G\u00fcnd\u00fcz de en d\u00f6v\u00fc\u015fken boks\u00f6r kupas\u0131n\u0131 ald\u0131. &nbsp;<br>&nbsp;<br>Antren\u00f6rlerimizden Tuncay Varol ve Ensar Tatar\u2019a da \u015fampiyonaya verdikleri katk\u0131lardan dolay\u0131 kupa ile \u00f6d\u00fcllendirildi.<\/p>\n\n\n\n<p>Boks\u00f6rlerimiz \u015fampiyonada 30 madalya alarak \u00f6nemli bir ba\u015far\u0131ya imza att\u0131.<\/p>\n","protected":false},"excerpt":{"rendered":"<p>\u0130stanbul&#8217;da d\u00fczenlenen Gen\u00e7 Kad\u0131nlar ve Erkekler Ferdi Boks \u015eampiyonas\u0131&#8217;na Fenerbah\u00e7emiz damga vurdu. Sar\u0131 lacivertli boks\u00f6rler erkeklerde 9 alt\u0131n, 6 g\u00fcm\u00fc\u015f ve 8 bronz madalya al\u0131rken, kad\u0131nlarda ise 5 alt\u0131n ve 2 g\u00fcm\u00fc\u015f madalya elde etti. Boks\u00f6rlerimiz ayn\u0131 zamanda bireysel \u00f6d\u00fcllerin de sahipleri oldu. Kad\u0131k\u00f6y Cafera\u011fa Spor Salonu\u2019nda yap\u0131lan m\u00fcsabakalar\u0131 Boks \u015eube Sorumlumuz Selahattin Atasever de [&hellip;]<\/p>\n","protected":false},"author":1,"featured_media":20011,"comment_status":"closed","ping_status":"closed","sticky":false,"template":"","format":"standard","meta":{"jnews-multi-image_gallery":[],"jnews_single_post":{"subtitle":"Fenerbah\u00e7eli gen\u00e7 boks\u00f6rler, \u0130stanbul'da d\u00fczenlenen Gen\u00e7 Kad\u0131nlar ve Erkekler Ferdi Boks \u015eampiyonas\u0131'nda 30 madalya kazand\u0131.","format":"standard","video":"","gallery":"","source_name":"","source_url":"","via_name":"","via_url":"","override_template":"0","override":[{"template":"1","single_blog_custom":"","parallax":"1","fullscreen":"1","layout":"right-sidebar","sidebar":"mysidebar","second_sidebar":"default-sidebar","sticky_sidebar":"1","share_position":"float","share_float_style":"share-normal","show_share_counter":"1","show_view_counter":"1","show_featured":"1","show_post_meta":"1","show_post_author":"0","show_post_author_image":"1","show_post_date":"1","post_date_format":"default","post_date_format_custom":"Y\/m\/d","show_post_category":"0","show_post_reading_time":"0","post_reading_time_wpm":"300","show_zoom_button":"0","zoom_button_out_step":"2","zoom_button_in_step":"3","show_post_tag":"0","show_prev_next_post":"1","show_popup_post":"0","number_popup_post":"3","show_author_box":"0","show_post_related":"0","show_inline_post_related":"0"}],"override_image_size":"0","image_override":[{"single_post_thumbnail_size":"crop-500","single_post_gallery_size":"crop-500"}],"trending_post":"0","trending_post_position":"meta","trending_post_label":"Trending","sponsored_post":"0","sponsored_post_label":"Sponsored by","sponsored_post_name":"","sponsored_post_url":"","sponsored_post_logo_enable":"0","sponsored_post_logo":"","sponsored_post_desc":"","disable_ad":"0"},"jnews_primary_category":{"id":"15","hide":""},"jnews_social_meta":{"fb_title":"","fb_description":"","fb_image":"","twitter_title":"","twitter_description":"","twitter_image":""},"jnews_override_counter":{"override_view_counter":"0","view_counter_number":"0","override_share_counter":"0","share_counter_number":"0","override_like_counter":"0","like_counter_number":"0","override_dislike_counter":"0","dislike_counter_number":"0"},"footnotes":""},"categories":[15,2],"tags":[34,23],"class_list":["post-20010","post","type-post","status-publish","format-standard","has-post-thumbnail","hentry","category-boks","category-haberler","tag-boks","tag-fenerbahce"],"amp_enabled":true,"_links":{"self":[{"href":"https:\/\/www.fener.org\/index.php\/wp-json\/wp\/v2\/posts\/20010","targetHints":{"allow":["GET"]}}],"collection":[{"href":"https:\/\/www.fener.org\/index.php\/wp-json\/wp\/v2\/posts"}],"about":[{"href":"https:\/\/www.fener.org\/index.php\/wp-json\/wp\/v2\/types\/post"}],"author":[{"embeddable":true,"href":"https:\/\/www.fener.org\/index.php\/wp-json\/wp\/v2\/users\/1"}],"replies":[{"embeddable":true,"href":"https:\/\/www.fener.org\/index.php\/wp-json\/wp\/v2\/comments?post=20010"}],"version-history":[{"count":1,"href":"https:\/\/www.fener.org\/index.php\/wp-json\/wp\/v2\/posts\/20010\/revisions"}],"predecessor-version":[{"id":20012,"href":"https:\/\/www.fener.org\/index.php\/wp-json\/wp\/v2\/posts\/20010\/revisions\/20012"}],"wp:featuredmedia":[{"embeddable":true,"href":"https:\/\/www.fener.org\/index.php\/wp-json\/wp\/v2\/media\/20011"}],"wp:attachment":[{"href":"https:\/\/www.fener.org\/index.php\/wp-json\/wp\/v2\/media?parent=20010"}],"wp:term":[{"taxonomy":"category","embeddable":true,"href":"https:\/\/www.fener.org\/index.php\/wp-json\/wp\/v2\/categories?post=20010"},{"taxonomy":"post_tag","embeddable":true,"href":"https:\/\/www.fener.org\/index.php\/wp-json\/wp\/v2\/tags?post=20010"}],"curies":[{"name":"wp","href":"https:\/\/api.w.org\/{rel}","templated":true}]}}