{"id":20007,"date":"2023-02-05T19:49:13","date_gmt":"2023-02-05T16:49:13","guid":{"rendered":"https:\/\/www.fener.org\/?p=20007"},"modified":"2023-02-05T19:49:21","modified_gmt":"2023-02-05T16:49:21","slug":"fenerbahce-konyasporu-konuk-ediyor-4","status":"publish","type":"post","link":"https:\/\/www.fener.org\/index.php\/2023\/02\/05\/fenerbahce-konyasporu-konuk-ediyor-4\/","title":{"rendered":"Fenerbah\u00e7e, Konyaspor\u2019u konuk ediyor"},"content":{"rendered":"\n<p>Fenerbah\u00e7emiz, Spor Toto S\u00fcper Lig\u2019in 23. haftas\u0131nda Arabam.com Konyaspor&#8217;u a\u011f\u0131rl\u0131yor. Yar\u0131n (6 \u015eubat Pazartesi g\u00fcn\u00fc) \u00dclker Stadyumu Fenerbah\u00e7e \u015e\u00fckr\u00fc Saraco\u011flu Spor Kompleksi\u2019nde oynanacak ve saat 20:00&#8217;de ba\u015flayacak kar\u015f\u0131la\u015fmay\u0131 Atilla Karao\u011flan y\u00f6netecek.<\/p>\n\n\n\n<p>21 ma\u00e7ta 45 puan toplayan Futbol Tak\u0131m\u0131m\u0131z haftaya ikinci, 27 puana sahip Arabam.com Konyaspor 8. s\u0131rada girdi.<\/p>\n\n\n\n<p>Konya temsilcisi ile ligde daha \u00f6nce 43 kez kar\u015f\u0131la\u015fan Fenerbah\u00e7emiz, 32 galibiyet, 3 beraberlik, 8 ma\u011flubiyet al\u0131rken; 108 gol at\u0131p, 48 gol yedi.<\/p>\n\n\n\n<p>Rakibini ligde 22. kez konuk edecek Futbol A Tak\u0131m\u0131m\u0131z, i\u00e7 sahada \u00e7\u0131kt\u0131\u011f\u0131 21 kar\u015f\u0131la\u015fmada 18 galibiyet, 1 beraberlik, 2 ma\u011flubiyet ya\u015farken; att\u0131\u011f\u0131 60 gole kar\u015f\u0131n kalesinde 21 gol g\u00f6rd\u00fc.<\/p>\n\n\n\n<p>Ekibimiz, bu sezonun ilk yar\u0131s\u0131nda deplasmanda oynanan ma\u00e7ta Arabam.com Konyaspor&#8217;a 1 &#8211; 0 ma\u011flup oldu.<\/p>\n","protected":false},"excerpt":{"rendered":"<p>Fenerbah\u00e7emiz, Spor Toto S\u00fcper Lig\u2019in 23. haftas\u0131nda Arabam.com Konyaspor&#8217;u a\u011f\u0131rl\u0131yor. Yar\u0131n (6 \u015eubat Pazartesi g\u00fcn\u00fc) \u00dclker Stadyumu Fenerbah\u00e7e \u015e\u00fckr\u00fc Saraco\u011flu Spor Kompleksi\u2019nde oynanacak ve saat 20:00&#8217;de ba\u015flayacak kar\u015f\u0131la\u015fmay\u0131 Atilla Karao\u011flan y\u00f6netecek. 21 ma\u00e7ta 45 puan toplayan Futbol Tak\u0131m\u0131m\u0131z haftaya ikinci, 27 puana sahip Arabam.com Konyaspor 8. s\u0131rada girdi. Konya temsilcisi ile ligde daha \u00f6nce 43 [&hellip;]<\/p>\n","protected":false},"author":1,"featured_media":20008,"comment_status":"closed","ping_status":"closed","sticky":false,"template":"","format":"standard","meta":{"jnews-multi-image_gallery":[],"jnews_single_post":[],"jnews_primary_category":[],"jnews_social_meta":[],"jnews_override_counter":[],"footnotes":""},"categories":[4,2,47],"tags":[23,54],"class_list":["post-20007","post","type-post","status-publish","format-standard","has-post-thumbnail","hentry","category-futbol","category-haberler","category-profesyonel-a-futbol-takimi","tag-fenerbahce","tag-futbol"],"amp_enabled":true,"_links":{"self":[{"href":"https:\/\/www.fener.org\/index.php\/wp-json\/wp\/v2\/posts\/20007","targetHints":{"allow":["GET"]}}],"collection":[{"href":"https:\/\/www.fener.org\/index.php\/wp-json\/wp\/v2\/posts"}],"about":[{"href":"https:\/\/www.fener.org\/index.php\/wp-json\/wp\/v2\/types\/post"}],"author":[{"embeddable":true,"href":"https:\/\/www.fener.org\/index.php\/wp-json\/wp\/v2\/users\/1"}],"replies":[{"embeddable":true,"href":"https:\/\/www.fener.org\/index.php\/wp-json\/wp\/v2\/comments?post=20007"}],"version-history":[{"count":1,"href":"https:\/\/www.fener.org\/index.php\/wp-json\/wp\/v2\/posts\/20007\/revisions"}],"predecessor-version":[{"id":20009,"href":"https:\/\/www.fener.org\/index.php\/wp-json\/wp\/v2\/posts\/20007\/revisions\/20009"}],"wp:featuredmedia":[{"embeddable":true,"href":"https:\/\/www.fener.org\/index.php\/wp-json\/wp\/v2\/media\/20008"}],"wp:attachment":[{"href":"https:\/\/www.fener.org\/index.php\/wp-json\/wp\/v2\/media?parent=20007"}],"wp:term":[{"taxonomy":"category","embeddable":true,"href":"https:\/\/www.fener.org\/index.php\/wp-json\/wp\/v2\/categories?post=20007"},{"taxonomy":"post_tag","embeddable":true,"href":"https:\/\/www.fener.org\/index.php\/wp-json\/wp\/v2\/tags?post=20007"}],"curies":[{"name":"wp","href":"https:\/\/api.w.org\/{rel}","templated":true}]}}