{"id":19973,"date":"2023-02-05T11:24:33","date_gmt":"2023-02-05T08:24:33","guid":{"rendered":"https:\/\/www.fener.org\/?p=19973"},"modified":"2023-02-05T11:24:42","modified_gmt":"2023-02-05T08:24:42","slug":"fenerbahce-petrol-ofisi-atasehir-belediye-spora-konuk-oluyor","status":"publish","type":"post","link":"https:\/\/www.fener.org\/index.php\/2023\/02\/05\/fenerbahce-petrol-ofisi-atasehir-belediye-spora-konuk-oluyor\/","title":{"rendered":"Fenerbah\u00e7e Petrol Ofisi, Ata\u015fehir Belediye Spor\u2019a konuk oluyor"},"content":{"rendered":"\n<p>Fenerbah\u00e7e Petrol Ofisi Kad\u0131n Futbol Tak\u0131m\u0131m\u0131z, Turkcell Kad\u0131n Futbol S\u00fcper Ligi\u2019nin 15. hafta m\u00fccadelesinde bug\u00fcn (5 \u015eubat Pazar g\u00fcn\u00fc) saat 12.00\u2019da Ata\u015fehir Belediye Spor\u2019a konuk olacak. \u0130BB Esatpa\u015fa Stad\u0131\u2019nda oynanacak m\u00fccadele Fenerbah\u00e7e TV\u2019den ekranlara gelecek.<\/p>\n\n\n\n<p>Ligde geride kalan 14 haftada toplad\u0131\u011f\u0131 29 puanla 3. basamakta bulunan Fenerbah\u00e7e Petrol Ofisi Kad\u0131n Futbol Tak\u0131m\u0131m\u0131z\u0131n 9 galibiyeti, 3 ma\u011flubiyeti, 2 de beraberli\u011fi bulunuyor. 4 galibiyeti bulunan Ata\u015fehir Belediye Spor 6. s\u0131rada yer al\u0131yor.<\/p>\n","protected":false},"excerpt":{"rendered":"<p>Fenerbah\u00e7e Petrol Ofisi Kad\u0131n Futbol Tak\u0131m\u0131m\u0131z, Turkcell Kad\u0131n Futbol S\u00fcper Ligi\u2019nin 15. hafta m\u00fccadelesinde bug\u00fcn (5 \u015eubat Pazar g\u00fcn\u00fc) saat 12.00\u2019da Ata\u015fehir Belediye Spor\u2019a konuk olacak. \u0130BB Esatpa\u015fa Stad\u0131\u2019nda oynanacak m\u00fccadele Fenerbah\u00e7e TV\u2019den ekranlara gelecek. Ligde geride kalan 14 haftada toplad\u0131\u011f\u0131 29 puanla 3. basamakta bulunan Fenerbah\u00e7e Petrol Ofisi Kad\u0131n Futbol Tak\u0131m\u0131m\u0131z\u0131n 9 galibiyeti, 3 [&hellip;]<\/p>\n","protected":false},"author":1,"featured_media":19091,"comment_status":"closed","ping_status":"closed","sticky":false,"template":"","format":"standard","meta":{"jnews-multi-image_gallery":[],"jnews_single_post":{"subtitle":"Fenerbah\u00e7e Kad\u0131n Futbol Tak\u0131m\u0131m\u0131z, Kad\u0131n Futbol S\u00fcper Ligi\u2019nin 15. hafta m\u00fccadelesinde deplasmanda Ata\u015fehir Belediye Spor ile m\u00fccadele edecek.","format":"standard","video":"","gallery":"","source_name":"","source_url":"","via_name":"","via_url":"","override_template":"0","override":[{"template":"1","single_blog_custom":"","parallax":"1","fullscreen":"1","layout":"right-sidebar","sidebar":"mysidebar","second_sidebar":"default-sidebar","sticky_sidebar":"1","share_position":"float","share_float_style":"share-normal","show_share_counter":"1","show_view_counter":"1","show_featured":"1","show_post_meta":"1","show_post_author":"0","show_post_author_image":"1","show_post_date":"1","post_date_format":"default","post_date_format_custom":"Y\/m\/d","show_post_category":"0","show_post_reading_time":"0","post_reading_time_wpm":"300","show_zoom_button":"0","zoom_button_out_step":"2","zoom_button_in_step":"3","show_post_tag":"0","show_prev_next_post":"1","show_popup_post":"0","number_popup_post":"3","show_author_box":"0","show_post_related":"0","show_inline_post_related":"0"}],"override_image_size":"0","image_override":[{"single_post_thumbnail_size":"crop-500","single_post_gallery_size":"crop-500"}],"trending_post":"0","trending_post_position":"meta","trending_post_label":"Trending","sponsored_post":"0","sponsored_post_label":"Sponsored by","sponsored_post_name":"","sponsored_post_url":"","sponsored_post_logo_enable":"0","sponsored_post_logo":"","sponsored_post_desc":"","disable_ad":"0"},"jnews_primary_category":{"id":"4","hide":""},"jnews_social_meta":{"fb_title":"","fb_description":"","fb_image":"","twitter_title":"","twitter_description":"","twitter_image":""},"jnews_override_counter":{"override_view_counter":"0","view_counter_number":"0","override_share_counter":"0","share_counter_number":"0","override_like_counter":"0","like_counter_number":"0","override_dislike_counter":"0","dislike_counter_number":"0"},"footnotes":""},"categories":[4,2,191],"tags":[23,192],"class_list":["post-19973","post","type-post","status-publish","format-standard","has-post-thumbnail","hentry","category-futbol","category-haberler","category-kadin-futbol","tag-fenerbahce","tag-kadinfutbol"],"amp_enabled":true,"_links":{"self":[{"href":"https:\/\/www.fener.org\/index.php\/wp-json\/wp\/v2\/posts\/19973","targetHints":{"allow":["GET"]}}],"collection":[{"href":"https:\/\/www.fener.org\/index.php\/wp-json\/wp\/v2\/posts"}],"about":[{"href":"https:\/\/www.fener.org\/index.php\/wp-json\/wp\/v2\/types\/post"}],"author":[{"embeddable":true,"href":"https:\/\/www.fener.org\/index.php\/wp-json\/wp\/v2\/users\/1"}],"replies":[{"embeddable":true,"href":"https:\/\/www.fener.org\/index.php\/wp-json\/wp\/v2\/comments?post=19973"}],"version-history":[{"count":1,"href":"https:\/\/www.fener.org\/index.php\/wp-json\/wp\/v2\/posts\/19973\/revisions"}],"predecessor-version":[{"id":19974,"href":"https:\/\/www.fener.org\/index.php\/wp-json\/wp\/v2\/posts\/19973\/revisions\/19974"}],"wp:featuredmedia":[{"embeddable":true,"href":"https:\/\/www.fener.org\/index.php\/wp-json\/wp\/v2\/media\/19091"}],"wp:attachment":[{"href":"https:\/\/www.fener.org\/index.php\/wp-json\/wp\/v2\/media?parent=19973"}],"wp:term":[{"taxonomy":"category","embeddable":true,"href":"https:\/\/www.fener.org\/index.php\/wp-json\/wp\/v2\/categories?post=19973"},{"taxonomy":"post_tag","embeddable":true,"href":"https:\/\/www.fener.org\/index.php\/wp-json\/wp\/v2\/tags?post=19973"}],"curies":[{"name":"wp","href":"https:\/\/api.w.org\/{rel}","templated":true}]}}