{"id":19948,"date":"2023-02-02T22:55:50","date_gmt":"2023-02-02T19:55:50","guid":{"rendered":"https:\/\/www.fener.org\/?p=19948"},"modified":"2023-02-02T23:22:17","modified_gmt":"2023-02-02T20:22:17","slug":"adana-demirspor-1-1-fenerbahce","status":"publish","type":"post","link":"https:\/\/www.fener.org\/index.php\/2023\/02\/02\/adana-demirspor-1-1-fenerbahce\/","title":{"rendered":"Adana Demirspor 1-1 Fenerbah\u00e7e"},"content":{"rendered":"\n<p>Fenerbah\u00e7emiz, Spor Toto S\u00fcper Lig&#8217;in 22. haftas\u0131nda deplasmanda Adana Demirspor ile kar\u015f\u0131 kar\u015f\u0131ya geldi. Yeni Adana Stad\u0131&#8217;nda oynanan ma\u00e7 1-1 e\u015fitlikle tamamland\u0131. Tak\u0131m\u0131m\u0131z\u0131n gol\u00fcn\u00fc 88. dakikada Valencia kaydederken, ev sahibi tak\u0131m\u0131n gol\u00fcn\u00fc 84. dakikada penalt\u0131dan Ndiaye att\u0131.<\/p>\n\n\n<p><strong>Ma\u00e7tan dakikalar<\/strong><\/p>\n<p>14. dakikada Mert Hakan Yanda\u015f m\u00fcthi\u015f bir vuru\u015fla Adana Demirspor a\u011flar\u0131n\u0131 havaland\u0131rd\u0131. Hakem Ali Palab\u0131y\u0131k, VAR uyar\u0131s\u0131n\u0131n ard\u0131ndan oyuncunun elle oynad\u0131\u011f\u0131 gerek\u00e7esiyle gol\u00fc iptal etti.<\/p>\n<p>23. dakikada kullan\u0131lan k\u00f6\u015fe vuru\u015funda Batshuayi rakibinin m\u00fcdahalesiyle ceza alan\u0131 i\u00e7inde yerde kald\u0131. Hakem \u2018devam\u2019 dedi.<\/p>\n<p>24. dakikada \u0130rfan Can&#8217;\u0131n k\u00f6\u015fe vuru\u015fundan yapt\u0131\u011f\u0131 ortaya iyi y\u00fckselen Arao&#8217;nun kafa vuru\u015funda top az farkla auta gitti.<\/p>\n<p>32. dakikada Akintola&#8217;n\u0131n kafayla indirdi\u011fi topa \u0130rfan Can&#8217;\u0131n ceza sahas\u0131nda elle m\u00fcdahale etti\u011fi itirazlar\u0131 \u00fczerine hakem VAR&#8217;a giderek pozisyonu inceledi ve penalt\u0131 noktas\u0131n\u0131 i\u015faret etti. Belhanda&#8217;n\u0131n kulland\u0131\u011f\u0131 penalt\u0131da me\u015fin yuvarla\u011f\u0131 aya\u011f\u0131yla \u00e7elen kaleci Altay, gole izin vermedi.<\/p>\n<p>34. dakikada Tak\u0131m\u0131m\u0131z, \u0130rfan Can ile gole yakla\u015ft\u0131. Sol \u00e7aprazda topla bulu\u015ftuktan sonra ceza sahas\u0131na giren oyuncunun vuru\u015funda Rodrigues, aya\u011f\u0131yla m\u00fcdahale etti\u011fi topu \u00e7izgiden \u00e7\u0131kard\u0131.<\/p>\n<p>52. dakikada Emre Akbaba&#8217;n\u0131n \u015futunda savunmaya \u00e7arpan top direkten d\u00f6nd\u00fc<\/p>\n<p>78. dakikada Valencia vuru\u015funda \u00e7er\u00e7eveyi bulamad\u0131.<\/p>\n<p>84. dakikada Svensson ile Altay aras\u0131nda ya\u015fanan m\u00fccadelenin ard\u0131ndan hakem penalt\u0131 noktas\u0131n\u0131 g\u00f6sterdi. Penalt\u0131da topun ba\u015f\u0131na gelen Ndiaye, skoru 1-0&#8217;a ta\u015f\u0131d\u0131.<\/p>\n<p>88. dakikada Enner Valencia sahne ald\u0131. Arao&#8217;nun pas\u0131nda savunman\u0131n arkas\u0131na sarkan Valencia, sert bir vuru\u015fla skoru 1-1&#8217;e getirdi.<\/p>\n<p>\u00a090+10 dakikada Zajc ceza alan\u0131 i\u00e7ine girerken rakibinin faul\u00fcyle yerde kald\u0131. Hakem yine \u2018devam\u2019 karar\u0131 verdi.<\/p>","protected":false},"excerpt":{"rendered":"<p>Fenerbah\u00e7emiz, Spor Toto S\u00fcper Lig&#8217;in 22. haftas\u0131nda deplasmanda Adana Demirspor ile kar\u015f\u0131 kar\u015f\u0131ya geldi. Yeni Adana Stad\u0131&#8217;nda oynanan ma\u00e7 1-1 e\u015fitlikle tamamland\u0131. Tak\u0131m\u0131m\u0131z\u0131n gol\u00fcn\u00fc 88. dakikada Valencia kaydederken, ev sahibi tak\u0131m\u0131n gol\u00fcn\u00fc 84. dakikada penalt\u0131dan Ndiaye att\u0131. Ma\u00e7tan dakikalar 14. dakikada Mert Hakan Yanda\u015f m\u00fcthi\u015f bir vuru\u015fla Adana Demirspor a\u011flar\u0131n\u0131 havaland\u0131rd\u0131. Hakem Ali Palab\u0131y\u0131k, VAR [&hellip;]<\/p>\n","protected":false},"author":1,"featured_media":19949,"comment_status":"closed","ping_status":"closed","sticky":false,"template":"","format":"standard","meta":{"jnews-multi-image_gallery":[],"jnews_single_post":{"subtitle":"Fenerbah\u00e7e, S\u00fcper Lig'in 22. haftas\u0131nda deplasmanda kar\u015f\u0131la\u015ft\u0131\u011f\u0131 Adana Demirspor ile 1-1 berabere kald\u0131.","format":"standard","video":"","gallery":"","source_name":"","source_url":"","via_name":"","via_url":"","override_template":"0","override":[{"template":"1","single_blog_custom":"","parallax":"1","fullscreen":"1","layout":"right-sidebar","sidebar":"mysidebar","second_sidebar":"default-sidebar","sticky_sidebar":"1","share_position":"float","share_float_style":"share-normal","show_share_counter":"1","show_view_counter":"1","show_featured":"1","show_post_meta":"1","show_post_author":"0","show_post_author_image":"1","show_post_date":"1","post_date_format":"default","post_date_format_custom":"Y\/m\/d","show_post_category":"0","show_post_reading_time":"0","post_reading_time_wpm":"300","show_zoom_button":"0","zoom_button_out_step":"2","zoom_button_in_step":"3","show_post_tag":"0","show_prev_next_post":"1","show_popup_post":"0","number_popup_post":"3","show_author_box":"0","show_post_related":"0","show_inline_post_related":"0"}],"override_image_size":"0","image_override":[{"single_post_thumbnail_size":"crop-500","single_post_gallery_size":"crop-500"}],"trending_post":"0","trending_post_position":"meta","trending_post_label":"Trending","sponsored_post":"0","sponsored_post_label":"Sponsored by","sponsored_post_name":"","sponsored_post_url":"","sponsored_post_logo_enable":"0","sponsored_post_logo":"","sponsored_post_desc":"","disable_ad":"0"},"jnews_primary_category":{"id":"4","hide":""},"jnews_social_meta":{"fb_title":"","fb_description":"","fb_image":"","twitter_title":"","twitter_description":"","twitter_image":""},"jnews_override_counter":{"override_view_counter":"0","view_counter_number":"0","override_share_counter":"0","share_counter_number":"0","override_like_counter":"0","like_counter_number":"0","override_dislike_counter":"0","dislike_counter_number":"0"},"footnotes":""},"categories":[4,2,47],"tags":[23,54],"class_list":["post-19948","post","type-post","status-publish","format-standard","has-post-thumbnail","hentry","category-futbol","category-haberler","category-profesyonel-a-futbol-takimi","tag-fenerbahce","tag-futbol"],"amp_enabled":true,"_links":{"self":[{"href":"https:\/\/www.fener.org\/index.php\/wp-json\/wp\/v2\/posts\/19948","targetHints":{"allow":["GET"]}}],"collection":[{"href":"https:\/\/www.fener.org\/index.php\/wp-json\/wp\/v2\/posts"}],"about":[{"href":"https:\/\/www.fener.org\/index.php\/wp-json\/wp\/v2\/types\/post"}],"author":[{"embeddable":true,"href":"https:\/\/www.fener.org\/index.php\/wp-json\/wp\/v2\/users\/1"}],"replies":[{"embeddable":true,"href":"https:\/\/www.fener.org\/index.php\/wp-json\/wp\/v2\/comments?post=19948"}],"version-history":[{"count":2,"href":"https:\/\/www.fener.org\/index.php\/wp-json\/wp\/v2\/posts\/19948\/revisions"}],"predecessor-version":[{"id":19957,"href":"https:\/\/www.fener.org\/index.php\/wp-json\/wp\/v2\/posts\/19948\/revisions\/19957"}],"wp:featuredmedia":[{"embeddable":true,"href":"https:\/\/www.fener.org\/index.php\/wp-json\/wp\/v2\/media\/19949"}],"wp:attachment":[{"href":"https:\/\/www.fener.org\/index.php\/wp-json\/wp\/v2\/media?parent=19948"}],"wp:term":[{"taxonomy":"category","embeddable":true,"href":"https:\/\/www.fener.org\/index.php\/wp-json\/wp\/v2\/categories?post=19948"},{"taxonomy":"post_tag","embeddable":true,"href":"https:\/\/www.fener.org\/index.php\/wp-json\/wp\/v2\/tags?post=19948"}],"curies":[{"name":"wp","href":"https:\/\/api.w.org\/{rel}","templated":true}]}}