{"id":19944,"date":"2023-02-02T21:49:35","date_gmt":"2023-02-02T18:49:35","guid":{"rendered":"https:\/\/www.fener.org\/?p=19944"},"modified":"2023-02-02T21:49:40","modified_gmt":"2023-02-02T18:49:40","slug":"fenerbahce-beko-alba-berlini-agirliyor","status":"publish","type":"post","link":"https:\/\/www.fener.org\/index.php\/2023\/02\/02\/fenerbahce-beko-alba-berlini-agirliyor\/","title":{"rendered":"Fenerbah\u00e7e Beko, Alba Berlin&#8217;i a\u011f\u0131rl\u0131yor"},"content":{"rendered":"\n<p>Fenerbah\u00e7e Beko Erkek Basketbol Tak\u0131m\u0131m\u0131z, Turkish Airlines EuroLeague 2022-23 sezonu 23. hafta ma\u00e7\u0131nda Alba Berlin\u2019i konuk ediyor. Yar\u0131n (3 \u015eubat Cuma g\u00fcn\u00fc) saat 20.45\u2019te \u00dclker Spor ve Etkinlik Salonu\u2019nda oynanacak m\u00fccadele S Sport taraf\u0131ndan canl\u0131 yay\u0131nlanacak. Kar\u015f\u0131la\u015fmay\u0131 Sreten Radovic (H\u0131rvatistan), Carlos Peruga (\u0130spanya), Uros Obrknezevic (S\u0131rbistan) hakem \u00fc\u00e7l\u00fcs\u00fc y\u00f6netecek.<\/p>\n\n\n\n<p>Ekibimiz, Turkish Airlines EuroLeague\u2019de \u00e7ift ma\u00e7 haftas\u0131n\u0131n ilk ma\u00e7\u0131nda 31 Ocak Sal\u0131 g\u00fcn\u00fc konuk etti\u011fi Olympiacos\u2019a 73-93 yenilerek 13 galibiyette kald\u0131.<\/p>\n\n\n\n<p>Fenerbah\u00e7e Beko, T\u00fcrkiye Sigorta Basketbol S\u00fcper Ligi\u2019ndeki son ma\u00e7\u0131nda 28 Ocak Cumartesi g\u00fcn\u00fc konuk etti\u011fi Onvo B\u00fcy\u00fck\u00e7ekmece Basketbol\u2019u 82-69 yenerek 17. ma\u00e7\u0131nda 12. galibiyetini ald\u0131.<\/p>\n\n\n\n<p>Fenerbah\u00e7e Beko&#8217;da Nemanja Bjelica, Tonye Jekiri ve Tar\u0131k Biberovic bu kar\u015f\u0131la\u015fmada forma giyemeyecek.<\/p>\n\n\n\n<p>Ko\u00e7 Israel Gonzalez taraf\u0131ndan \u00e7al\u0131\u015ft\u0131r\u0131lan Alba Berlin, EuroLeague\u2019de bu sezon oynad\u0131\u011f\u0131 22 ma\u00e7ta alt\u0131 galibiyet ald\u0131 ve haftaya son s\u0131rada giriyor. Rakibimiz, \u00e7ift ma\u00e7 haftas\u0131n\u0131n ilk kar\u015f\u0131la\u015fmas\u0131nda 1 \u015eubat \u00c7ar\u015famba g\u00fcn\u00fc konuk etti\u011fi Monaco\u2019ya 84-102 ma\u011flup oldu.<\/p>\n\n\n\n<p>Alba Berlin, Bundesliga\u2019da bu sezon oynad\u0131\u011f\u0131 16 ma\u00e7ta 15 galibiyet ald\u0131 ve lider durumda. Rakibimiz son olarak 28 Ocak Cumartesi g\u00fcn\u00fc konuk etti\u011fi Hakro Merlins Crailsheim\u2019i 100-77 ma\u011flup etti.<\/p>\n\n\n\n<p>Fenerbah\u00e7e Beko, rakibiyle bug\u00fcne kadar EuroLeague\u2019de dokuz kez kar\u015f\u0131la\u015ft\u0131. Ekibimiz bu ma\u00e7larda be\u015f galibiyet ald\u0131.<\/p>\n\n\n\n<p>Dimitris Itoudis\u2019in \u00f6\u011frencileri, 2022-23 sezonu ilk yar\u0131s\u0131nda 8 Aral\u0131k tarihinde Almanya\u2019da oynanan m\u00fccadelede rakibini 75-104 ile ge\u00e7ti.<\/p>\n","protected":false},"excerpt":{"rendered":"<p>Fenerbah\u00e7e Beko Erkek Basketbol Tak\u0131m\u0131m\u0131z, Turkish Airlines EuroLeague 2022-23 sezonu 23. hafta ma\u00e7\u0131nda Alba Berlin\u2019i konuk ediyor. Yar\u0131n (3 \u015eubat Cuma g\u00fcn\u00fc) saat 20.45\u2019te \u00dclker Spor ve Etkinlik Salonu\u2019nda oynanacak m\u00fccadele S Sport taraf\u0131ndan canl\u0131 yay\u0131nlanacak. Kar\u015f\u0131la\u015fmay\u0131 Sreten Radovic (H\u0131rvatistan), Carlos Peruga (\u0130spanya), Uros Obrknezevic (S\u0131rbistan) hakem \u00fc\u00e7l\u00fcs\u00fc y\u00f6netecek. Ekibimiz, Turkish Airlines EuroLeague\u2019de \u00e7ift ma\u00e7 [&hellip;]<\/p>\n","protected":false},"author":1,"featured_media":19166,"comment_status":"closed","ping_status":"closed","sticky":false,"template":"","format":"standard","meta":{"jnews-multi-image_gallery":[],"jnews_single_post":[],"jnews_primary_category":[],"jnews_social_meta":[],"jnews_override_counter":[],"footnotes":""},"categories":[5,6,2],"tags":[24,74,23],"class_list":["post-19944","post","type-post","status-publish","format-standard","has-post-thumbnail","hentry","category-basketbol","category-erkek-basketbol","category-haberler","tag-basketbol","tag-euroleague","tag-fenerbahce"],"amp_enabled":true,"_links":{"self":[{"href":"https:\/\/www.fener.org\/index.php\/wp-json\/wp\/v2\/posts\/19944","targetHints":{"allow":["GET"]}}],"collection":[{"href":"https:\/\/www.fener.org\/index.php\/wp-json\/wp\/v2\/posts"}],"about":[{"href":"https:\/\/www.fener.org\/index.php\/wp-json\/wp\/v2\/types\/post"}],"author":[{"embeddable":true,"href":"https:\/\/www.fener.org\/index.php\/wp-json\/wp\/v2\/users\/1"}],"replies":[{"embeddable":true,"href":"https:\/\/www.fener.org\/index.php\/wp-json\/wp\/v2\/comments?post=19944"}],"version-history":[{"count":1,"href":"https:\/\/www.fener.org\/index.php\/wp-json\/wp\/v2\/posts\/19944\/revisions"}],"predecessor-version":[{"id":19945,"href":"https:\/\/www.fener.org\/index.php\/wp-json\/wp\/v2\/posts\/19944\/revisions\/19945"}],"wp:featuredmedia":[{"embeddable":true,"href":"https:\/\/www.fener.org\/index.php\/wp-json\/wp\/v2\/media\/19166"}],"wp:attachment":[{"href":"https:\/\/www.fener.org\/index.php\/wp-json\/wp\/v2\/media?parent=19944"}],"wp:term":[{"taxonomy":"category","embeddable":true,"href":"https:\/\/www.fener.org\/index.php\/wp-json\/wp\/v2\/categories?post=19944"},{"taxonomy":"post_tag","embeddable":true,"href":"https:\/\/www.fener.org\/index.php\/wp-json\/wp\/v2\/tags?post=19944"}],"curies":[{"name":"wp","href":"https:\/\/api.w.org\/{rel}","templated":true}]}}